{"id":11,"date":"2016-05-30T20:25:56","date_gmt":"2016-05-30T19:25:56","guid":{"rendered":"http:\/\/www.test.asurb.com\/?p=11"},"modified":"2016-10-05T15:27:17","modified_gmt":"2016-10-05T13:27:17","slug":"prix-tremplin-jeunes-realisateurs","status":"publish","type":"post","link":"https:\/\/asurb.com\/asurb3\/?p=11","title":{"rendered":"Prix \u00ab\u00a0Tremplin jeunes r\u00e9alisateurs\u00a0\u00bb"},"content":{"rendered":"<p>&nbsp;<\/p>\n<p>&nbsp;<\/p>\n<p><a href=\"https:\/\/i0.wp.com\/asurb.com\/asurb3\/wp-content\/uploads\/2016\/05\/Affichette_Tremplin.jpg?ssl=1\"><img data-recalc-dims=\"1\" loading=\"lazy\" decoding=\"async\" data-attachment-id=\"641\" data-permalink=\"https:\/\/asurb.com\/asurb3\/?attachment_id=641\" data-orig-file=\"https:\/\/i0.wp.com\/asurb.com\/asurb3\/wp-content\/uploads\/2016\/05\/Affichette_Tremplin.jpg?fit=429%2C598&amp;ssl=1\" data-orig-size=\"429,598\" data-comments-opened=\"1\" data-image-meta=\"{&quot;aperture&quot;:&quot;0&quot;,&quot;credit&quot;:&quot;&quot;,&quot;camera&quot;:&quot;&quot;,&quot;caption&quot;:&quot;&quot;,&quot;created_timestamp&quot;:&quot;0&quot;,&quot;copyright&quot;:&quot;&quot;,&quot;focal_length&quot;:&quot;0&quot;,&quot;iso&quot;:&quot;0&quot;,&quot;shutter_speed&quot;:&quot;0&quot;,&quot;title&quot;:&quot;&quot;,&quot;orientation&quot;:&quot;0&quot;}\" data-image-title=\"Affichette_Tremplin\" data-image-description=\"\" data-image-caption=\"\" data-large-file=\"https:\/\/i0.wp.com\/asurb.com\/asurb3\/wp-content\/uploads\/2016\/05\/Affichette_Tremplin.jpg?fit=429%2C598&amp;ssl=1\" class=\"alignnone wp-image-641 size-thumbnail\" src=\"https:\/\/i0.wp.com\/asurb.com\/asurb3\/wp-content\/uploads\/2016\/05\/Affichette_Tremplin.jpg?resize=100%2C139&#038;ssl=1\" alt=\"Affichette_Tremplin\" width=\"100\" height=\"139\" srcset=\"https:\/\/i0.wp.com\/asurb.com\/asurb3\/wp-content\/uploads\/2016\/05\/Affichette_Tremplin.jpg?resize=100%2C139&amp;ssl=1 100w, https:\/\/i0.wp.com\/asurb.com\/asurb3\/wp-content\/uploads\/2016\/05\/Affichette_Tremplin.jpg?resize=215%2C300&amp;ssl=1 215w, https:\/\/i0.wp.com\/asurb.com\/asurb3\/wp-content\/uploads\/2016\/05\/Affichette_Tremplin.jpg?w=429&amp;ssl=1 429w\" sizes=\"auto, (max-width: 100px) 100vw, 100px\" \/><\/a><\/p>\n<p><strong>Les laur\u00e9ats du concours<\/strong><\/p>\n<p>Les deux jurys, uniquement constitu\u00e9s de professionnels du cin\u00e9ma, se sont r\u00e9unis mardi 29 mars 2016 \u00e0 l&rsquo;Espace Municipal Jean Vilar pour visionner les films pr\u00e9-s\u00e9lectionn\u00e9s par l&rsquo;\u00e9quipe d&rsquo;Afrique sur Bi\u00e8vre (6 documentaires et 8 fictions) et choisir le laur\u00e9at de chacune des deux cat\u00e9gories.<!--more--><\/p>\n<p>Le jury des documentaires, constitu\u00e9 de :<\/p>\n<p>\u2022 Michel Amarger, journaliste et critique<br \/>\n\u2022 Maxime Bonin, directeur d&rsquo;Africavivre<br \/>\n\u2022 Marc Gautron, sc\u00e9nariste<br \/>\n\u2022 Nassima Guessoum, r\u00e9alisatrice<br \/>\n\u2022 Dominique Moussard, responsable de salle de cin\u00e9ma (Arcueil)<br \/>\n\u2022 Catherine Ruelle, journaliste et critique<br \/>\n\u2022 Carole Thomas, responsable de salle de cin\u00e9ma (Cachan)<\/p>\n<p>a prim\u00e9 la r\u00e9alisatrice ivoirienne Edwige Pauline Abouadji pour son film \u00a0\u00bbDipri, f\u00eate mystique en pays abidji\u00a0\u00bb.<\/p>\n<p>Le jury des fictions, constitu\u00e9 de :<\/p>\n<p>\u2022 Michel Amarger, journaliste et critique<br \/>\n\u2022 Abdelkrim Bahloul, r\u00e9alisateur<br \/>\n\u2022 Corinne Boop, Ateliers Varan<br \/>\n\u2022 Sylvie Carat, pr\u00e9sidente du Centre Culturel de Cachan<br \/>\n\u2022 Xavier Ganachaud, responsable de salle de cin\u00e9ma (L\u2019Ha\u00ff les Roses)<br \/>\n\u2022 Marc Gautron, sc\u00e9nariste<br \/>\n\u2022 Dominique Moussard, responsable de salle de cin\u00e9ma (Arcueil)<br \/>\n\u2022 Catherine Ruelle, journaliste et critique<br \/>\n\u2022\u00a0Jacky Tavernier, com\u00e9dienne<\/p>\n<p>a prim\u00e9 la r\u00e9alisatrice burkinab\u00e9 Nad\u00e8ge Delwend\u00e9 Nar\u00e9 pour son film \u00a0\u00bbL&rsquo;absence\u00a0\u00bb.<\/p>\n<p>Les laur\u00e9ates seront invit\u00e9es par notre association pour une p\u00e9riode de quinze jours en novembre au moment du prochain festival. Elles pourront ainsi pr\u00e9senter leur film, leur travail et b\u00e9n\u00e9ficier de contacts professionnels en France.<\/p>\n<p>Contact : asurb@laposte.net www.asurb.com<\/p>\n","protected":false},"excerpt":{"rendered":"<p>&nbsp; &nbsp; Les laur\u00e9ats du concours Les deux jurys, uniquement constitu\u00e9s de professionnels du cin\u00e9ma, se sont r\u00e9unis mardi 29 mars 2016 \u00e0 l&rsquo;Espace Municipal Jean Vilar pour visionner les [&hellip;]<\/p>\n","protected":false},"author":1,"featured_media":0,"comment_status":"open","ping_status":"open","sticky":false,"template":"","format":"standard","meta":{"_jetpack_memberships_contains_paid_content":false,"footnotes":"","jetpack_publicize_message":"","jetpack_publicize_feature_enabled":true,"jetpack_social_post_already_shared":false,"jetpack_social_options":{"image_generator_settings":{"template":"highway","default_image_id":0,"font":"","enabled":false},"version":2}},"categories":[9],"tags":[],"class_list":["post-11","post","type-post","status-publish","format-standard","hentry","category-festival"],"jetpack_publicize_connections":[],"jetpack_featured_media_url":"","jetpack_sharing_enabled":true,"jetpack_shortlink":"https:\/\/wp.me\/p7C6tF-b","jetpack-related-posts":[{"id":3600,"url":"https:\/\/asurb.com\/asurb3\/?p=3600","url_meta":{"origin":11,"position":0},"title":"Retrouvez en images, les temps forts du festival 2022","author":"webmaster","date":"6 janvier 2023","format":false,"excerpt":"\u00a0 \u25ca Vendredi 25 novembre - 18h30 - S\u00e9ance d\u2019ouverture - Cin\u00e9ma Le s\u00e9lect \u00e0 Antony \u00a0Projection, en avant-premi\u00e8re, du film Le Bleu du caftan de Maryam Touzani - Maroc - 2022 - fiction Un public tr\u00e8s nombreux a assist\u00e9 et particip\u00e9 aux d\u00e9bats assur\u00e9s par Catherine Ruelle (journaliste politique\u2026","rel":"","context":"Dans &quot;Festival&quot;","block_context":{"text":"Festival","link":"https:\/\/asurb.com\/asurb3\/?cat=9"},"img":{"alt_text":"","src":"https:\/\/i0.wp.com\/asurb.com\/asurb3\/wp-content\/uploads\/2023\/01\/20221125_184335-300x169.jpg?resize=350%2C200&ssl=1","width":350,"height":200},"classes":[]},{"id":4166,"url":"https:\/\/asurb.com\/asurb3\/?p=4166","url_meta":{"origin":11,"position":1},"title":"D\u00e9couvrez le programme de la 17\u00e8me \u00e9dition du festival Cin\u00e9 Regards Africains","author":"webmaster","date":"29 septembre 2024","format":false,"excerpt":"Du vendredi 22 novembre au dimanche 1er d\u00e9cembre Chaque projection sera suivie d\u2019un d\u00e9bat anim\u00e9 par un sp\u00e9cialiste des cin\u00e9mas africains et\/ou du r\u00e9alisateur ou d\u2019un membre de l\u2019\u00e9quipe de tournage. Les spectateurs seront, cette ann\u00e9e encore, invit\u00e9s \u00e0 voter pour d\u00e9cerner\u00a0 \u00ab Le\u00a0 Prix du public\u00bb \u00e0 un court\u2026","rel":"","context":"Dans &quot;Festival&quot;","block_context":{"text":"Festival","link":"https:\/\/asurb.com\/asurb3\/?cat=9"},"img":{"alt_text":"","src":"https:\/\/i0.wp.com\/asurb.com\/asurb3\/wp-content\/uploads\/2024\/06\/Affiche-2024-B1-215x300.jpg?resize=350%2C200&ssl=1","width":350,"height":200},"classes":[]},{"id":1124,"url":"https:\/\/asurb.com\/asurb3\/?p=1124","url_meta":{"origin":11,"position":2},"title":"CRA 2016 au jour le jour : Samedi 19 novembre, une journ\u00e9e particuli\u00e8rement remplie.","author":"webmaster","date":"24 novembre 2016","format":false,"excerpt":"Biblioth\u00e8que centrale de Cachan, 15h La conf\u00e9rence de Jean-Claude Rullier, ancien responsable du P\u00f4le Education \u00e0 l\u2019Image de la R\u00e9gion Poitou Charentes , a rappel\u00e9 des aspects de l\u2019histoire des cin\u00e9mas d\u2019Afrique de l\u2019Ouest des ind\u00e9pendances \u00e0 nos jours. Avec la projection d\u2019extraits de films, le conf\u00e9rencier s\u2019est attach\u00e9 \u00e0\u2026","rel":"","context":"Dans &quot;Autour du festival&quot;","block_context":{"text":"Autour du festival","link":"https:\/\/asurb.com\/asurb3\/?cat=12"},"img":{"alt_text":"arcueil2011-024","src":"https:\/\/i0.wp.com\/asurb.com\/asurb3\/wp-content\/uploads\/2016\/11\/Arcueil2011-024-100x56.jpg?resize=350%2C200&ssl=1","width":350,"height":200},"classes":[]},{"id":4702,"url":"https:\/\/asurb.com\/asurb3\/?p=4702","url_meta":{"origin":11,"position":3},"title":"Programme du festival : Cin\u00e9 regards Africains 2025","author":"webmaster","date":"14 novembre 2025","format":false,"excerpt":"Programme du festival 2025 L\u2019\u00e9quipe b\u00e9n\u00e9vole de l\u2019association Afrique sur Bi\u00e8vre\u00a0 a pr\u00e9par\u00e9 pour vous la 18\u00e8me \u00e9dition du festival Cin\u00e9 Regards Africains. Le festival se d\u00e9roulera dans les salles de cin\u00e9ma partenaires du 21 novembre au 30 novembre 2025. Retenez bien ces dates pour voir notre s\u00e9lection de films\u2026","rel":"","context":"Dans &quot;Festival&quot;","block_context":{"text":"Festival","link":"https:\/\/asurb.com\/asurb3\/?cat=9"},"img":{"alt_text":"","src":"https:\/\/i0.wp.com\/asurb.com\/asurb3\/wp-content\/uploads\/2025\/10\/Affiche-2025-215x300.jpg?resize=350%2C200&ssl=1","width":350,"height":200},"classes":[]},{"id":3091,"url":"https:\/\/asurb.com\/asurb3\/?p=3091","url_meta":{"origin":11,"position":4},"title":"Jury du prix des longs m\u00e9trages","author":"webmaster","date":"27 novembre 2021","format":false,"excerpt":"Pour la premi\u00e8re fois, un prix sera remis au meilleur long m\u00e9trage projet\u00e9 pendant le festival. Le jury est compos\u00e9 de 7 membres : 4 professionnels du cin\u00e9ma dont la pr\u00e9sidente et 3 exploitants de salle. Professionnels du cin\u00e9ma : Jacques Boumendil (sp\u00e9cialiste image) Nassima Guessoum (r\u00e9alisatrice), pr\u00e9sidente du jury\u2026","rel":"","context":"Dans &quot;Festival&quot;","block_context":{"text":"Festival","link":"https:\/\/asurb.com\/asurb3\/?cat=9"},"img":{"alt_text":"","src":"https:\/\/i0.wp.com\/asurb.com\/asurb3\/wp-content\/uploads\/2021\/10\/Lauriers-jury-LM-2021-300x216.jpg?resize=350%2C200","width":350,"height":200},"classes":[]},{"id":3347,"url":"https:\/\/asurb.com\/asurb3\/?p=3347","url_meta":{"origin":11,"position":5},"title":"Programme du festival  \u00ab\u00a0Cin\u00e9 Regards Africains\u00a0\u00bb 2022","author":"webmaster","date":"14 octobre 2022","format":false,"excerpt":"Le prochain festival \"Cin\u00e9 Regards Africains\" aura lieu du vendredi 25 novembre au dimanche 4 d\u00e9cembre 2022 Bande annonce du festival 2022 Chaque projection sera suivie d\u2019un d\u00e9bat anim\u00e9 par un sp\u00e9cialiste des cin\u00e9mas africains et\/ou du r\u00e9alisateur ou d\u2019un membre de l\u2019\u00e9quipe de tournage. Les spectateurs seront de nouveau\u2026","rel":"","context":"Dans &quot;Festival&quot;","block_context":{"text":"Festival","link":"https:\/\/asurb.com\/asurb3\/?cat=9"},"img":{"alt_text":"","src":"https:\/\/i0.wp.com\/asurb.com\/asurb3\/wp-content\/uploads\/2022\/08\/Affiche1-A4-2022-212x300.jpg?resize=350%2C200&ssl=1","width":350,"height":200},"classes":[]}],"_links":{"self":[{"href":"https:\/\/asurb.com\/asurb3\/index.php?rest_route=\/wp\/v2\/posts\/11","targetHints":{"allow":["GET"]}}],"collection":[{"href":"https:\/\/asurb.com\/asurb3\/index.php?rest_route=\/wp\/v2\/posts"}],"about":[{"href":"https:\/\/asurb.com\/asurb3\/index.php?rest_route=\/wp\/v2\/types\/post"}],"author":[{"embeddable":true,"href":"https:\/\/asurb.com\/asurb3\/index.php?rest_route=\/wp\/v2\/users\/1"}],"replies":[{"embeddable":true,"href":"https:\/\/asurb.com\/asurb3\/index.php?rest_route=%2Fwp%2Fv2%2Fcomments&post=11"}],"version-history":[{"count":14,"href":"https:\/\/asurb.com\/asurb3\/index.php?rest_route=\/wp\/v2\/posts\/11\/revisions"}],"predecessor-version":[{"id":955,"href":"https:\/\/asurb.com\/asurb3\/index.php?rest_route=\/wp\/v2\/posts\/11\/revisions\/955"}],"wp:attachment":[{"href":"https:\/\/asurb.com\/asurb3\/index.php?rest_route=%2Fwp%2Fv2%2Fmedia&parent=11"}],"wp:term":[{"taxonomy":"category","embeddable":true,"href":"https:\/\/asurb.com\/asurb3\/index.php?rest_route=%2Fwp%2Fv2%2Fcategories&post=11"},{"taxonomy":"post_tag","embeddable":true,"href":"https:\/\/asurb.com\/asurb3\/index.php?rest_route=%2Fwp%2Fv2%2Ftags&post=11"}],"curies":[{"name":"wp","href":"https:\/\/api.w.org\/{rel}","templated":true}]}}