{"id":1127,"date":"2016-11-24T19:36:06","date_gmt":"2016-11-24T18:36:06","guid":{"rendered":"http:\/\/www.asurb.com\/asurb3\/?p=1127"},"modified":"2016-11-24T19:36:53","modified_gmt":"2016-11-24T18:36:53","slug":"cra-2016-au-jour-le-jour-dimanche-20-novembre-espace-jean-vilar","status":"publish","type":"post","link":"https:\/\/asurb.com\/asurb3\/?p=1127","title":{"rendered":"CRA 2016 au jour le jour : Dimanche 20 novembre, Espace Jean Vilar"},"content":{"rendered":"<p style=\"text-align: justify;\"><strong>\u00ab\u00a0L\u2019\u0153il du cyclone\u00a0\u00bb,<\/strong> du Burkinab\u00e9 <strong>Sekou Traor\u00e9,<\/strong> introduit imm\u00e9diatement les spectateurs dans une atmosph\u00e8re de profonde tension, g\u00e9n\u00e9r\u00e9e par les bruits de bottes d\u2019abord, puis par la duret\u00e9 de l\u2019affrontement \u00e0 huis clos d\u2019un ancien \u00a0 enfant-soldat, bloc de violence et de d\u00e9sespoir cynique, et une avocate id\u00e9aliste. Le sc\u00e9nario, tir\u00e9 d\u2019une pi\u00e8ce de th\u00e9\u00e2tre, en a gard\u00e9 la dramaturgie serr\u00e9e et m\u00e9nage habilement l\u2019attente angoiss\u00e9e du spectateur. <strong>Catherine Ruelle<\/strong> explicite l\u2019arri\u00e8re plan \u00e9conomico-politique de l\u2019action situ\u00e9e dans un pays d\u2019Afrique non d\u00e9fini en proie \u00e0 la guerre civile et qui peut s\u2019appliquer \u00e0 plusieurs territoires du continent.<\/p>\n<p style=\"text-align: justify;\">Une intrigue port\u00e9e par des acteurs remarquables et qui ne laisse pas le public indiff\u00e9rent.<\/p>\n<p>&nbsp;<\/p>\n","protected":false},"excerpt":{"rendered":"<p>\u00ab\u00a0L\u2019\u0153il du cyclone\u00a0\u00bb, du Burkinab\u00e9 Sekou Traor\u00e9, introduit imm\u00e9diatement les spectateurs dans une atmosph\u00e8re de profonde tension, g\u00e9n\u00e9r\u00e9e par les bruits de bottes d\u2019abord, puis par la duret\u00e9 de l\u2019affrontement [&hellip;]<\/p>\n","protected":false},"author":1,"featured_media":0,"comment_status":"open","ping_status":"open","sticky":false,"template":"","format":"standard","meta":{"_jetpack_memberships_contains_paid_content":false,"footnotes":"","jetpack_publicize_message":"","jetpack_publicize_feature_enabled":true,"jetpack_social_post_already_shared":true,"jetpack_social_options":{"image_generator_settings":{"template":"highway","default_image_id":0,"font":"","enabled":false},"version":2}},"categories":[9],"tags":[],"class_list":["post-1127","post","type-post","status-publish","format-standard","hentry","category-festival"],"jetpack_publicize_connections":[],"jetpack_featured_media_url":"","jetpack_sharing_enabled":true,"jetpack_shortlink":"https:\/\/wp.me\/p7C6tF-ib","jetpack-related-posts":[{"id":2259,"url":"https:\/\/asurb.com\/asurb3\/?p=2259","url_meta":{"origin":1127,"position":0},"title":"Cin\u00e9 Regards Africain 2018 &#8230; au jour le jour","author":"webmaster","date":"30 novembre 2018","format":false,"excerpt":"Le festival au jour le jour \u00a0 Vendredi 23 novembre - Cin\u00e9ma La Pl\u00e9iade \u00e0 Cachan G\u00e9rard Najman, nouveau pr\u00e9sident d'Afrique sur Bi\u00e8vre pr\u00e9sente la programmation du festival 2018 et insiste sur sa diversit\u00e9. Le festival commence par un hommage \u00e0 notre coll\u00e8gue et ami Alain-G\u00e9rald\u00a0 Lombion disparu brutalement en\u2026","rel":"","context":"Dans &quot;Festival&quot;","block_context":{"text":"Festival","link":"https:\/\/asurb.com\/asurb3\/?cat=9"},"img":{"alt_text":"","src":"https:\/\/i0.wp.com\/asurb.com\/asurb3\/wp-content\/uploads\/2018\/11\/Affiche-A3-2018_3-2-212x300.jpg?resize=350%2C200","width":350,"height":200},"classes":[]},{"id":1120,"url":"https:\/\/asurb.com\/asurb3\/?p=1120","url_meta":{"origin":1127,"position":1},"title":"CRA 2016 au jour le jour : Mardi 15 novembre. Auditorium du conservatoire de Gentilly","author":"webmaster","date":"24 novembre 2016","format":false,"excerpt":"Cette s\u00e9ance, en marge du festival, \u00e9tait organis\u00e9e en direction des antennes de quartier de Gentilly, en partenariat avec la mairie. On comptait aussi dans l\u2019assistance Mr Jean-Luc Laurent, d\u00e9put\u00e9 du Val de Marne, des repr\u00e9sentants de l\u2019AMSCID (association malienne partenaire de la ville) et des jeunes maliens d\u2019un foyer\u2026","rel":"","context":"Dans &quot;Autour du festival&quot;","block_context":{"text":"Autour du festival","link":"https:\/\/asurb.com\/asurb3\/?cat=12"},"img":{"alt_text":"","src":"","width":0,"height":0},"classes":[]},{"id":1124,"url":"https:\/\/asurb.com\/asurb3\/?p=1124","url_meta":{"origin":1127,"position":2},"title":"CRA 2016 au jour le jour : Samedi 19 novembre, une journ\u00e9e particuli\u00e8rement remplie.","author":"webmaster","date":"24 novembre 2016","format":false,"excerpt":"Biblioth\u00e8que centrale de Cachan, 15h La conf\u00e9rence de Jean-Claude Rullier, ancien responsable du P\u00f4le Education \u00e0 l\u2019Image de la R\u00e9gion Poitou Charentes , a rappel\u00e9 des aspects de l\u2019histoire des cin\u00e9mas d\u2019Afrique de l\u2019Ouest des ind\u00e9pendances \u00e0 nos jours. Avec la projection d\u2019extraits de films, le conf\u00e9rencier s\u2019est attach\u00e9 \u00e0\u2026","rel":"","context":"Dans &quot;Autour du festival&quot;","block_context":{"text":"Autour du festival","link":"https:\/\/asurb.com\/asurb3\/?cat=12"},"img":{"alt_text":"arcueil2011-024","src":"https:\/\/i0.wp.com\/asurb.com\/asurb3\/wp-content\/uploads\/2016\/11\/Arcueil2011-024-100x56.jpg?resize=350%2C200&ssl=1","width":350,"height":200},"classes":[]},{"id":1122,"url":"https:\/\/asurb.com\/asurb3\/?p=1122","url_meta":{"origin":1127,"position":3},"title":"CRA 2016 au jour le jour : Vendredi 18 novembre, MJC Louise Michel, Fresnes","author":"webmaster","date":"24 novembre 2016","format":false,"excerpt":"Pour la s\u00e9ance d\u2019ouverture du festival, consacr\u00e9e \u00e0 l\u2019Ethiopie, les spectateurs ont tout de suite \u00e9t\u00e9 plong\u00e9s dans l\u2019ambiance de ce pays\u00a0: un repas pr\u00e9par\u00e9 par une association \u00e9thiopienne \u00e9tait propos\u00e9 \u00e0 la caf\u00e9t\u00e9ria et accompagn\u00e9 par une d\u00e9monstration en costumes de danses de l\u00e0-bas. Le film \u00ab\u00a0Difret\u00a0\u00bb, qui retrace\u2026","rel":"","context":"Dans &quot;Festival&quot;","block_context":{"text":"Festival","link":"https:\/\/asurb.com\/asurb3\/?cat=9"},"img":{"alt_text":"","src":"","width":0,"height":0},"classes":[]},{"id":1131,"url":"https:\/\/asurb.com\/asurb3\/?p=1131","url_meta":{"origin":1127,"position":4},"title":"CRA 2016 au jour le jour : Mardi 22 novembre, Cin\u00e9ma la Tournelle, L\u2019Ha\u00ff les Roses","author":"webmaster","date":"24 novembre 2016","format":false,"excerpt":"\u00ab\u00a0Un homme qui crie\u00a0\u00bb de Mahamat Saleh Haroun, peut \u00eatre d\u2019ores et d\u00e9j\u00e0 consid\u00e9r\u00e9 comme un classique du cin\u00e9ma.La ma\u00eetrise dont fait preuve le cin\u00e9aste dans le rythme, tout de lenteur, imprim\u00e9 \u00e0 l\u2019action et au cheminement int\u00e9rieur des personnages, son usage de l\u2019ellipse, sa science des gros plans ,\u2026","rel":"","context":"Dans &quot;Festival&quot;","block_context":{"text":"Festival","link":"https:\/\/asurb.com\/asurb3\/?cat=9"},"img":{"alt_text":"","src":"","width":0,"height":0},"classes":[]},{"id":3347,"url":"https:\/\/asurb.com\/asurb3\/?p=3347","url_meta":{"origin":1127,"position":5},"title":"Programme du festival  \u00ab\u00a0Cin\u00e9 Regards Africains\u00a0\u00bb 2022","author":"webmaster","date":"14 octobre 2022","format":false,"excerpt":"Le prochain festival \"Cin\u00e9 Regards Africains\" aura lieu du vendredi 25 novembre au dimanche 4 d\u00e9cembre 2022 Bande annonce du festival 2022 Chaque projection sera suivie d\u2019un d\u00e9bat anim\u00e9 par un sp\u00e9cialiste des cin\u00e9mas africains et\/ou du r\u00e9alisateur ou d\u2019un membre de l\u2019\u00e9quipe de tournage. Les spectateurs seront de nouveau\u2026","rel":"","context":"Dans &quot;Festival&quot;","block_context":{"text":"Festival","link":"https:\/\/asurb.com\/asurb3\/?cat=9"},"img":{"alt_text":"","src":"https:\/\/i0.wp.com\/asurb.com\/asurb3\/wp-content\/uploads\/2022\/08\/Affiche1-A4-2022-212x300.jpg?resize=350%2C200&ssl=1","width":350,"height":200},"classes":[]}],"_links":{"self":[{"href":"https:\/\/asurb.com\/asurb3\/index.php?rest_route=\/wp\/v2\/posts\/1127","targetHints":{"allow":["GET"]}}],"collection":[{"href":"https:\/\/asurb.com\/asurb3\/index.php?rest_route=\/wp\/v2\/posts"}],"about":[{"href":"https:\/\/asurb.com\/asurb3\/index.php?rest_route=\/wp\/v2\/types\/post"}],"author":[{"embeddable":true,"href":"https:\/\/asurb.com\/asurb3\/index.php?rest_route=\/wp\/v2\/users\/1"}],"replies":[{"embeddable":true,"href":"https:\/\/asurb.com\/asurb3\/index.php?rest_route=%2Fwp%2Fv2%2Fcomments&post=1127"}],"version-history":[{"count":4,"href":"https:\/\/asurb.com\/asurb3\/index.php?rest_route=\/wp\/v2\/posts\/1127\/revisions"}],"predecessor-version":[{"id":1149,"href":"https:\/\/asurb.com\/asurb3\/index.php?rest_route=\/wp\/v2\/posts\/1127\/revisions\/1149"}],"wp:attachment":[{"href":"https:\/\/asurb.com\/asurb3\/index.php?rest_route=%2Fwp%2Fv2%2Fmedia&parent=1127"}],"wp:term":[{"taxonomy":"category","embeddable":true,"href":"https:\/\/asurb.com\/asurb3\/index.php?rest_route=%2Fwp%2Fv2%2Fcategories&post=1127"},{"taxonomy":"post_tag","embeddable":true,"href":"https:\/\/asurb.com\/asurb3\/index.php?rest_route=%2Fwp%2Fv2%2Ftags&post=1127"}],"curies":[{"name":"wp","href":"https:\/\/api.w.org\/{rel}","templated":true}]}}