{"id":1153,"date":"2016-11-25T14:58:24","date_gmt":"2016-11-25T13:58:24","guid":{"rendered":"http:\/\/www.asurb.com\/asurb3\/?p=1153"},"modified":"2016-11-25T16:25:23","modified_gmt":"2016-11-25T15:25:23","slug":"cra-2016-au-jour-le-jour-jeudi-24-novembre-la-tournelle-lhay-les-roses","status":"publish","type":"post","link":"https:\/\/asurb.com\/asurb3\/?p=1153","title":{"rendered":"CRA 2016 au jour le jour : jeudi 24 novembre, La Tournelle, L&rsquo;Ha\u00ff les Roses"},"content":{"rendered":"<p style=\"text-align: justify;\">\u00ab\u00a0<strong>Dans ma t\u00eate un rond-point<\/strong>\u00ab\u00a0, ce titre \u00e9nigmatique du documentaire de l&rsquo;Alg\u00e9rien <strong>Hassen Ferhani<\/strong>, est tout \u00e0 fait\u00a0repr\u00e9sentatif de l&rsquo;originalit\u00e9 du film. Si le cadre des abattoirs d&rsquo;Alger renvoie bien \u00e0 des activit\u00e9s professionnelles r\u00e9alistes, c&rsquo;est davantage \u00e0 ce que disent, ce que pensent, ce que ressentent les personnages, avec leurs r\u00eaves et leurs frustrations, leur courage et leur humour, que le r\u00e9alisateur s&rsquo;est int\u00e9ress\u00e9. Gr\u00e2ce aux longs moments qu&rsquo;il a pass\u00e9s avec eux, il a su capter leur confiance et recueillir des\u00a0t\u00e9moignages authentiques. Le film, lent, a d\u00e9concert\u00e9 certains spectateurs \u00a0tandis que d&rsquo;autres ont \u00e9t\u00e9 sensibles \u00e0 ce type d&rsquo;\u00e9criture cin\u00e9matographique et \u00e0 ce qu&rsquo;il r\u00e9v\u00e8le\u00a0sur l&rsquo;Alg\u00e9rie d&rsquo;aujourd&rsquo;hui.<br \/>\n<strong>Mouloud Mimoun<\/strong> a \u00a0su situer Hassen Ferhani dans une nouvelle g\u00e9n\u00e9ration de cin\u00e9astes, qui s&rsquo;illustrent surtout dans le genre du documentaire, et anim\u00e9 les \u00e9changes avec la salle. Les discussions se sont poursuivies autour du verre de l&rsquo;amiti\u00e9 offert par le cin\u00e9ma et Afrique sur Bi\u00e8vre.<\/p>\n","protected":false},"excerpt":{"rendered":"<p>\u00ab\u00a0Dans ma t\u00eate un rond-point\u00ab\u00a0, ce titre \u00e9nigmatique du documentaire de l&rsquo;Alg\u00e9rien Hassen Ferhani, est tout \u00e0 fait\u00a0repr\u00e9sentatif de l&rsquo;originalit\u00e9 du film. Si le cadre des abattoirs d&rsquo;Alger renvoie bien [&hellip;]<\/p>\n","protected":false},"author":1,"featured_media":0,"comment_status":"open","ping_status":"open","sticky":false,"template":"","format":"standard","meta":{"_jetpack_memberships_contains_paid_content":false,"footnotes":"","jetpack_publicize_message":"","jetpack_publicize_feature_enabled":true,"jetpack_social_post_already_shared":true,"jetpack_social_options":{"image_generator_settings":{"template":"highway","default_image_id":0,"font":"","enabled":false},"version":2}},"categories":[9],"tags":[],"class_list":["post-1153","post","type-post","status-publish","format-standard","hentry","category-festival"],"jetpack_publicize_connections":[],"jetpack_featured_media_url":"","jetpack_sharing_enabled":true,"jetpack_shortlink":"https:\/\/wp.me\/p7C6tF-iB","jetpack-related-posts":[{"id":2932,"url":"https:\/\/asurb.com\/asurb3\/?p=2932","url_meta":{"origin":1153,"position":0},"title":"\u00ab 143 rue du d\u00e9sert \u00bb du r\u00e9alisateur alg\u00e9rien Hassen Ferhani","author":"webmaster","date":"2 juin 2021","format":false,"excerpt":"L\u2019\u00e9quipe d\u2019Afrique sur Bi\u00e8vre est heureuse de reprendre contact avec vous et de vous annoncer que la 14\u00e8me \u00e9dition du festival \u00ab\u00a0Cin\u00e9 Regards Africains\u00a0\u00bb se tiendra du vendredi 26 novembre au dimanche 5 d\u00e9cembre 2021. Nous travaillons \u00e0 l\u2019\u00e9laboration du programme qui sera consultable sur notre site Web d\u00e9but septembre.\u2026","rel":"","context":"Dans &quot;Hors festival&quot;","block_context":{"text":"Hors festival","link":"https:\/\/asurb.com\/asurb3\/?cat=10"},"img":{"alt_text":"","src":"","width":0,"height":0},"classes":[]},{"id":1120,"url":"https:\/\/asurb.com\/asurb3\/?p=1120","url_meta":{"origin":1153,"position":1},"title":"CRA 2016 au jour le jour : Mardi 15 novembre. Auditorium du conservatoire de Gentilly","author":"webmaster","date":"24 novembre 2016","format":false,"excerpt":"Cette s\u00e9ance, en marge du festival, \u00e9tait organis\u00e9e en direction des antennes de quartier de Gentilly, en partenariat avec la mairie. On comptait aussi dans l\u2019assistance Mr Jean-Luc Laurent, d\u00e9put\u00e9 du Val de Marne, des repr\u00e9sentants de l\u2019AMSCID (association malienne partenaire de la ville) et des jeunes maliens d\u2019un foyer\u2026","rel":"","context":"Dans &quot;Autour du festival&quot;","block_context":{"text":"Autour du festival","link":"https:\/\/asurb.com\/asurb3\/?cat=12"},"img":{"alt_text":"","src":"","width":0,"height":0},"classes":[]},{"id":1986,"url":"https:\/\/asurb.com\/asurb3\/?p=1986","url_meta":{"origin":1153,"position":2},"title":"CRA 2017 au jour le jour","author":"webmaster","date":"11 d\u00e9cembre 2017","format":false,"excerpt":"Samedi 2 et dimanche 3 d\u00e9cembre \u2013 Espace municipal Jean Vilar \u2013 Arcueil Focus Dieudo Hamadi , documentariste congolais Michel Amarger a assur\u00e9 la pr\u00e9sentation des films du week-end et anim\u00e9 les d\u00e9bats qui ont suivi. Samedi 18h\u00a0: Atalaku Ce documentaire nous plonge en pleine campagne \u00e9lectorale dans la R\u00e9publique\u2026","rel":"","context":"Dans &quot;Festival&quot;","block_context":{"text":"Festival","link":"https:\/\/asurb.com\/asurb3\/?cat=9"},"img":{"alt_text":"","src":"","width":0,"height":0},"classes":[]},{"id":1628,"url":"https:\/\/asurb.com\/asurb3\/?p=1628","url_meta":{"origin":1153,"position":3},"title":"Festival Etonnants Voyageurs \u00e0 St Malo 3-5 juin 2017","author":"webmaster","date":"7 juin 2017","format":false,"excerpt":"L\u2019\u00e9quipe d\u2019Asurb continue de faire le tour des festivals. Au festival \"\u00c9tonnants Voyageurs\" \u00e0 St Malo les 3\/4\/5 juin 2017 nous\u00a0 avons vu\u00a0: Enqu\u00eate au paradis de Merzak ALLOUACHE (Baya films\/ les Asphofilms\/2016\/135mn) A travers ce document-fiction, il r\u00e9alise une autopsie de la soci\u00e9t\u00e9 alg\u00e9rienne. Apr\u00e8s avoir vu sur YouTube\u2026","rel":"","context":"Dans &quot;Hors festival&quot;","block_context":{"text":"Hors festival","link":"https:\/\/asurb.com\/asurb3\/?cat=10"},"img":{"alt_text":"","src":"https:\/\/i0.wp.com\/asurb.com\/asurb3\/wp-content\/uploads\/2017\/06\/affiche-en-vente-portrait-03e59-100x142.png?resize=350%2C200","width":350,"height":200},"classes":[]},{"id":2777,"url":"https:\/\/asurb.com\/asurb3\/?p=2777","url_meta":{"origin":1153,"position":4},"title":"CRA 2019 &#8211; Le festival au jour le jour","author":"webmaster","date":"6 d\u00e9cembre 2019","format":false,"excerpt":"Cin\u00e9ma La Pl\u00e9iade \u00e0 Cachan Vendredi 22 novembre - 20h30 - S\u00e9ance d\u2019ouverture Sega d\u2019Idil Ibrahim, S\u00e9n\u00e9gal \u2013 24 min Mabata Bata de Sol de Carvalho - Mozambique \u2013 74 min G\u00e9rard Najman, pr\u00e9sident d\u2019Afrique sur Bi\u00e8vre, d\u00e9clare ouverte la 13e \u00e9dition de Cin\u00e9 Regards Africains. En pr\u00e9sentant le tr\u00e8s\u2026","rel":"","context":"Dans &quot;Festival&quot;","block_context":{"text":"Festival","link":"https:\/\/asurb.com\/asurb3\/?cat=9"},"img":{"alt_text":"","src":"https:\/\/i0.wp.com\/asurb.com\/asurb3\/wp-content\/uploads\/2019\/11\/IMG_7646m-300x141.jpg?resize=350%2C200","width":350,"height":200},"classes":[]},{"id":1167,"url":"https:\/\/asurb.com\/asurb3\/?p=1167","url_meta":{"origin":1153,"position":5},"title":"CRA 2016 au jour le jour : Samedi 26 novembre, cin\u00e9ma La Pl\u00e9iade, Cachan","author":"webmaster","date":"28 novembre 2016","format":false,"excerpt":"Soir\u00e9e hommage\u00a0 \u00e0 Sotigui Kouyat\u00e9. Le grand acteur burkinab\u00e9 de th\u00e9\u00e2tre et de cin\u00e9ma, le griot, musicien et conteur,\u00a0 d\u00e9c\u00e9d\u00e9 en 2010, \u00e9tait\u00a0 parmi nous ce samedi\u00a0 26 novembre.\u00a0 D'abord de nombreuses photographies, projet\u00e9es sur l'\u00e9cran, pr\u00e9sentaient aux spectateurs, d\u00e8s leur entr\u00e9e dans la salle, son personnage charismatique dans ses\u2026","rel":"","context":"Dans &quot;Festival&quot;","block_context":{"text":"Festival","link":"https:\/\/asurb.com\/asurb3\/?cat=9"},"img":{"alt_text":"cachan-2016-002","src":"https:\/\/i0.wp.com\/asurb.com\/asurb3\/wp-content\/uploads\/2016\/11\/cachan-2016-002-100x56.jpg?resize=350%2C200&ssl=1","width":350,"height":200},"classes":[]}],"_links":{"self":[{"href":"https:\/\/asurb.com\/asurb3\/index.php?rest_route=\/wp\/v2\/posts\/1153","targetHints":{"allow":["GET"]}}],"collection":[{"href":"https:\/\/asurb.com\/asurb3\/index.php?rest_route=\/wp\/v2\/posts"}],"about":[{"href":"https:\/\/asurb.com\/asurb3\/index.php?rest_route=\/wp\/v2\/types\/post"}],"author":[{"embeddable":true,"href":"https:\/\/asurb.com\/asurb3\/index.php?rest_route=\/wp\/v2\/users\/1"}],"replies":[{"embeddable":true,"href":"https:\/\/asurb.com\/asurb3\/index.php?rest_route=%2Fwp%2Fv2%2Fcomments&post=1153"}],"version-history":[{"count":5,"href":"https:\/\/asurb.com\/asurb3\/index.php?rest_route=\/wp\/v2\/posts\/1153\/revisions"}],"predecessor-version":[{"id":1158,"href":"https:\/\/asurb.com\/asurb3\/index.php?rest_route=\/wp\/v2\/posts\/1153\/revisions\/1158"}],"wp:attachment":[{"href":"https:\/\/asurb.com\/asurb3\/index.php?rest_route=%2Fwp%2Fv2%2Fmedia&parent=1153"}],"wp:term":[{"taxonomy":"category","embeddable":true,"href":"https:\/\/asurb.com\/asurb3\/index.php?rest_route=%2Fwp%2Fv2%2Fcategories&post=1153"},{"taxonomy":"post_tag","embeddable":true,"href":"https:\/\/asurb.com\/asurb3\/index.php?rest_route=%2Fwp%2Fv2%2Ftags&post=1153"}],"curies":[{"name":"wp","href":"https:\/\/api.w.org\/{rel}","templated":true}]}}