{"id":1159,"date":"2016-11-26T17:27:49","date_gmt":"2016-11-26T16:27:49","guid":{"rendered":"http:\/\/www.asurb.com\/asurb3\/?p=1159"},"modified":"2016-11-26T17:27:49","modified_gmt":"2016-11-26T16:27:49","slug":"cra-2016-au-jour-le-jour-maison-pour-tous-gerard-philipevendredi-25-novembre","status":"publish","type":"post","link":"https:\/\/asurb.com\/asurb3\/?p=1159","title":{"rendered":"CRA 2016 au jour le jour : Maison pour Tous G\u00e9rard Philipe,Vendredi 25 novembre"},"content":{"rendered":"<p style=\"text-align: justify;\">Afrique sur Bi\u00e8vre \u00e9tait heureuse de retrouver\u00a0 cette ann\u00e9e encore, la MPT G\u00e9rard Philipe, son \u00e9quipe et son public pour une s\u00e9ance ouverte \u00e0 tous.\u00a0\u00a0 <strong>Fejria Deliba<\/strong>, la r\u00e9alisatrice de <strong>\u00ab\u00a0D&rsquo;une pierre deux coups\u00a0\u00bb<\/strong> est en ce moment au festival de Goa avec une partie de son \u00e9quipe pour pr\u00e9senter son film et Milouda Chaqiq, l&rsquo;actrice principale, \u00e9tait retenue \u00e0 Rennes. Heureusement Ta\u00efdir Ouazine qui joue actuellement au th\u00e9\u00e2tre \u00e0 Paris, nous a fait l&rsquo;amiti\u00e9, un jour de rel\u00e2che, de venir nous parler d&rsquo;un\u00a0 film dont le tournage lui a laiss\u00e9 une forte impression et qu&rsquo;elle a revu avec plaisir et \u00e9motion. Le public a pl\u00e9biscit\u00e9 ce film d\u00e9licat, touchant et dr\u00f4le. La richesse du sc\u00e9nario et des personnages, ancr\u00e9s dans la soci\u00e9t\u00e9 contemporaine, l&rsquo;habilet\u00e9 du montage parall\u00e8le qui permet de d\u00e9couvrir progressivement le pass\u00e9 d&rsquo;une femme qui ne se r\u00e9duit pas \u00e0 son r\u00f4le de m\u00e8re et une fratrie \u00ab\u00a0joliment composite\u00a0\u00bb de 11 enfants adultes r\u00e9unis par l&rsquo;inqui\u00e9tude devant l&rsquo;absence de cette Yema toujours disponible, ont beaucoup plu aux spectateurs tout comme la justesse de ton et l&#8217;empathie qui impr\u00e8gnent l&rsquo;ensemble sans caricature ni mi\u00e8vrerie. Et puis, la performance de l&rsquo;actrice Tata Milouda dans le r\u00f4le de la m\u00e8re\u00a0 a impressionn\u00e9 l&rsquo;assistance, admirative.<\/p>\n<p style=\"text-align: justify;\">Tout le monde souhaite \u00e0 ce film une deuxi\u00e8me\u00a0 carri\u00e8re en salle, amplement m\u00e9rit\u00e9e, pour qu&rsquo;il atteigne un tr\u00e8s large public<\/p>\n","protected":false},"excerpt":{"rendered":"<p>Afrique sur Bi\u00e8vre \u00e9tait heureuse de retrouver\u00a0 cette ann\u00e9e encore, la MPT G\u00e9rard Philipe, son \u00e9quipe et son public pour une s\u00e9ance ouverte \u00e0 tous.\u00a0\u00a0 Fejria Deliba, la r\u00e9alisatrice de [&hellip;]<\/p>\n","protected":false},"author":1,"featured_media":0,"comment_status":"open","ping_status":"open","sticky":false,"template":"","format":"standard","meta":{"_jetpack_memberships_contains_paid_content":false,"footnotes":"","jetpack_publicize_message":"","jetpack_publicize_feature_enabled":true,"jetpack_social_post_already_shared":true,"jetpack_social_options":{"image_generator_settings":{"template":"highway","default_image_id":0,"font":"","enabled":false},"version":2}},"categories":[9],"tags":[],"class_list":["post-1159","post","type-post","status-publish","format-standard","hentry","category-festival"],"jetpack_publicize_connections":[],"jetpack_featured_media_url":"","jetpack_sharing_enabled":true,"jetpack_shortlink":"https:\/\/wp.me\/p7C6tF-iH","jetpack-related-posts":[{"id":4962,"url":"https:\/\/asurb.com\/asurb3\/?p=4962","url_meta":{"origin":1159,"position":0},"title":"Ils \u00e9taient pr\u00e9sents lors du festival Cin\u00e9 Regards Africains 2025","author":"webmaster","date":"2 d\u00e9cembre 2025","format":false,"excerpt":"La 18\u00e8me \u00e9dition du festival Cin\u00e9 regards Africains vient de se terminer. Le public \u00e9tait au rendez-vous et a appr\u00e9ci\u00e9 une programmation riche et diversifi\u00e9e. Cette ann\u00e9e huit r\u00e9alisateurs ont accompagn\u00e9 la projection de leur film. Lotfi Achourle vendredi 21 novembreau cin\u00e9ma Le Select \u00e0 Antony pour son film :\u2026","rel":"","context":"Dans &quot;Festival&quot;","block_context":{"text":"Festival","link":"https:\/\/asurb.com\/asurb3\/?cat=9"},"img":{"alt_text":"","src":"https:\/\/i0.wp.com\/asurb.com\/asurb3\/wp-content\/uploads\/2025\/11\/Lotfi_Achour-241x300.jpg?resize=350%2C200&ssl=1","width":350,"height":200},"classes":[]},{"id":3938,"url":"https:\/\/asurb.com\/asurb3\/?p=3938","url_meta":{"origin":1159,"position":1},"title":"Retrouvez en images, les temps forts du festival 2023","author":"webmaster","date":"11 d\u00e9cembre 2023","format":false,"excerpt":"\u00a0 \u25ca Vendredi 24 novembre - 20h30 - S\u00e9ance d\u2019ouverture - Cin\u00e9ma La Pl\u00e9iade - Cachan \u00a0Projection de Poissons rouges de Abdeslam Kelai- Maroc - 2022 - fiction Le public tr\u00e8s nombreux a appr\u00e9ci\u00e9 ce film tr\u00e8s touchant. Le d\u00e9bat qui a suivi, anim\u00e9 par Josiane Kerleroux, membre d'Afrique sur\u2026","rel":"","context":"Dans &quot;Festival&quot;","block_context":{"text":"Festival","link":"https:\/\/asurb.com\/asurb3\/?cat=9"},"img":{"alt_text":"","src":"https:\/\/i0.wp.com\/asurb.com\/asurb3\/wp-content\/uploads\/2023\/12\/20231124_hp_Cachan_Regards-Africains_21-1-300x170.jpg?resize=350%2C200&ssl=1","width":350,"height":200},"classes":[]},{"id":2777,"url":"https:\/\/asurb.com\/asurb3\/?p=2777","url_meta":{"origin":1159,"position":2},"title":"CRA 2019 &#8211; Le festival au jour le jour","author":"webmaster","date":"6 d\u00e9cembre 2019","format":false,"excerpt":"Cin\u00e9ma La Pl\u00e9iade \u00e0 Cachan Vendredi 22 novembre - 20h30 - S\u00e9ance d\u2019ouverture Sega d\u2019Idil Ibrahim, S\u00e9n\u00e9gal \u2013 24 min Mabata Bata de Sol de Carvalho - Mozambique \u2013 74 min G\u00e9rard Najman, pr\u00e9sident d\u2019Afrique sur Bi\u00e8vre, d\u00e9clare ouverte la 13e \u00e9dition de Cin\u00e9 Regards Africains. En pr\u00e9sentant le tr\u00e8s\u2026","rel":"","context":"Dans &quot;Festival&quot;","block_context":{"text":"Festival","link":"https:\/\/asurb.com\/asurb3\/?cat=9"},"img":{"alt_text":"","src":"https:\/\/i0.wp.com\/asurb.com\/asurb3\/wp-content\/uploads\/2019\/11\/IMG_7646m-300x141.jpg?resize=350%2C200","width":350,"height":200},"classes":[]},{"id":4351,"url":"https:\/\/asurb.com\/asurb3\/?p=4351","url_meta":{"origin":1159,"position":3},"title":"Retrouvez en images, les temps forts du festival 2024","author":"webmaster","date":"5 d\u00e9cembre 2024","format":false,"excerpt":"\u00a0\u00a0\u00a0\u00a0\u00a0\u00a0\u00a0\u00a0 \u25ca Vendredi 24 novembre - 20h30 - S\u00e9ance d\u2019ouverture - Cin\u00e9ma La Pl\u00e9iade - Cachan Le festival s'ouvre avec un concert de chants africains par la chorale New Jem \u00a0 \u00a0 \u00a0 Projection de Harka de Lofty NATHAN - Tunisie - 2022 - fiction Le public tr\u00e8s nombreux a\u2026","rel":"","context":"Dans &quot;Festival&quot;","block_context":{"text":"Festival","link":"https:\/\/asurb.com\/asurb3\/?cat=9"},"img":{"alt_text":"","src":"https:\/\/i0.wp.com\/asurb.com\/asurb3\/wp-content\/uploads\/2024\/12\/image0000011-225x300.jpg?resize=350%2C200&ssl=1","width":350,"height":200},"classes":[]},{"id":1608,"url":"https:\/\/asurb.com\/asurb3\/?p=1608","url_meta":{"origin":1159,"position":4},"title":"Afrique sur Bi\u00e8vre au festival Cin\u00e9mas d&rsquo;Afrique d&rsquo;Angers  (16-21 mai 2017)","author":"webmaster","date":"18 mai 2017","format":false,"excerpt":"Afrique sur Bi\u00e8vre \u00e9tait cette ann\u00e9e encore \u00e0 Angers pour la 16e \u00e9dition du Festival Cin\u00e9mas d\u2019Afrique\u00a0. Organis\u00e9e par la dynamique association Cultures et Cin\u00e9mas d\u2019Afrique avec le soutien de la ville, du d\u00e9partement et de la r\u00e9gion Pays de la Loire ainsi que d\u2019autres partenaires, cette manifestation a lieu\u2026","rel":"","context":"Dans &quot;Activit\u00e9s&quot;","block_context":{"text":"Activit\u00e9s","link":"https:\/\/asurb.com\/asurb3\/?cat=4"},"img":{"alt_text":"","src":"","width":0,"height":0},"classes":[]},{"id":3347,"url":"https:\/\/asurb.com\/asurb3\/?p=3347","url_meta":{"origin":1159,"position":5},"title":"Programme du festival  \u00ab\u00a0Cin\u00e9 Regards Africains\u00a0\u00bb 2022","author":"webmaster","date":"14 octobre 2022","format":false,"excerpt":"Le prochain festival \"Cin\u00e9 Regards Africains\" aura lieu du vendredi 25 novembre au dimanche 4 d\u00e9cembre 2022 Bande annonce du festival 2022 Chaque projection sera suivie d\u2019un d\u00e9bat anim\u00e9 par un sp\u00e9cialiste des cin\u00e9mas africains et\/ou du r\u00e9alisateur ou d\u2019un membre de l\u2019\u00e9quipe de tournage. Les spectateurs seront de nouveau\u2026","rel":"","context":"Dans &quot;Festival&quot;","block_context":{"text":"Festival","link":"https:\/\/asurb.com\/asurb3\/?cat=9"},"img":{"alt_text":"","src":"https:\/\/i0.wp.com\/asurb.com\/asurb3\/wp-content\/uploads\/2022\/08\/Affiche1-A4-2022-212x300.jpg?resize=350%2C200&ssl=1","width":350,"height":200},"classes":[]}],"_links":{"self":[{"href":"https:\/\/asurb.com\/asurb3\/index.php?rest_route=\/wp\/v2\/posts\/1159","targetHints":{"allow":["GET"]}}],"collection":[{"href":"https:\/\/asurb.com\/asurb3\/index.php?rest_route=\/wp\/v2\/posts"}],"about":[{"href":"https:\/\/asurb.com\/asurb3\/index.php?rest_route=\/wp\/v2\/types\/post"}],"author":[{"embeddable":true,"href":"https:\/\/asurb.com\/asurb3\/index.php?rest_route=\/wp\/v2\/users\/1"}],"replies":[{"embeddable":true,"href":"https:\/\/asurb.com\/asurb3\/index.php?rest_route=%2Fwp%2Fv2%2Fcomments&post=1159"}],"version-history":[{"count":2,"href":"https:\/\/asurb.com\/asurb3\/index.php?rest_route=\/wp\/v2\/posts\/1159\/revisions"}],"predecessor-version":[{"id":1161,"href":"https:\/\/asurb.com\/asurb3\/index.php?rest_route=\/wp\/v2\/posts\/1159\/revisions\/1161"}],"wp:attachment":[{"href":"https:\/\/asurb.com\/asurb3\/index.php?rest_route=%2Fwp%2Fv2%2Fmedia&parent=1159"}],"wp:term":[{"taxonomy":"category","embeddable":true,"href":"https:\/\/asurb.com\/asurb3\/index.php?rest_route=%2Fwp%2Fv2%2Fcategories&post=1159"},{"taxonomy":"post_tag","embeddable":true,"href":"https:\/\/asurb.com\/asurb3\/index.php?rest_route=%2Fwp%2Fv2%2Ftags&post=1159"}],"curies":[{"name":"wp","href":"https:\/\/api.w.org\/{rel}","templated":true}]}}