{"id":1173,"date":"2016-11-28T16:54:17","date_gmt":"2016-11-28T15:54:17","guid":{"rendered":"http:\/\/www.asurb.com\/asurb3\/?p=1173"},"modified":"2016-11-28T16:54:17","modified_gmt":"2016-11-28T15:54:17","slug":"cra-2016-au-jour-le-jour-dimanche-27-novembre-cinema-la-pleiade-cachan","status":"publish","type":"post","link":"https:\/\/asurb.com\/asurb3\/?p=1173","title":{"rendered":"CRA 2016 au jour le jour : Dimanche 27 novembre, cin\u00e9ma La Pl\u00e9iade Cachan"},"content":{"rendered":"<p style=\"text-align: justify;\">Pour<strong> sa s\u00e9ance de cl\u00f4ture\u00a0<\/strong> Cin\u00e9 Regards Africains proposait <strong>quatre courts-m\u00e9trages<\/strong> d&rsquo;origine vari\u00e9e apr\u00e8s un pr\u00e9lude musical\u00a0 interpr\u00e9t\u00e9 par la chorale \u00a0\u00bb La voix est libre\u00a0\u00bb.<\/p>\n<p style=\"text-align: justify;\">Michel Amarger, avant la projection de<strong> \u00ab\u00a0La petite vendeuse de soleil\u00a0\u00bb<\/strong>, un classique s\u00e9n\u00e9galais (1998), pr\u00e9sente le r\u00e9alisateur <strong>Djibril Diop Mamb\u00e9ty<\/strong>,\u00a0 cr\u00e9ateur d&rsquo;un langage cin\u00e9matographique novateur dans les d\u00e9buts du cin\u00e9ma africain. \u00ab\u00a0La petite vendeuse&#8230;\u00a0\u00bb est le deuxi\u00e8me volet d&rsquo;une trilogie d\u00e9di\u00e9e aux petites gens, interrompue par le d\u00e9c\u00e8s du cin\u00e9aste.\u00a0 Le film a beaucoup plu aux spectateurs, avec son m\u00e9lange de r\u00e9alisme documentaire et de conte optimiste, le personnage courageux, g\u00e9n\u00e9reux et lumineux de la jeune h\u00e9ro\u00efne et l&rsquo;originalit\u00e9 des prises de vue. Le critique, qui a assist\u00e9 en partie au tournage et conna\u00eet bien le S\u00e9n\u00e9gal, pr\u00e9cise que , \u00e0 quelques exceptions pr\u00e8s, les r\u00f4les sont interpr\u00e9t\u00e9s par des non professionnels. Le regard que porte sur eux le r\u00e9alisateur est nourri, en dehors du talent, par la profonde empathie qu&rsquo;il \u00e9prouve pour les enfants des rues et les personnes qui les c\u00f4toient dans les quartiers de Dakar.<\/p>\n<p style=\"text-align: justify;\">En deuxi\u00e8me partie, <strong>Amal,<\/strong> de A\u00efda Senna, franco-<strong>marocaine<\/strong> venue de la photographie, abordait les souffrances\u00a0 dues aux\u00a0 tabous de la grossesse non d\u00e9sir\u00e9e\u00a0 ou de l&rsquo;homosexualit\u00e9 ;\u00a0 <strong>Lazy Susan<\/strong>, transportait bri\u00e8vement, sur un ton de com\u00e9die sociale satirique ,dans un fast food d&rsquo;<strong>Afrique du Sud<\/strong> , avec une serveuse confront\u00e9e \u00e0 des\u00a0 clients d\u00e9sagr\u00e9ables\u00a0 ; et <strong>Anay Ny Lanana<\/strong> faisait suivre le cheminement malais\u00e9, dans les ruelles de la <strong>capitale<\/strong> <strong>malgache<\/strong>, d&rsquo;un tr\u00e8s vieux porteur d&rsquo;eau souriant malgr\u00e9 la p\u00e9nibilit\u00e9 de sa t\u00e2che. Trois tranches de vie, trois morceaux de destin\u00e9e, illustrant bien le d\u00e9sir de jeunes r\u00e9alisateurs\u00a0 de donner \u00e0 voir le monde qui les entoure avec les ressources du cin\u00e9ma.<\/p>\n<p style=\"text-align: justify;\">A la fin des \u00e9changes, <strong>toute l&rsquo;\u00e9quipe d&rsquo;Afrique sur Bi\u00e8vre<\/strong>, autour de la pr\u00e9sidente, vient \u00e0 l&rsquo;avant-sc\u00e8ne saluer le public et lui donner rendez-vous pour la prochaine \u00e9dition de Cin\u00e9 Regards Africains, dans un an.<\/p>\n","protected":false},"excerpt":{"rendered":"<p>Pour sa s\u00e9ance de cl\u00f4ture\u00a0 Cin\u00e9 Regards Africains proposait quatre courts-m\u00e9trages d&rsquo;origine vari\u00e9e apr\u00e8s un pr\u00e9lude musical\u00a0 interpr\u00e9t\u00e9 par la chorale \u00a0\u00bb La voix est libre\u00a0\u00bb. Michel Amarger, avant la [&hellip;]<\/p>\n","protected":false},"author":1,"featured_media":0,"comment_status":"open","ping_status":"open","sticky":false,"template":"","format":"standard","meta":{"_jetpack_memberships_contains_paid_content":false,"footnotes":"","jetpack_publicize_message":"","jetpack_publicize_feature_enabled":true,"jetpack_social_post_already_shared":true,"jetpack_social_options":{"image_generator_settings":{"template":"highway","default_image_id":0,"font":"","enabled":false},"version":2}},"categories":[9],"tags":[],"class_list":["post-1173","post","type-post","status-publish","format-standard","hentry","category-festival"],"jetpack_publicize_connections":[],"jetpack_featured_media_url":"","jetpack_sharing_enabled":true,"jetpack_shortlink":"https:\/\/wp.me\/p7C6tF-iV","jetpack-related-posts":[{"id":1113,"url":"https:\/\/asurb.com\/asurb3\/?p=1113","url_meta":{"origin":1173,"position":0},"title":"CRA 2016 au jour le jour : Lundi 14, mardi 15, jeudi 17 et vendredi 18 novembre","author":"webmaster","date":"24 novembre 2016","format":false,"excerpt":"Il revenait aux s\u00e9ances scolaires d\u2019inaugurer Cin\u00e9 Regards Africains en liaison avec la Semaine de la solidarit\u00e9 internationale. L\u2019espace Jean Vilar \u00e0 Arcueil, le cin\u00e9ma La Pl\u00e9iade \u00e0 Cachan et le cin\u00e9ma La Tournelle \u00e0 L\u2019Ha\u00ff les Roses, ont accueilli respectivement, avec leurs enseignants, des classes de CM1\/CM2 venues d\u2019\u00e9coles\u2026","rel":"","context":"Dans &quot;Autour du festival&quot;","block_context":{"text":"Autour du festival","link":"https:\/\/asurb.com\/asurb3\/?cat=12"},"img":{"alt_text":"","src":"","width":0,"height":0},"classes":[]},{"id":3938,"url":"https:\/\/asurb.com\/asurb3\/?p=3938","url_meta":{"origin":1173,"position":1},"title":"Retrouvez en images, les temps forts du festival 2023","author":"webmaster","date":"11 d\u00e9cembre 2023","format":false,"excerpt":"\u00a0 \u25ca Vendredi 24 novembre - 20h30 - S\u00e9ance d\u2019ouverture - Cin\u00e9ma La Pl\u00e9iade - Cachan \u00a0Projection de Poissons rouges de Abdeslam Kelai- Maroc - 2022 - fiction Le public tr\u00e8s nombreux a appr\u00e9ci\u00e9 ce film tr\u00e8s touchant. Le d\u00e9bat qui a suivi, anim\u00e9 par Josiane Kerleroux, membre d'Afrique sur\u2026","rel":"","context":"Dans &quot;Festival&quot;","block_context":{"text":"Festival","link":"https:\/\/asurb.com\/asurb3\/?cat=9"},"img":{"alt_text":"","src":"https:\/\/i0.wp.com\/asurb.com\/asurb3\/wp-content\/uploads\/2023\/12\/20231124_hp_Cachan_Regards-Africains_21-1-300x170.jpg?resize=350%2C200&ssl=1","width":350,"height":200},"classes":[]},{"id":1194,"url":"https:\/\/asurb.com\/asurb3\/?p=1194","url_meta":{"origin":1173,"position":2},"title":"CRA 2016 au jour le jour : Clap de fin","author":"webmaster","date":"29 novembre 2016","format":false,"excerpt":"La 10e \u00e9dition de Cin\u00e9 Regards Africains s'est achev\u00e9e \u00e0 La Pl\u00e9iade, autour du verre de l'amiti\u00e9 offert par la mairie de Cachan dans le hall du cin\u00e9ma. L'\u00e9quipe d'Afrique sur Bi\u00e8vre est heureuse d'avoir offert une programmation qui, d'apr\u00e8s les t\u00e9moignages recueillis, a cette ann\u00e9e encore, int\u00e9ress\u00e9 un public\u2026","rel":"","context":"Dans &quot;Festival&quot;","block_context":{"text":"Festival","link":"https:\/\/asurb.com\/asurb3\/?cat=9"},"img":{"alt_text":"","src":"","width":0,"height":0},"classes":[]},{"id":3742,"url":"https:\/\/asurb.com\/asurb3\/?p=3742","url_meta":{"origin":1173,"position":3},"title":"Programme du festival  \u00ab\u00a0Cin\u00e9 Regards Africains\u00a0\u00bb 2023","author":"webmaster","date":"25 novembre 2023","format":false,"excerpt":"Le prochain festival \"Cin\u00e9 Regards Africains\" aura lieu du vendredi 24 novembre au dimanche 3 d\u00e9cembre 2023 Bande annonce du festival 2023 Chaque projection sera suivie d\u2019un d\u00e9bat anim\u00e9 par un sp\u00e9cialiste des cin\u00e9mas africains et\/ou du r\u00e9alisateur ou d\u2019un membre de l\u2019\u00e9quipe de tournage. Les spectateurs seront, cette ann\u00e9e\u2026","rel":"","context":"Dans &quot;Festival&quot;","block_context":{"text":"Festival","link":"https:\/\/asurb.com\/asurb3\/?cat=9"},"img":{"alt_text":"","src":"https:\/\/i0.wp.com\/asurb.com\/asurb3\/wp-content\/uploads\/2023\/09\/Affiche-2023-jpeg-212x300.jpg?resize=350%2C200&ssl=1","width":350,"height":200},"classes":[]},{"id":1153,"url":"https:\/\/asurb.com\/asurb3\/?p=1153","url_meta":{"origin":1173,"position":4},"title":"CRA 2016 au jour le jour : jeudi 24 novembre, La Tournelle, L&rsquo;Ha\u00ff les Roses","author":"webmaster","date":"25 novembre 2016","format":false,"excerpt":"\"Dans ma t\u00eate un rond-point\", ce titre \u00e9nigmatique du documentaire de l'Alg\u00e9rien Hassen Ferhani, est tout \u00e0 fait\u00a0repr\u00e9sentatif de l'originalit\u00e9 du film. Si le cadre des abattoirs d'Alger renvoie bien \u00e0 des activit\u00e9s professionnelles r\u00e9alistes, c'est davantage \u00e0 ce que disent, ce que pensent, ce que ressentent les personnages, avec\u2026","rel":"","context":"Dans &quot;Festival&quot;","block_context":{"text":"Festival","link":"https:\/\/asurb.com\/asurb3\/?cat=9"},"img":{"alt_text":"","src":"","width":0,"height":0},"classes":[]},{"id":3347,"url":"https:\/\/asurb.com\/asurb3\/?p=3347","url_meta":{"origin":1173,"position":5},"title":"Programme du festival  \u00ab\u00a0Cin\u00e9 Regards Africains\u00a0\u00bb 2022","author":"webmaster","date":"14 octobre 2022","format":false,"excerpt":"Le prochain festival \"Cin\u00e9 Regards Africains\" aura lieu du vendredi 25 novembre au dimanche 4 d\u00e9cembre 2022 Bande annonce du festival 2022 Chaque projection sera suivie d\u2019un d\u00e9bat anim\u00e9 par un sp\u00e9cialiste des cin\u00e9mas africains et\/ou du r\u00e9alisateur ou d\u2019un membre de l\u2019\u00e9quipe de tournage. Les spectateurs seront de nouveau\u2026","rel":"","context":"Dans &quot;Festival&quot;","block_context":{"text":"Festival","link":"https:\/\/asurb.com\/asurb3\/?cat=9"},"img":{"alt_text":"","src":"https:\/\/i0.wp.com\/asurb.com\/asurb3\/wp-content\/uploads\/2022\/08\/Affiche1-A4-2022-212x300.jpg?resize=350%2C200&ssl=1","width":350,"height":200},"classes":[]}],"_links":{"self":[{"href":"https:\/\/asurb.com\/asurb3\/index.php?rest_route=\/wp\/v2\/posts\/1173","targetHints":{"allow":["GET"]}}],"collection":[{"href":"https:\/\/asurb.com\/asurb3\/index.php?rest_route=\/wp\/v2\/posts"}],"about":[{"href":"https:\/\/asurb.com\/asurb3\/index.php?rest_route=\/wp\/v2\/types\/post"}],"author":[{"embeddable":true,"href":"https:\/\/asurb.com\/asurb3\/index.php?rest_route=\/wp\/v2\/users\/1"}],"replies":[{"embeddable":true,"href":"https:\/\/asurb.com\/asurb3\/index.php?rest_route=%2Fwp%2Fv2%2Fcomments&post=1173"}],"version-history":[{"count":2,"href":"https:\/\/asurb.com\/asurb3\/index.php?rest_route=\/wp\/v2\/posts\/1173\/revisions"}],"predecessor-version":[{"id":1179,"href":"https:\/\/asurb.com\/asurb3\/index.php?rest_route=\/wp\/v2\/posts\/1173\/revisions\/1179"}],"wp:attachment":[{"href":"https:\/\/asurb.com\/asurb3\/index.php?rest_route=%2Fwp%2Fv2%2Fmedia&parent=1173"}],"wp:term":[{"taxonomy":"category","embeddable":true,"href":"https:\/\/asurb.com\/asurb3\/index.php?rest_route=%2Fwp%2Fv2%2Fcategories&post=1173"},{"taxonomy":"post_tag","embeddable":true,"href":"https:\/\/asurb.com\/asurb3\/index.php?rest_route=%2Fwp%2Fv2%2Ftags&post=1173"}],"curies":[{"name":"wp","href":"https:\/\/api.w.org\/{rel}","templated":true}]}}