{"id":2042,"date":"2018-03-12T17:30:42","date_gmt":"2018-03-12T16:30:42","guid":{"rendered":"https:\/\/asurb.com\/asurb3\/?p=2042"},"modified":"2018-03-12T18:45:05","modified_gmt":"2018-03-12T17:45:05","slug":"le-nouveau-film-de-dieudo-hamadi-a-arcueil","status":"publish","type":"post","link":"https:\/\/asurb.com\/asurb3\/?p=2042","title":{"rendered":"Le nouveau film de Dieudo Hamadi \u00e0 Arcueil"},"content":{"rendered":"<p>&nbsp;<\/p>\n<p>Dans le cadre du 40<sup>\u00e8me<\/sup> Festival international de films documentaires \u00ab\u00a0Cin\u00e9ma du R\u00e9el\u00a0\u00bb, l\u2019Espace municipal Jean Vilar d\u2019Arcueil va projeter le mardi 27 mars \u00e0 20h15, en comp\u00e9tition, \u00ab\u00a0<strong>Kinshasa Makambo<\/strong>\u00ab\u00a0, le dernier film du r\u00e9alisateur congolais, <strong>Dieudo Hamadi<\/strong>.<\/p>\n<p><a href=\"https:\/\/i0.wp.com\/asurb.com\/asurb3\/wp-content\/uploads\/2018\/03\/KInshasa-Makambo.jpg\"><img data-recalc-dims=\"1\" loading=\"lazy\" decoding=\"async\" data-attachment-id=\"2045\" data-permalink=\"https:\/\/asurb.com\/asurb3\/?attachment_id=2045\" data-orig-file=\"https:\/\/i0.wp.com\/asurb.com\/asurb3\/wp-content\/uploads\/2018\/03\/KInshasa-Makambo.jpg?fit=1700%2C2339&amp;ssl=1\" data-orig-size=\"1700,2339\" data-comments-opened=\"1\" data-image-meta=\"{&quot;aperture&quot;:&quot;0&quot;,&quot;credit&quot;:&quot;&quot;,&quot;camera&quot;:&quot;&quot;,&quot;caption&quot;:&quot;&quot;,&quot;created_timestamp&quot;:&quot;0&quot;,&quot;copyright&quot;:&quot;&quot;,&quot;focal_length&quot;:&quot;0&quot;,&quot;iso&quot;:&quot;0&quot;,&quot;shutter_speed&quot;:&quot;0&quot;,&quot;title&quot;:&quot;&quot;,&quot;orientation&quot;:&quot;0&quot;}\" data-image-title=\"KInshasa Makambo\" data-image-description=\"\" data-image-caption=\"\" data-large-file=\"https:\/\/i0.wp.com\/asurb.com\/asurb3\/wp-content\/uploads\/2018\/03\/KInshasa-Makambo.jpg?fit=744%2C1024&amp;ssl=1\" class=\"size-medium wp-image-2045 alignright\" src=\"https:\/\/i0.wp.com\/asurb.com\/asurb3\/wp-content\/uploads\/2018\/03\/KInshasa-Makambo-218x300.jpg?resize=218%2C300\" alt=\"\" width=\"218\" height=\"300\" srcset=\"https:\/\/i0.wp.com\/asurb.com\/asurb3\/wp-content\/uploads\/2018\/03\/KInshasa-Makambo.jpg?resize=218%2C300&amp;ssl=1 218w, https:\/\/i0.wp.com\/asurb.com\/asurb3\/wp-content\/uploads\/2018\/03\/KInshasa-Makambo.jpg?resize=100%2C138&amp;ssl=1 100w, https:\/\/i0.wp.com\/asurb.com\/asurb3\/wp-content\/uploads\/2018\/03\/KInshasa-Makambo.jpg?resize=744%2C1024&amp;ssl=1 744w, https:\/\/i0.wp.com\/asurb.com\/asurb3\/wp-content\/uploads\/2018\/03\/KInshasa-Makambo.jpg?resize=600%2C826&amp;ssl=1 600w, https:\/\/i0.wp.com\/asurb.com\/asurb3\/wp-content\/uploads\/2018\/03\/KInshasa-Makambo.jpg?resize=1320%2C1816&amp;ssl=1 1320w, https:\/\/i0.wp.com\/asurb.com\/asurb3\/wp-content\/uploads\/2018\/03\/KInshasa-Makambo.jpg?w=1700&amp;ssl=1 1700w\" sizes=\"auto, (max-width: 218px) 100vw, 218px\" \/><\/a><\/p>\n<p>Cela fait plusieurs ann\u00e9es que Cin\u00e9 Regards Africains s\u2019int\u00e9resse \u00e0 ce cin\u00e9aste. Ainsi, lors du festival 2015, nous avions projet\u00e9 \u00ab\u00a0Examen d\u2019Etat\u00a0\u00bb, documentaire consacr\u00e9 \u00e0 l\u2019examen, \u00e9quivalent du baccalaur\u00e9at, que doivent affronter les jeunes congolais.<br \/>\nNous avons \u00e9galement consacr\u00e9 \u00e0 Dieudo Hamadi, lors du festival Cin\u00e9 Regards Africains 2017, un Focus au cours duquel ont \u00e9t\u00e9 projet\u00e9s deux de ses films\u00a0: \u00ab\u00a0Atalaku\u00a0\u00bb qui traite de la campagne pour l\u2019\u00e9lection pr\u00e9sidentielle congolaise de 2011 et \u00ab\u00a0Maman Colonelle\u00a0\u00bb pour lequel Dieudo Hamadi avait obtenu le Grand prix Cin\u00e9ma du R\u00e9el en 2017.<\/p>\n","protected":false},"excerpt":{"rendered":"<p>&nbsp; Dans le cadre du 40\u00e8me Festival international de films documentaires \u00ab\u00a0Cin\u00e9ma du R\u00e9el\u00a0\u00bb, l\u2019Espace municipal Jean Vilar d\u2019Arcueil va projeter le mardi 27 mars \u00e0 20h15, en comp\u00e9tition, \u00ab\u00a0Kinshasa [&hellip;]<\/p>\n","protected":false},"author":1,"featured_media":0,"comment_status":"open","ping_status":"open","sticky":false,"template":"","format":"standard","meta":{"_jetpack_memberships_contains_paid_content":false,"footnotes":"","jetpack_publicize_message":"","jetpack_publicize_feature_enabled":true,"jetpack_social_post_already_shared":true,"jetpack_social_options":{"image_generator_settings":{"template":"highway","default_image_id":0,"font":"","enabled":false},"version":2}},"categories":[4,10],"tags":[],"class_list":["post-2042","post","type-post","status-publish","format-standard","hentry","category-activites","category-hors-festival"],"jetpack_publicize_connections":[],"jetpack_featured_media_url":"","jetpack_sharing_enabled":true,"jetpack_shortlink":"https:\/\/wp.me\/p7C6tF-wW","jetpack-related-posts":[{"id":1733,"url":"https:\/\/asurb.com\/asurb3\/?p=1733","url_meta":{"origin":2042,"position":0},"title":"Les temps forts du festival 2017","author":"webmaster","date":"8 octobre 2017","format":false,"excerpt":"Afrique sur Bi\u00e8vre a eu \u00e0 c\u0153ur, cette ann\u00e9e encore,\u00a0 pour comm\u00e9morer le 10\u00e8me anniversaire de la cr\u00e9ation de l'association, de faire venir des r\u00e9alisateurs africains, pour que se perp\u00e9tuent les \u00e9changes fructueux avec le public. Deux temps forts \u00e0 retenir : Un \u00ab\u00a0focus\u00a0\u00bb sur le cin\u00e9ma du Niger d\u2019hier\u2026","rel":"","context":"Dans &quot;Festival&quot;","block_context":{"text":"Festival","link":"https:\/\/asurb.com\/asurb3\/?cat=9"},"img":{"alt_text":"","src":"","width":0,"height":0},"classes":[]},{"id":1986,"url":"https:\/\/asurb.com\/asurb3\/?p=1986","url_meta":{"origin":2042,"position":1},"title":"CRA 2017 au jour le jour","author":"webmaster","date":"11 d\u00e9cembre 2017","format":false,"excerpt":"Samedi 2 et dimanche 3 d\u00e9cembre \u2013 Espace municipal Jean Vilar \u2013 Arcueil Focus Dieudo Hamadi , documentariste congolais Michel Amarger a assur\u00e9 la pr\u00e9sentation des films du week-end et anim\u00e9 les d\u00e9bats qui ont suivi. Samedi 18h\u00a0: Atalaku Ce documentaire nous plonge en pleine campagne \u00e9lectorale dans la R\u00e9publique\u2026","rel":"","context":"Dans &quot;Festival&quot;","block_context":{"text":"Festival","link":"https:\/\/asurb.com\/asurb3\/?cat=9"},"img":{"alt_text":"","src":"","width":0,"height":0},"classes":[]},{"id":1508,"url":"https:\/\/asurb.com\/asurb3\/?p=1508","url_meta":{"origin":2042,"position":2},"title":"Afrique sur Bi\u00e8vre \u00e0 Ouagadougou. Images du Fespaco","author":"webmaster","date":"17 mars 2017","format":false,"excerpt":"Nous \u00e9tions 7 membres d\u2019Afrique sur Bi\u00e8vre \u00e0 participer, du 25 f\u00e9vrier au 4 mars 2017, au Festival Panafricain du Cin\u00e9ma et de la t\u00e9l\u00e9vision de Ouagadougou (FESPACO) au Burkina Faso. Ce festival, qui a lieu tous les deux ans, est un lieu important essentiel pour d\u00e9couvrir les films r\u00e9cents\u2026","rel":"","context":"Dans &quot;Hors festival&quot;","block_context":{"text":"Hors festival","link":"https:\/\/asurb.com\/asurb3\/?cat=10"},"img":{"alt_text":"P1010797","src":"https:\/\/i0.wp.com\/asurb.com\/asurb3\/wp-content\/uploads\/2017\/03\/P1010797-300x169.jpg?resize=350%2C200&ssl=1","width":350,"height":200},"classes":[]},{"id":3036,"url":"https:\/\/asurb.com\/asurb3\/?p=3036","url_meta":{"origin":2042,"position":3},"title":"Sizwe Banzi is Dead, du sud-africain John Kani, au th\u00e9\u00e2tre de Cachan  jeudi 21 octobre 2021","author":"webmaster","date":"9 octobre 2021","format":false,"excerpt":"Lors du festival Cin\u00e9 Regards Africains 2010, nous avions programm\u00e9 un film de John Kani :\u00a0 Nothing but the truth. Ce film post-apartheid avait \u00e9t\u00e9 l\u2019un des \u00e9v\u00e8nements marquants du festival. John Kani est avant tout un homme de th\u00e9\u00e2tre. Sizwe Banzi is dead (1972) est l\u2019\u0153uvre qui l\u2019a r\u00e9v\u00e9l\u00e9.\u2026","rel":"","context":"Dans &quot;Hors festival&quot;","block_context":{"text":"Hors festival","link":"https:\/\/asurb.com\/asurb3\/?cat=10"},"img":{"alt_text":"","src":"","width":0,"height":0},"classes":[]},{"id":3600,"url":"https:\/\/asurb.com\/asurb3\/?p=3600","url_meta":{"origin":2042,"position":4},"title":"Retrouvez en images, les temps forts du festival 2022","author":"webmaster","date":"6 janvier 2023","format":false,"excerpt":"\u00a0 \u25ca Vendredi 25 novembre - 18h30 - S\u00e9ance d\u2019ouverture - Cin\u00e9ma Le s\u00e9lect \u00e0 Antony \u00a0Projection, en avant-premi\u00e8re, du film Le Bleu du caftan de Maryam Touzani - Maroc - 2022 - fiction Un public tr\u00e8s nombreux a assist\u00e9 et particip\u00e9 aux d\u00e9bats assur\u00e9s par Catherine Ruelle (journaliste politique\u2026","rel":"","context":"Dans &quot;Festival&quot;","block_context":{"text":"Festival","link":"https:\/\/asurb.com\/asurb3\/?cat=9"},"img":{"alt_text":"","src":"https:\/\/i0.wp.com\/asurb.com\/asurb3\/wp-content\/uploads\/2023\/01\/20221125_184335-300x169.jpg?resize=350%2C200&ssl=1","width":350,"height":200},"classes":[]},{"id":2932,"url":"https:\/\/asurb.com\/asurb3\/?p=2932","url_meta":{"origin":2042,"position":5},"title":"\u00ab 143 rue du d\u00e9sert \u00bb du r\u00e9alisateur alg\u00e9rien Hassen Ferhani","author":"webmaster","date":"2 juin 2021","format":false,"excerpt":"L\u2019\u00e9quipe d\u2019Afrique sur Bi\u00e8vre est heureuse de reprendre contact avec vous et de vous annoncer que la 14\u00e8me \u00e9dition du festival \u00ab\u00a0Cin\u00e9 Regards Africains\u00a0\u00bb se tiendra du vendredi 26 novembre au dimanche 5 d\u00e9cembre 2021. Nous travaillons \u00e0 l\u2019\u00e9laboration du programme qui sera consultable sur notre site Web d\u00e9but septembre.\u2026","rel":"","context":"Dans &quot;Hors festival&quot;","block_context":{"text":"Hors festival","link":"https:\/\/asurb.com\/asurb3\/?cat=10"},"img":{"alt_text":"","src":"","width":0,"height":0},"classes":[]}],"_links":{"self":[{"href":"https:\/\/asurb.com\/asurb3\/index.php?rest_route=\/wp\/v2\/posts\/2042","targetHints":{"allow":["GET"]}}],"collection":[{"href":"https:\/\/asurb.com\/asurb3\/index.php?rest_route=\/wp\/v2\/posts"}],"about":[{"href":"https:\/\/asurb.com\/asurb3\/index.php?rest_route=\/wp\/v2\/types\/post"}],"author":[{"embeddable":true,"href":"https:\/\/asurb.com\/asurb3\/index.php?rest_route=\/wp\/v2\/users\/1"}],"replies":[{"embeddable":true,"href":"https:\/\/asurb.com\/asurb3\/index.php?rest_route=%2Fwp%2Fv2%2Fcomments&post=2042"}],"version-history":[{"count":5,"href":"https:\/\/asurb.com\/asurb3\/index.php?rest_route=\/wp\/v2\/posts\/2042\/revisions"}],"predecessor-version":[{"id":2048,"href":"https:\/\/asurb.com\/asurb3\/index.php?rest_route=\/wp\/v2\/posts\/2042\/revisions\/2048"}],"wp:attachment":[{"href":"https:\/\/asurb.com\/asurb3\/index.php?rest_route=%2Fwp%2Fv2%2Fmedia&parent=2042"}],"wp:term":[{"taxonomy":"category","embeddable":true,"href":"https:\/\/asurb.com\/asurb3\/index.php?rest_route=%2Fwp%2Fv2%2Fcategories&post=2042"},{"taxonomy":"post_tag","embeddable":true,"href":"https:\/\/asurb.com\/asurb3\/index.php?rest_route=%2Fwp%2Fv2%2Ftags&post=2042"}],"curies":[{"name":"wp","href":"https:\/\/api.w.org\/{rel}","templated":true}]}}