{"id":2070,"date":"2018-10-10T10:24:29","date_gmt":"2018-10-10T08:24:29","guid":{"rendered":"https:\/\/asurb.com\/asurb3\/?p=2070"},"modified":"2018-11-27T18:50:40","modified_gmt":"2018-11-27T17:50:40","slug":"programme-du-festival-cine-regards-africains-2018","status":"publish","type":"post","link":"https:\/\/asurb.com\/asurb3\/?p=2070","title":{"rendered":"Programme du festival : \u00ab\u00a0Cin\u00e9 Regards Africains\u00a0\u00bb   2018"},"content":{"rendered":"<p><span style=\"color: #000080;\">Du\u00a0vendredi 23 novembre au dimanche 02 d\u00e9cembre\u00a02018, l\u2019association Afrique sur Bi\u00e8vre organise<br \/>\n<\/span><span style=\"color: #000080;\"> la 12\u00e8me \u00e9dition du festival\u00a0 \u00ab\u00a0CINE REGARDS AFRICAINS\u00a0\u00bb<\/span><\/p>\n<p><span style=\"color: #000080;\">Dans les villes d&rsquo;Antony,\u00a0 Arcueil, Cachan, Gentilly,\u00a0 l\u2019Ha\u00ff-les-Roses et Villejuif<\/span><\/p>\n<p><span style=\"color: #000080;\"><b>Des courts-m\u00e9trages et des longs-m\u00e9trages de r\u00e9alisateurs africains, suivis de d\u00e9bats avec le public\u2026<\/b><b><br \/>\n<\/b><\/span><br \/>\n<span style=\"color: #000080;\"><b>Afrique sur Bi\u00e8vre &#8211; 07 81 66 69 38<br \/>\n<\/b>courriel : asurb@laposte.net<\/span><\/p>\n<p>&nbsp;<\/p>\n<h4><strong><span style=\"color: #000080;\">Vendredi 23 novembre : Cin\u00e9ma La Pl\u00e9iade \u2013 Cachan &#8211; <\/span><\/strong><strong><span style=\"color: #000080;\">20h30\u00a0<\/span> <\/strong><\/h4>\n<h4><span style=\"color: #ff0000;\"><strong>F\u00c9LICIT\u00c9 <a href=\"https:\/\/i0.wp.com\/asurb.com\/asurb3\/wp-content\/uploads\/2018\/10\/F%C3%A9licit%C3%A9.jpg\"><img data-recalc-dims=\"1\" loading=\"lazy\" decoding=\"async\" data-attachment-id=\"2073\" data-permalink=\"https:\/\/asurb.com\/asurb3\/?attachment_id=2073\" data-orig-file=\"https:\/\/i0.wp.com\/asurb.com\/asurb3\/wp-content\/uploads\/2018\/10\/F%C3%A9licit%C3%A9.jpg?fit=107%2C160&amp;ssl=1\" data-orig-size=\"107,160\" data-comments-opened=\"1\" data-image-meta=\"{&quot;aperture&quot;:&quot;0&quot;,&quot;credit&quot;:&quot;&quot;,&quot;camera&quot;:&quot;&quot;,&quot;caption&quot;:&quot;&quot;,&quot;created_timestamp&quot;:&quot;0&quot;,&quot;copyright&quot;:&quot;&quot;,&quot;focal_length&quot;:&quot;0&quot;,&quot;iso&quot;:&quot;0&quot;,&quot;shutter_speed&quot;:&quot;0&quot;,&quot;title&quot;:&quot;&quot;,&quot;orientation&quot;:&quot;0&quot;}\" data-image-title=\"F\u00e9licit\u00e9\" data-image-description=\"\" data-image-caption=\"\" data-large-file=\"https:\/\/i0.wp.com\/asurb.com\/asurb3\/wp-content\/uploads\/2018\/10\/F%C3%A9licit%C3%A9.jpg?fit=107%2C160&amp;ssl=1\" class=\" wp-image-2073 alignright\" src=\"https:\/\/i0.wp.com\/asurb.com\/asurb3\/wp-content\/uploads\/2018\/10\/F%C3%A9licit%C3%A9.jpg?resize=102%2C153\" alt=\"\" width=\"102\" height=\"153\" srcset=\"https:\/\/i0.wp.com\/asurb.com\/asurb3\/wp-content\/uploads\/2018\/10\/F%C3%A9licit%C3%A9.jpg?w=107&amp;ssl=1 107w, https:\/\/i0.wp.com\/asurb.com\/asurb3\/wp-content\/uploads\/2018\/10\/F%C3%A9licit%C3%A9.jpg?resize=100%2C150&amp;ssl=1 100w\" sizes=\"auto, (max-width: 102px) 100vw, 102px\" \/><\/a><br \/>\n<\/strong><\/span><\/h4>\n<p>d\u2019Alain GOMIS &#8211; S\u00e9n\u00e9gal-\u00a0 2017 &#8211; 123 mn &#8211; fiction &#8211; couleur &#8211;\u00a0 V0 Wolof STF<br \/>\nOurs d\u2019argent \u00e0 Berlin 2017 \u2013 Etalon d\u2019or au FESPACO 2017<\/p>\n<p><em>F\u00e9licit\u00e9, chanteuse dans un bar \u00e0 Kinshasa (RDC), vit seule avec son fils Samo. Un matin, elle est appel\u00e9e par l\u2019h\u00f4pital o\u00f9 il a \u00e9t\u00e9 admis apr\u00e8s un accident. Elle doit trouver l\u2019argent pour payer l\u2019op\u00e9ration qui \u00e9viterait l\u2019amputation de sa jambe. F\u00e9licit\u00e9 se lance alors dans une qu\u00eate d\u00e9sesp\u00e9r\u00e9e \u00e0 travers la ville, son pass\u00e9 et ses r\u00eaves.<\/em><\/p>\n<p><span style=\"color: #ff0000;\">Projection suivie d&rsquo;un d\u00e9bat anim\u00e9 par Catherine Ruelle, journaliste, critique de cin\u00e9ma, sp\u00e9cialiste des cin\u00e9mas africains<\/span><strong><br \/>\n<\/strong><br \/>\n<strong><span style=\"color: #000080;\">Samedi 24 novembre : Cin\u00e9ma La Pl\u00e9iade \u2013 Cachan<\/span> &#8211;<\/strong><strong><span style=\"color: #000080;\"> 17h30<\/span><br \/>\n<\/strong><\/p>\n<h4><strong><span style=\"color: #ff0000;\">MAMA BOBO<a href=\"https:\/\/i0.wp.com\/asurb.com\/asurb3\/wp-content\/uploads\/2018\/10\/Mama-bobo.jpg\"><img data-recalc-dims=\"1\" loading=\"lazy\" decoding=\"async\" data-attachment-id=\"2074\" data-permalink=\"https:\/\/asurb.com\/asurb3\/?attachment_id=2074\" data-orig-file=\"https:\/\/i0.wp.com\/asurb.com\/asurb3\/wp-content\/uploads\/2018\/10\/Mama-bobo.jpg?fit=720%2C1019&amp;ssl=1\" data-orig-size=\"720,1019\" data-comments-opened=\"1\" data-image-meta=\"{&quot;aperture&quot;:&quot;0&quot;,&quot;credit&quot;:&quot;&quot;,&quot;camera&quot;:&quot;&quot;,&quot;caption&quot;:&quot;&quot;,&quot;created_timestamp&quot;:&quot;0&quot;,&quot;copyright&quot;:&quot;&quot;,&quot;focal_length&quot;:&quot;0&quot;,&quot;iso&quot;:&quot;0&quot;,&quot;shutter_speed&quot;:&quot;0&quot;,&quot;title&quot;:&quot;&quot;,&quot;orientation&quot;:&quot;0&quot;}\" data-image-title=\"Mama bobo\" data-image-description=\"\" data-image-caption=\"\" data-large-file=\"https:\/\/i0.wp.com\/asurb.com\/asurb3\/wp-content\/uploads\/2018\/10\/Mama-bobo.jpg?fit=720%2C1019&amp;ssl=1\" class=\" wp-image-2074 alignright\" src=\"https:\/\/i0.wp.com\/asurb.com\/asurb3\/wp-content\/uploads\/2018\/10\/Mama-bobo-212x300.jpg?resize=102%2C144\" alt=\"\" width=\"102\" height=\"144\" srcset=\"https:\/\/i0.wp.com\/asurb.com\/asurb3\/wp-content\/uploads\/2018\/10\/Mama-bobo.jpg?resize=212%2C300&amp;ssl=1 212w, https:\/\/i0.wp.com\/asurb.com\/asurb3\/wp-content\/uploads\/2018\/10\/Mama-bobo.jpg?resize=100%2C142&amp;ssl=1 100w, https:\/\/i0.wp.com\/asurb.com\/asurb3\/wp-content\/uploads\/2018\/10\/Mama-bobo.jpg?resize=600%2C849&amp;ssl=1 600w, https:\/\/i0.wp.com\/asurb.com\/asurb3\/wp-content\/uploads\/2018\/10\/Mama-bobo.jpg?w=720&amp;ssl=1 720w\" sizes=\"auto, (max-width: 102px) 100vw, 102px\" \/><\/a><\/span><\/strong><\/h4>\n<p>d\u2019Ibrahima SEYDI et Robin ANDELFINGER -S\u00e9n\u00e9gal\/France\/ Belgique -2017 -17 min \u2013 fiction \u2013 couleur &#8211; VO Fran\u00e7ais et Wolof STF<\/p>\n<p><em>Mama Bobo, 80 ans, s\u2019assoit chaque matin sous l\u2019abribus de la rue Gomis. Elle ne monte jamais dans aucun bus mais imagine que chaque jour, elle rejoint son mari au march\u00e9. Un matin, l\u2019abribus a disparu.<\/em><\/p>\n<h4><\/h4>\n<h4><strong><br \/>\n<span style=\"color: #ff0000;\">TILA\u00cf<\/span><\/strong><\/h4>\n<p>de Idrissa OUEDRAOGO &#8211; Burkina-Faso \u2013 1990 \u2013 81 min \u2013 fiction \u2013 couleur \u2013VO Mor\u00e9 STF<br \/>\nGrand Prix du Festival de Cannes 1990 &#8211; Etalon d\u2019or au FESPACO 1991<a href=\"https:\/\/i0.wp.com\/asurb.com\/asurb3\/wp-content\/uploads\/2018\/10\/Tilai.jpg\"><img data-recalc-dims=\"1\" loading=\"lazy\" decoding=\"async\" data-attachment-id=\"2077\" data-permalink=\"https:\/\/asurb.com\/asurb3\/?attachment_id=2077\" data-orig-file=\"https:\/\/i0.wp.com\/asurb.com\/asurb3\/wp-content\/uploads\/2018\/10\/Tilai.jpg?fit=768%2C1023&amp;ssl=1\" data-orig-size=\"768,1023\" data-comments-opened=\"1\" data-image-meta=\"{&quot;aperture&quot;:&quot;0&quot;,&quot;credit&quot;:&quot;&quot;,&quot;camera&quot;:&quot;&quot;,&quot;caption&quot;:&quot;&quot;,&quot;created_timestamp&quot;:&quot;0&quot;,&quot;copyright&quot;:&quot;&quot;,&quot;focal_length&quot;:&quot;0&quot;,&quot;iso&quot;:&quot;0&quot;,&quot;shutter_speed&quot;:&quot;0&quot;,&quot;title&quot;:&quot;&quot;,&quot;orientation&quot;:&quot;0&quot;}\" data-image-title=\"Tilai\" data-image-description=\"\" data-image-caption=\"\" data-large-file=\"https:\/\/i0.wp.com\/asurb.com\/asurb3\/wp-content\/uploads\/2018\/10\/Tilai.jpg?fit=768%2C1023&amp;ssl=1\" class=\" wp-image-2077 alignright\" src=\"https:\/\/i0.wp.com\/asurb.com\/asurb3\/wp-content\/uploads\/2018\/10\/Tilai-225x300.jpg?resize=102%2C136\" alt=\"\" width=\"102\" height=\"136\" srcset=\"https:\/\/i0.wp.com\/asurb.com\/asurb3\/wp-content\/uploads\/2018\/10\/Tilai.jpg?resize=225%2C300&amp;ssl=1 225w, https:\/\/i0.wp.com\/asurb.com\/asurb3\/wp-content\/uploads\/2018\/10\/Tilai.jpg?resize=100%2C133&amp;ssl=1 100w, https:\/\/i0.wp.com\/asurb.com\/asurb3\/wp-content\/uploads\/2018\/10\/Tilai.jpg?resize=600%2C799&amp;ssl=1 600w, https:\/\/i0.wp.com\/asurb.com\/asurb3\/wp-content\/uploads\/2018\/10\/Tilai.jpg?w=768&amp;ssl=1 768w\" sizes=\"auto, (max-width: 102px) 100vw, 102px\" \/><\/a><\/p>\n<p><em>Apr\u00e8s deux ans d&rsquo;absence, Saga revient dans son village. Son fr\u00e8re Kougri lui apprend alors que leur p\u00e8re a pris comme deuxi\u00e8me femme Nogma qui \u00e9tait pourtant promise \u00e0 Saga. Celui-ci va alors se retrouver confront\u00e9 \u00e0 un dilemme : les traditions ou ses sentiments pour Nogma.<\/em><\/p>\n<p><span style=\"color: #ff0000;\">Projection suivie d&rsquo;un d\u00e9bat anim\u00e9 par Dragoss Ouedraogo, universitaire, critique de cin\u00e9ma et r\u00e9alisateur<br \/>\n<\/span><\/p>\n<p>&nbsp;<\/p>\n<h4><span style=\"color: #000080;\"><strong>Samedi 24 novembre <\/strong><strong>: Cin\u00e9ma La Pl\u00e9iade \u2013 Cachan &#8211; 20h30<br \/>\n<\/strong><\/span><\/h4>\n<h4><span style=\"color: #ff0000;\"><strong>NIRIN<a href=\"https:\/\/i0.wp.com\/asurb.com\/asurb3\/wp-content\/uploads\/2018\/10\/Nirin.jpg\"><img data-recalc-dims=\"1\" loading=\"lazy\" decoding=\"async\" data-attachment-id=\"2075\" data-permalink=\"https:\/\/asurb.com\/asurb3\/?attachment_id=2075\" data-orig-file=\"https:\/\/i0.wp.com\/asurb.com\/asurb3\/wp-content\/uploads\/2018\/10\/Nirin.jpg?fit=533%2C750&amp;ssl=1\" data-orig-size=\"533,750\" data-comments-opened=\"1\" data-image-meta=\"{&quot;aperture&quot;:&quot;0&quot;,&quot;credit&quot;:&quot;&quot;,&quot;camera&quot;:&quot;&quot;,&quot;caption&quot;:&quot;&quot;,&quot;created_timestamp&quot;:&quot;0&quot;,&quot;copyright&quot;:&quot;&quot;,&quot;focal_length&quot;:&quot;0&quot;,&quot;iso&quot;:&quot;0&quot;,&quot;shutter_speed&quot;:&quot;0&quot;,&quot;title&quot;:&quot;&quot;,&quot;orientation&quot;:&quot;1&quot;}\" data-image-title=\"Nirin\" data-image-description=\"\" data-image-caption=\"\" data-large-file=\"https:\/\/i0.wp.com\/asurb.com\/asurb3\/wp-content\/uploads\/2018\/10\/Nirin.jpg?fit=533%2C750&amp;ssl=1\" class=\" wp-image-2075 alignright\" src=\"https:\/\/i0.wp.com\/asurb.com\/asurb3\/wp-content\/uploads\/2018\/10\/Nirin-213x300.jpg?resize=102%2C144\" alt=\"\" width=\"102\" height=\"144\" srcset=\"https:\/\/i0.wp.com\/asurb.com\/asurb3\/wp-content\/uploads\/2018\/10\/Nirin.jpg?resize=213%2C300&amp;ssl=1 213w, https:\/\/i0.wp.com\/asurb.com\/asurb3\/wp-content\/uploads\/2018\/10\/Nirin.jpg?resize=100%2C141&amp;ssl=1 100w, https:\/\/i0.wp.com\/asurb.com\/asurb3\/wp-content\/uploads\/2018\/10\/Nirin.jpg?w=533&amp;ssl=1 533w\" sizes=\"auto, (max-width: 102px) 100vw, 102px\" \/><\/a><\/strong><\/span><\/h4>\n<p>de Josua HOTZ \u2013 Madagascar \u2013 2015\u2013 16 min &#8211; fiction \u2013 couleur \u2013 VO Malagasy STF &#8211; Prix du meilleur court m\u00e9trage au festival de Gen\u00e8ve 2017<\/p>\n<p><em>Nirin, 6 ans, sort pour la premi\u00e8re fois de son petit village \u00e0 Madagascar pour traverser le pays en taxi-brousse avec sa m\u00e8re et ses deux petits fr\u00e8res. Il est tout excit\u00e9 car leur maman leur a promis un long et beau voyage. Mais tout ne se passe pas comme il l\u2019a imagin\u00e9.<\/em><\/p>\n<p>&nbsp;<\/p>\n<h4><span style=\"color: #ff0000;\"><strong>LE TRAIN DE SEL ET DE SUCRE<\/strong><\/span><\/h4>\n<p>de Licinio AZEVEDO \u2013 Mozambique \u2013 2016 \u2013 93 min \u2013 fiction \u2013 couleur \u2013 VO Portugais STF<a href=\"https:\/\/i0.wp.com\/asurb.com\/asurb3\/wp-content\/uploads\/2018\/10\/Train-sel-sucre.jpg\"><img data-recalc-dims=\"1\" loading=\"lazy\" decoding=\"async\" data-attachment-id=\"2072\" data-permalink=\"https:\/\/asurb.com\/asurb3\/?attachment_id=2072\" data-orig-file=\"https:\/\/i0.wp.com\/asurb.com\/asurb3\/wp-content\/uploads\/2018\/10\/Train-sel-sucre.jpg?fit=430%2C600&amp;ssl=1\" data-orig-size=\"430,600\" data-comments-opened=\"1\" data-image-meta=\"{&quot;aperture&quot;:&quot;0&quot;,&quot;credit&quot;:&quot;&quot;,&quot;camera&quot;:&quot;&quot;,&quot;caption&quot;:&quot;&quot;,&quot;created_timestamp&quot;:&quot;0&quot;,&quot;copyright&quot;:&quot;&quot;,&quot;focal_length&quot;:&quot;0&quot;,&quot;iso&quot;:&quot;0&quot;,&quot;shutter_speed&quot;:&quot;0&quot;,&quot;title&quot;:&quot;&quot;,&quot;orientation&quot;:&quot;0&quot;}\" data-image-title=\"Train-sel-sucre\" data-image-description=\"\" data-image-caption=\"\" data-large-file=\"https:\/\/i0.wp.com\/asurb.com\/asurb3\/wp-content\/uploads\/2018\/10\/Train-sel-sucre.jpg?fit=430%2C600&amp;ssl=1\" class=\" wp-image-2072 alignright\" src=\"https:\/\/i0.wp.com\/asurb.com\/asurb3\/wp-content\/uploads\/2018\/10\/Train-sel-sucre-215x300.jpg?resize=102%2C143\" alt=\"\" width=\"102\" height=\"143\" srcset=\"https:\/\/i0.wp.com\/asurb.com\/asurb3\/wp-content\/uploads\/2018\/10\/Train-sel-sucre.jpg?resize=215%2C300&amp;ssl=1 215w, https:\/\/i0.wp.com\/asurb.com\/asurb3\/wp-content\/uploads\/2018\/10\/Train-sel-sucre.jpg?resize=100%2C140&amp;ssl=1 100w, https:\/\/i0.wp.com\/asurb.com\/asurb3\/wp-content\/uploads\/2018\/10\/Train-sel-sucre.jpg?w=430&amp;ssl=1 430w\" sizes=\"auto, (max-width: 102px) 100vw, 102px\" \/><\/a><br \/>\nTanit d\u2019or aux Journ\u00e9es Cin\u00e9matographiques de Carthage (Tunisie) en 2017.<\/p>\n<p><em>Au Mozambique, en pleine guerre civile dans les ann\u00e9es 80, des centaines de civils empruntent le train qui rejoint le Malawi voisin pour y troquer du sel contre du sucre. Le voyage est long et p\u00e9rilleux en raison des constantes attaques des rebelles. Parmi ces voyageurs, Rosa, une jeune infirmi\u00e8re, devient vite un objet de rivalit\u00e9 entre Taiar et Salomon, deux soldats de la troupe charg\u00e9e de prot\u00e9ger le train et que tout oppose.<\/em><\/p>\n<p><span style=\"color: #ff0000;\">Projection suivie d&rsquo;un d\u00e9bat anim\u00e9 par Dragoss Ouedraogo, universitaire, critique de cin\u00e9ma et r\u00e9alisateur<\/span><\/p>\n<p>&nbsp;<\/p>\n<h4><strong><span style=\"color: #000080;\">Dimanche 25 novembre : cin\u00e9ma La Pl\u00e9iade \u2013 Cachan<\/span> &#8211;<span style=\"color: #000080;\"> 16 h<\/span><\/strong><\/h4>\n<p>&nbsp;<\/p>\n<h4><span style=\"color: #ff0000;\"><strong>LE RUISSEAU, LE PRE VERT ET LE DOUX VISAGE<a href=\"https:\/\/i0.wp.com\/asurb.com\/asurb3\/wp-content\/uploads\/2018\/10\/Ruisseau-pr%C3%A9.jpg\"><img data-recalc-dims=\"1\" loading=\"lazy\" decoding=\"async\" data-attachment-id=\"2076\" data-permalink=\"https:\/\/asurb.com\/asurb3\/?attachment_id=2076\" data-orig-file=\"https:\/\/i0.wp.com\/asurb.com\/asurb3\/wp-content\/uploads\/2018\/10\/Ruisseau-pr%C3%A9.jpg?fit=454%2C600&amp;ssl=1\" data-orig-size=\"454,600\" data-comments-opened=\"1\" data-image-meta=\"{&quot;aperture&quot;:&quot;0&quot;,&quot;credit&quot;:&quot;&quot;,&quot;camera&quot;:&quot;&quot;,&quot;caption&quot;:&quot;&quot;,&quot;created_timestamp&quot;:&quot;0&quot;,&quot;copyright&quot;:&quot;&quot;,&quot;focal_length&quot;:&quot;0&quot;,&quot;iso&quot;:&quot;0&quot;,&quot;shutter_speed&quot;:&quot;0&quot;,&quot;title&quot;:&quot;&quot;,&quot;orientation&quot;:&quot;0&quot;}\" data-image-title=\"Ruisseau-pr\u00e9\" data-image-description=\"\" data-image-caption=\"\" data-large-file=\"https:\/\/i0.wp.com\/asurb.com\/asurb3\/wp-content\/uploads\/2018\/10\/Ruisseau-pr%C3%A9.jpg?fit=454%2C600&amp;ssl=1\" class=\" wp-image-2076 alignright\" src=\"https:\/\/i0.wp.com\/asurb.com\/asurb3\/wp-content\/uploads\/2018\/10\/Ruisseau-pr%C3%A9-227x300.jpg?resize=102%2C135\" alt=\"\" width=\"102\" height=\"135\" srcset=\"https:\/\/i0.wp.com\/asurb.com\/asurb3\/wp-content\/uploads\/2018\/10\/Ruisseau-pr%C3%A9.jpg?resize=227%2C300&amp;ssl=1 227w, https:\/\/i0.wp.com\/asurb.com\/asurb3\/wp-content\/uploads\/2018\/10\/Ruisseau-pr%C3%A9.jpg?resize=100%2C132&amp;ssl=1 100w, https:\/\/i0.wp.com\/asurb.com\/asurb3\/wp-content\/uploads\/2018\/10\/Ruisseau-pr%C3%A9.jpg?w=454&amp;ssl=1 454w\" sizes=\"auto, (max-width: 102px) 100vw, 102px\" \/><\/a><\/strong><br \/>\n<\/span><\/h4>\n<p>de Yousry NASRALLAH \u2013 Egypte \u2013 2016 \u2013 115 min \u2013 fiction \u2013 couleur \u2013 VO arabe STF<\/p>\n<p><em>Yehia et ses fils, sp\u00e9cialistes r\u00e9put\u00e9s, organisent des banquets de f\u00eate en fournissant cuisine et musique. Lors d\u2019un mariage au cours duquel se croisent des amours secr\u00e8tes, un promoteur sans scrupules propose avec insistance de racheter leur commerce. \u200eDevant le refus de Yehia, la proposition tourne \u00e0 la menace\u2026<\/em><\/p>\n<p><span style=\"color: #ff0000;\">Projection suivie d&rsquo;un d\u00e9bat anim\u00e9 par Michel Amarger, journaliste, critique de cin\u00e9ma.<br \/>\n<\/span><\/p>\n<p>&nbsp;<\/p>\n<h4><strong><span style=\"color: #000080;\">Mardi 27 novembre : cin\u00e9ma La Tournelle \u2013 L\u2019Ha\u00ff-les-Roses &#8211; 20h<\/span><\/strong><\/h4>\n<p>&nbsp;<\/p>\n<h4><span style=\"color: #ff0000;\"><strong>\u00a0LES BIENHEUREUX<\/strong><a href=\"https:\/\/i0.wp.com\/asurb.com\/asurb3\/wp-content\/uploads\/2018\/10\/Les-bienheureux.jpg\"><img data-recalc-dims=\"1\" loading=\"lazy\" decoding=\"async\" data-attachment-id=\"2080\" data-permalink=\"https:\/\/asurb.com\/asurb3\/?attachment_id=2080\" data-orig-file=\"https:\/\/i0.wp.com\/asurb.com\/asurb3\/wp-content\/uploads\/2018\/10\/Les-bienheureux.jpg?fit=795%2C1080&amp;ssl=1\" data-orig-size=\"795,1080\" data-comments-opened=\"1\" data-image-meta=\"{&quot;aperture&quot;:&quot;0&quot;,&quot;credit&quot;:&quot;&quot;,&quot;camera&quot;:&quot;&quot;,&quot;caption&quot;:&quot;&quot;,&quot;created_timestamp&quot;:&quot;0&quot;,&quot;copyright&quot;:&quot;&quot;,&quot;focal_length&quot;:&quot;0&quot;,&quot;iso&quot;:&quot;0&quot;,&quot;shutter_speed&quot;:&quot;0&quot;,&quot;title&quot;:&quot;&quot;,&quot;orientation&quot;:&quot;0&quot;}\" data-image-title=\"Les bienheureux\" data-image-description=\"\" data-image-caption=\"\" data-large-file=\"https:\/\/i0.wp.com\/asurb.com\/asurb3\/wp-content\/uploads\/2018\/10\/Les-bienheureux.jpg?fit=754%2C1024&amp;ssl=1\" class=\" wp-image-2080 alignright\" src=\"https:\/\/i0.wp.com\/asurb.com\/asurb3\/wp-content\/uploads\/2018\/10\/Les-bienheureux-221x300.jpg?resize=105%2C143\" alt=\"\" width=\"105\" height=\"143\" srcset=\"https:\/\/i0.wp.com\/asurb.com\/asurb3\/wp-content\/uploads\/2018\/10\/Les-bienheureux.jpg?resize=221%2C300&amp;ssl=1 221w, https:\/\/i0.wp.com\/asurb.com\/asurb3\/wp-content\/uploads\/2018\/10\/Les-bienheureux.jpg?resize=100%2C136&amp;ssl=1 100w, https:\/\/i0.wp.com\/asurb.com\/asurb3\/wp-content\/uploads\/2018\/10\/Les-bienheureux.jpg?resize=754%2C1024&amp;ssl=1 754w, https:\/\/i0.wp.com\/asurb.com\/asurb3\/wp-content\/uploads\/2018\/10\/Les-bienheureux.jpg?resize=600%2C815&amp;ssl=1 600w, https:\/\/i0.wp.com\/asurb.com\/asurb3\/wp-content\/uploads\/2018\/10\/Les-bienheureux.jpg?w=795&amp;ssl=1 795w\" sizes=\"auto, (max-width: 105px) 100vw, 105px\" \/><\/a><\/span><\/h4>\n<p>de Sofia DJAMA &#8211; Alg\u00e9rie\/France\/Belgique -2017 \u2013 102 min \u2013 fiction \u2013 couleur \u2013 VO fran\u00e7ais<\/p>\n<p><em>Alger, quelques ann\u00e9es apr\u00e8s la guerre civile. Amal et Samir ont d\u00e9cid\u00e9 de f\u00eater leur vingti\u00e8me anniversaire de mariage au restaurant. Pendant leur trajet, tous deux \u00e9voquent leur Alg\u00e9rie : Amal, \u00e0 travers la perte des illusions, Samir, par la n\u00e9cessit\u00e9 de s&rsquo;en accommoder. Au m\u00eame moment, Fahim, leur fils, et ses amis, Feriel et Reda, errent dans une Alger qui se referme peu \u00e0 peu sur elle-m\u00eame.<\/em><\/p>\n<p><span style=\"color: #ff0000;\">Projection suivie d&rsquo;un d\u00e9bat en pr\u00e9sence de l&rsquo;actrice\u00a0 Hadjar Ben Mansour<br \/>\n<\/span><\/p>\n<h4><strong><br \/>\n<span style=\"color: #000080;\">Mercredi 28 novembre : cin\u00e9ma Le Select &#8211; Antony &#8211; 18h<\/span><br \/>\n<\/strong><\/h4>\n<h4><strong><br \/>\n<span style=\"color: #ff0000;\">BLACK MAMBA<\/span><a href=\"https:\/\/i0.wp.com\/asurb.com\/asurb3\/wp-content\/uploads\/2018\/10\/Black-mamba.jpg\"><img data-recalc-dims=\"1\" loading=\"lazy\" decoding=\"async\" data-attachment-id=\"2082\" data-permalink=\"https:\/\/asurb.com\/asurb3\/?attachment_id=2082\" data-orig-file=\"https:\/\/i0.wp.com\/asurb.com\/asurb3\/wp-content\/uploads\/2018\/10\/Black-mamba.jpg?fit=696%2C928&amp;ssl=1\" data-orig-size=\"696,928\" data-comments-opened=\"1\" data-image-meta=\"{&quot;aperture&quot;:&quot;0&quot;,&quot;credit&quot;:&quot;&quot;,&quot;camera&quot;:&quot;&quot;,&quot;caption&quot;:&quot;&quot;,&quot;created_timestamp&quot;:&quot;0&quot;,&quot;copyright&quot;:&quot;&quot;,&quot;focal_length&quot;:&quot;0&quot;,&quot;iso&quot;:&quot;0&quot;,&quot;shutter_speed&quot;:&quot;0&quot;,&quot;title&quot;:&quot;&quot;,&quot;orientation&quot;:&quot;1&quot;}\" data-image-title=\"Black mamba\" data-image-description=\"\" data-image-caption=\"\" data-large-file=\"https:\/\/i0.wp.com\/asurb.com\/asurb3\/wp-content\/uploads\/2018\/10\/Black-mamba.jpg?fit=696%2C928&amp;ssl=1\" class=\" wp-image-2082 alignright\" src=\"https:\/\/i0.wp.com\/asurb.com\/asurb3\/wp-content\/uploads\/2018\/10\/Black-mamba-225x300.jpg?resize=102%2C136\" alt=\"\" width=\"102\" height=\"136\" srcset=\"https:\/\/i0.wp.com\/asurb.com\/asurb3\/wp-content\/uploads\/2018\/10\/Black-mamba.jpg?resize=225%2C300&amp;ssl=1 225w, https:\/\/i0.wp.com\/asurb.com\/asurb3\/wp-content\/uploads\/2018\/10\/Black-mamba.jpg?resize=100%2C133&amp;ssl=1 100w, https:\/\/i0.wp.com\/asurb.com\/asurb3\/wp-content\/uploads\/2018\/10\/Black-mamba.jpg?resize=600%2C800&amp;ssl=1 600w, https:\/\/i0.wp.com\/asurb.com\/asurb3\/wp-content\/uploads\/2018\/10\/Black-mamba.jpg?w=696&amp;ssl=1 696w\" sizes=\"auto, (max-width: 102px) 100vw, 102px\" \/><\/a><br \/>\n<\/strong><\/h4>\n<p>de Amel GUELLATY \u2013 Tunisie \u2013 2017 \u2013 20 min \u2013 fiction \u2013 couleur \u2013 VO arabe STF<\/p>\n<p><em>Sarra, jeune fille de la classe moyenne de Tunis, m\u00e8ne, en apparence, la vie ordinaire que sa m\u00e8re lui a trac\u00e9e : elle prend des cours de couture et s&rsquo;appr\u00eate \u00e0 \u00e9pouser un gentil gar\u00e7on. Cependant, Sarra a d&rsquo;autres plans inavou\u00e9s gr\u00e2ce auxquels elle veut \u00e9chapper \u00e0 sa vie actuelle.<\/em><\/p>\n<p>&nbsp;<\/p>\n<p>&nbsp;<\/p>\n<h4><span style=\"color: #ff0000;\"><strong>WULU<a href=\"https:\/\/i0.wp.com\/asurb.com\/asurb3\/wp-content\/uploads\/2018\/10\/Wulu.jpg\"><img data-recalc-dims=\"1\" loading=\"lazy\" decoding=\"async\" data-attachment-id=\"2081\" data-permalink=\"https:\/\/asurb.com\/asurb3\/?attachment_id=2081\" data-orig-file=\"https:\/\/i0.wp.com\/asurb.com\/asurb3\/wp-content\/uploads\/2018\/10\/Wulu.jpg?fit=215%2C290&amp;ssl=1\" data-orig-size=\"215,290\" data-comments-opened=\"1\" data-image-meta=\"{&quot;aperture&quot;:&quot;0&quot;,&quot;credit&quot;:&quot;&quot;,&quot;camera&quot;:&quot;&quot;,&quot;caption&quot;:&quot;&quot;,&quot;created_timestamp&quot;:&quot;0&quot;,&quot;copyright&quot;:&quot;&quot;,&quot;focal_length&quot;:&quot;0&quot;,&quot;iso&quot;:&quot;0&quot;,&quot;shutter_speed&quot;:&quot;0&quot;,&quot;title&quot;:&quot;&quot;,&quot;orientation&quot;:&quot;0&quot;}\" data-image-title=\"Wulu\" data-image-description=\"\" data-image-caption=\"\" data-large-file=\"https:\/\/i0.wp.com\/asurb.com\/asurb3\/wp-content\/uploads\/2018\/10\/Wulu.jpg?fit=215%2C290&amp;ssl=1\" class=\" wp-image-2081 alignright\" src=\"https:\/\/i0.wp.com\/asurb.com\/asurb3\/wp-content\/uploads\/2018\/10\/Wulu.jpg?resize=102%2C138\" alt=\"\" width=\"102\" height=\"138\" srcset=\"https:\/\/i0.wp.com\/asurb.com\/asurb3\/wp-content\/uploads\/2018\/10\/Wulu.jpg?w=215&amp;ssl=1 215w, https:\/\/i0.wp.com\/asurb.com\/asurb3\/wp-content\/uploads\/2018\/10\/Wulu.jpg?resize=100%2C135&amp;ssl=1 100w\" sizes=\"auto, (max-width: 102px) 100vw, 102px\" \/><\/a><\/strong><\/span><\/h4>\n<p>de Daouda COULIBALY &#8211; S\u00e9n\u00e9gal\/France \u2013 2016 &#8211; 95 min \u2013 fiction \u2013 couleur -VO Bambara, fran\u00e7ais.<br \/>\nPrix Ousmane-Sembene au FESPACO en 2017.<\/p>\n<p><em>Ladji, 20 ans, convoyeur dans un car \u00e0 Bamako, souhaite devenir chauffeur mais cette place lui \u00e9chappe au dernier moment. C\u2019est la cassure. Ladji d\u00e9cide de contacter un ami dealer et plonge dans l\u2019univers impitoyable du trafic de coca\u00efne sur fond de corruption\u2026<\/em><\/p>\n<p><span style=\"color: #ff0000;\">Projection suivie d&rsquo;une rencontre avec le producteur Eric N\u00e9v\u00e9<br \/>\n<\/span><\/p>\n<p>&nbsp;<\/p>\n<h4><strong><span style=\"color: #000080;\">jeudi 29 novembre : cin\u00e9ma La Tournelle \u2013 L\u2019Ha\u00ff-les-Roses &#8211; 20h30<\/span><\/strong><\/h4>\n<p>&nbsp;<\/p>\n<h4><strong><span style=\"color: #ff0000;\">AYA<a href=\"https:\/\/i0.wp.com\/asurb.com\/asurb3\/wp-content\/uploads\/2018\/10\/aya-affiche-1.jpg\"><img data-recalc-dims=\"1\" loading=\"lazy\" decoding=\"async\" data-attachment-id=\"2093\" data-permalink=\"https:\/\/asurb.com\/asurb3\/?attachment_id=2093\" data-orig-file=\"https:\/\/i0.wp.com\/asurb.com\/asurb3\/wp-content\/uploads\/2018\/10\/aya-affiche-1.jpg?fit=679%2C960&amp;ssl=1\" data-orig-size=\"679,960\" data-comments-opened=\"1\" data-image-meta=\"{&quot;aperture&quot;:&quot;0&quot;,&quot;credit&quot;:&quot;&quot;,&quot;camera&quot;:&quot;&quot;,&quot;caption&quot;:&quot;&quot;,&quot;created_timestamp&quot;:&quot;0&quot;,&quot;copyright&quot;:&quot;&quot;,&quot;focal_length&quot;:&quot;0&quot;,&quot;iso&quot;:&quot;0&quot;,&quot;shutter_speed&quot;:&quot;0&quot;,&quot;title&quot;:&quot;&quot;,&quot;orientation&quot;:&quot;0&quot;}\" data-image-title=\"aya-affiche-1\" data-image-description=\"\" data-image-caption=\"\" data-large-file=\"https:\/\/i0.wp.com\/asurb.com\/asurb3\/wp-content\/uploads\/2018\/10\/aya-affiche-1.jpg?fit=679%2C960&amp;ssl=1\" class=\" wp-image-2093 alignright\" src=\"https:\/\/i0.wp.com\/asurb.com\/asurb3\/wp-content\/uploads\/2018\/10\/aya-affiche-1-212x300.jpg?resize=103%2C146\" alt=\"\" width=\"103\" height=\"146\" srcset=\"https:\/\/i0.wp.com\/asurb.com\/asurb3\/wp-content\/uploads\/2018\/10\/aya-affiche-1.jpg?resize=212%2C300&amp;ssl=1 212w, https:\/\/i0.wp.com\/asurb.com\/asurb3\/wp-content\/uploads\/2018\/10\/aya-affiche-1.jpg?resize=100%2C141&amp;ssl=1 100w, https:\/\/i0.wp.com\/asurb.com\/asurb3\/wp-content\/uploads\/2018\/10\/aya-affiche-1.jpg?resize=600%2C848&amp;ssl=1 600w, https:\/\/i0.wp.com\/asurb.com\/asurb3\/wp-content\/uploads\/2018\/10\/aya-affiche-1.jpg?w=679&amp;ssl=1 679w\" sizes=\"auto, (max-width: 103px) 100vw, 103px\" \/><\/a><\/span><\/strong><\/h4>\n<h4><\/h4>\n<p>de Moufida FEDHILA &#8211; Tunisie- 2017 \u2013 23 min &#8211; fiction \u2013 couleur &#8211; VO arabe STF<br \/>\nTanit d\u2019or section CM aux Journ\u00e9es Cin\u00e9matographiques de Carthage 2017<br \/>\n<em>Aya vit avec ses parents salafistes, Mariem et Youssef. Par peur d\u2019\u00eatre banni par sa communaut\u00e9 salafiste, Youssef est contraint d\u2019imposer le port du niqab \u00e0 sa femme. Un jour, Aya commet un acte qui bouleversera \u00e0 jamais le destin de sa famille.<\/em><\/p>\n<p>&nbsp;<\/p>\n<p>&nbsp;<\/p>\n<h4><span style=\"color: #ff0000;\"><strong>OUAGA GIRLS<a href=\"https:\/\/i0.wp.com\/asurb.com\/asurb3\/wp-content\/uploads\/2018\/10\/Ouaga-girls.jpg\"><img data-recalc-dims=\"1\" loading=\"lazy\" decoding=\"async\" data-attachment-id=\"2087\" data-permalink=\"https:\/\/asurb.com\/asurb3\/?attachment_id=2087\" data-orig-file=\"https:\/\/i0.wp.com\/asurb.com\/asurb3\/wp-content\/uploads\/2018\/10\/Ouaga-girls.jpg?fit=504%2C720&amp;ssl=1\" data-orig-size=\"504,720\" data-comments-opened=\"1\" data-image-meta=\"{&quot;aperture&quot;:&quot;0&quot;,&quot;credit&quot;:&quot;&quot;,&quot;camera&quot;:&quot;&quot;,&quot;caption&quot;:&quot;&quot;,&quot;created_timestamp&quot;:&quot;0&quot;,&quot;copyright&quot;:&quot;&quot;,&quot;focal_length&quot;:&quot;0&quot;,&quot;iso&quot;:&quot;0&quot;,&quot;shutter_speed&quot;:&quot;0&quot;,&quot;title&quot;:&quot;&quot;,&quot;orientation&quot;:&quot;0&quot;}\" data-image-title=\"Ouaga girls\" data-image-description=\"\" data-image-caption=\"\" data-large-file=\"https:\/\/i0.wp.com\/asurb.com\/asurb3\/wp-content\/uploads\/2018\/10\/Ouaga-girls.jpg?fit=504%2C720&amp;ssl=1\" class=\" wp-image-2087 alignright\" src=\"https:\/\/i0.wp.com\/asurb.com\/asurb3\/wp-content\/uploads\/2018\/10\/Ouaga-girls-210x300.jpg?resize=101%2C144\" alt=\"\" width=\"101\" height=\"144\" srcset=\"https:\/\/i0.wp.com\/asurb.com\/asurb3\/wp-content\/uploads\/2018\/10\/Ouaga-girls.jpg?resize=210%2C300&amp;ssl=1 210w, https:\/\/i0.wp.com\/asurb.com\/asurb3\/wp-content\/uploads\/2018\/10\/Ouaga-girls.jpg?resize=100%2C143&amp;ssl=1 100w, https:\/\/i0.wp.com\/asurb.com\/asurb3\/wp-content\/uploads\/2018\/10\/Ouaga-girls.jpg?w=504&amp;ssl=1 504w\" sizes=\"auto, (max-width: 101px) 100vw, 101px\" \/><\/a><\/strong><\/span><\/h4>\n<p>de Theresa TRAORE DAHLBERG &#8211; Su\u00e8de, Burkina Faso -2017 \u2013 82 min \u2013 documentaire \u2013 couleur \u2013 VOSTF<br \/>\n<em>A Ouagadougou, des jeunes femmes de la campagne se retrouvent dans un centre r\u00e9serv\u00e9 aux femmes pour y recevoir une formation de\u2026 m\u00e9caniciennes automobiles. Heureuses de braver les pr\u00e9jug\u00e9s, elles forment un groupe joyeux et solidaire pr\u00e9sent\u00e9 avec sympathie par la r\u00e9alisatrice.<\/em><\/p>\n<p><span style=\"color: #ff0000;\">Projection suivie d&rsquo;une rencontre avec le distributeur Matthieu de Foncal<\/span><\/p>\n<p>&nbsp;<\/p>\n<h4><span style=\"color: #000080;\"><strong>Vendredi 30 novembre : <\/strong><\/span><strong><span style=\"color: #000080;\">Maison pour tous\u00a0G\u00e9rard Philipe \u2013 Villejuif &#8211;<br \/>\n<\/span><\/strong><\/h4>\n<p>&nbsp;<\/p>\n<h4><strong><span style=\"color: #ff0000;\">LE BLEU BLANC ROUGE DE MES CHEVEUX\u00a0 &#8211; 20h<a href=\"https:\/\/i0.wp.com\/asurb.com\/asurb3\/wp-content\/uploads\/2018\/10\/bleu-blanc-rouge.jpg\"><img data-recalc-dims=\"1\" loading=\"lazy\" decoding=\"async\" data-attachment-id=\"2083\" data-permalink=\"https:\/\/asurb.com\/asurb3\/?attachment_id=2083\" data-orig-file=\"https:\/\/i0.wp.com\/asurb.com\/asurb3\/wp-content\/uploads\/2018\/10\/bleu-blanc-rouge.jpg?fit=763%2C1080&amp;ssl=1\" data-orig-size=\"763,1080\" data-comments-opened=\"1\" data-image-meta=\"{&quot;aperture&quot;:&quot;0&quot;,&quot;credit&quot;:&quot;&quot;,&quot;camera&quot;:&quot;&quot;,&quot;caption&quot;:&quot;&quot;,&quot;created_timestamp&quot;:&quot;0&quot;,&quot;copyright&quot;:&quot;&quot;,&quot;focal_length&quot;:&quot;0&quot;,&quot;iso&quot;:&quot;0&quot;,&quot;shutter_speed&quot;:&quot;0&quot;,&quot;title&quot;:&quot;&quot;,&quot;orientation&quot;:&quot;0&quot;}\" data-image-title=\"bleu blanc rouge\" data-image-description=\"\" data-image-caption=\"\" data-large-file=\"https:\/\/i0.wp.com\/asurb.com\/asurb3\/wp-content\/uploads\/2018\/10\/bleu-blanc-rouge.jpg?fit=723%2C1024&amp;ssl=1\" class=\" wp-image-2083 alignright\" src=\"https:\/\/i0.wp.com\/asurb.com\/asurb3\/wp-content\/uploads\/2018\/10\/bleu-blanc-rouge-212x300.jpg?resize=102%2C144\" alt=\"\" width=\"102\" height=\"144\" srcset=\"https:\/\/i0.wp.com\/asurb.com\/asurb3\/wp-content\/uploads\/2018\/10\/bleu-blanc-rouge.jpg?resize=212%2C300&amp;ssl=1 212w, https:\/\/i0.wp.com\/asurb.com\/asurb3\/wp-content\/uploads\/2018\/10\/bleu-blanc-rouge.jpg?resize=100%2C142&amp;ssl=1 100w, https:\/\/i0.wp.com\/asurb.com\/asurb3\/wp-content\/uploads\/2018\/10\/bleu-blanc-rouge.jpg?resize=723%2C1024&amp;ssl=1 723w, https:\/\/i0.wp.com\/asurb.com\/asurb3\/wp-content\/uploads\/2018\/10\/bleu-blanc-rouge.jpg?resize=600%2C849&amp;ssl=1 600w, https:\/\/i0.wp.com\/asurb.com\/asurb3\/wp-content\/uploads\/2018\/10\/bleu-blanc-rouge.jpg?w=763&amp;ssl=1 763w\" sizes=\"auto, (max-width: 102px) 100vw, 102px\" \/><\/a><\/span><\/strong><\/h4>\n<p>de Josza ANJEMBE \u2013 France\/Cameroun &#8211; 2016 \u2013 21 min &#8211; fiction \u2013 couleur \u2013 VO fran\u00e7ais<br \/>\nNomin\u00e9 aux C\u00e9sars 2018, cat\u00e9gorie courts-m\u00e9trages<strong><br \/>\n<\/strong><em>\u00c0 17 ans, Seyna, une adolescente d\u2019origine s\u00e9n\u00e9galaise, se passionne pour l&rsquo;histoire de la France, le pays qui l&rsquo;a vue na\u00eetre et dont elle est profond\u00e9ment amoureuse. Son baccalaur\u00e9at en poche et sa majorit\u00e9 approchant, Seyna n&rsquo;aspire qu&rsquo;\u00e0 une chose : acqu\u00e9rir la nationalit\u00e9 fran\u00e7aise. Mais son p\u00e8re Amidou s&rsquo;y oppose farouchement.<\/em><\/p>\n<p>&nbsp;<\/p>\n<p>&nbsp;<\/p>\n<h4><strong><span style=\"color: #ff0000;\">UNE SAISON EN FRANCE &#8211; 20h30<a href=\"https:\/\/i0.wp.com\/asurb.com\/asurb3\/wp-content\/uploads\/2018\/10\/une-saison-en-France.jpg\"><img data-recalc-dims=\"1\" loading=\"lazy\" decoding=\"async\" data-attachment-id=\"2090\" data-permalink=\"https:\/\/asurb.com\/asurb3\/?attachment_id=2090\" data-orig-file=\"https:\/\/i0.wp.com\/asurb.com\/asurb3\/wp-content\/uploads\/2018\/10\/une-saison-en-France.jpg?fit=215%2C290&amp;ssl=1\" data-orig-size=\"215,290\" data-comments-opened=\"1\" data-image-meta=\"{&quot;aperture&quot;:&quot;0&quot;,&quot;credit&quot;:&quot;&quot;,&quot;camera&quot;:&quot;&quot;,&quot;caption&quot;:&quot;&quot;,&quot;created_timestamp&quot;:&quot;0&quot;,&quot;copyright&quot;:&quot;&quot;,&quot;focal_length&quot;:&quot;0&quot;,&quot;iso&quot;:&quot;0&quot;,&quot;shutter_speed&quot;:&quot;0&quot;,&quot;title&quot;:&quot;&quot;,&quot;orientation&quot;:&quot;0&quot;}\" data-image-title=\"une saison en France\" data-image-description=\"\" data-image-caption=\"\" data-large-file=\"https:\/\/i0.wp.com\/asurb.com\/asurb3\/wp-content\/uploads\/2018\/10\/une-saison-en-France.jpg?fit=215%2C290&amp;ssl=1\" class=\" wp-image-2090 alignright\" src=\"https:\/\/i0.wp.com\/asurb.com\/asurb3\/wp-content\/uploads\/2018\/10\/une-saison-en-France.jpg?resize=102%2C138\" alt=\"\" width=\"102\" height=\"138\" srcset=\"https:\/\/i0.wp.com\/asurb.com\/asurb3\/wp-content\/uploads\/2018\/10\/une-saison-en-France.jpg?w=215&amp;ssl=1 215w, https:\/\/i0.wp.com\/asurb.com\/asurb3\/wp-content\/uploads\/2018\/10\/une-saison-en-France.jpg?resize=100%2C135&amp;ssl=1 100w\" sizes=\"auto, (max-width: 102px) 100vw, 102px\" \/><\/a><\/span><\/strong><\/h4>\n<p><strong><br \/>\n<\/strong>de Mahamat Saleh HAROUN \u2013 France \u2013 2017 \u2013 97 min \u2013 fiction \u2013 couleur -VO fran\u00e7ais<\/p>\n<p><em>Abbas, professeur de fran\u00e7ais, a fui la guerre en Centrafrique pour b\u00e2tir une nouvelle vie en France. En attendant d\u2019obtenir le statut de r\u00e9fugi\u00e9, le quotidien d\u2019Abbas s\u2019organise : ses enfants sont scolaris\u00e9s, il travaille sur un march\u00e9 o\u00f9 il a rencontr\u00e9 Carole, sensible au courage de cet homme. Mais si le droit d\u2019asile lui \u00e9tait refus\u00e9, qu\u2019adviendrait-il\u00a0?<\/em><\/p>\n<p><span style=\"color: #ff0000;\">Projection suivie d&rsquo;une rencontre avec l&rsquo;acteur du film : Bibi Tanga.<\/span><\/p>\n<h4><strong><br \/>\n<span style=\"color: #000080;\"><span style=\"color: #ff0000;\">Week-end consacr\u00e9 au cin\u00e9ma d&rsquo;Afrique du sud :\u00a0<\/span> <\/span><\/strong><\/h4>\n<h4><\/h4>\n<h4><strong><span style=\"color: #000080;\">Samedi 01 d\u00e9cembre\u00a0: cin\u00e9ma\u00a0Jean Vilar \u2013 Arcueil &#8211; 18h<br \/>\n<\/span><\/strong><\/h4>\n<h4><strong><br \/>\n<span style=\"color: #ff0000;\">ELLEN PAKKIES<a href=\"https:\/\/i0.wp.com\/asurb.com\/asurb3\/wp-content\/uploads\/2018\/10\/Ellen-pakies.jpg\"><img data-recalc-dims=\"1\" loading=\"lazy\" decoding=\"async\" data-attachment-id=\"2084\" data-permalink=\"https:\/\/asurb.com\/asurb3\/?attachment_id=2084\" data-orig-file=\"https:\/\/i0.wp.com\/asurb.com\/asurb3\/wp-content\/uploads\/2018\/10\/Ellen-pakies.jpg?fit=182%2C268&amp;ssl=1\" data-orig-size=\"182,268\" data-comments-opened=\"1\" data-image-meta=\"{&quot;aperture&quot;:&quot;0&quot;,&quot;credit&quot;:&quot;&quot;,&quot;camera&quot;:&quot;&quot;,&quot;caption&quot;:&quot;&quot;,&quot;created_timestamp&quot;:&quot;0&quot;,&quot;copyright&quot;:&quot;&quot;,&quot;focal_length&quot;:&quot;0&quot;,&quot;iso&quot;:&quot;0&quot;,&quot;shutter_speed&quot;:&quot;0&quot;,&quot;title&quot;:&quot;&quot;,&quot;orientation&quot;:&quot;0&quot;}\" data-image-title=\"Ellen pakies\" data-image-description=\"\" data-image-caption=\"\" data-large-file=\"https:\/\/i0.wp.com\/asurb.com\/asurb3\/wp-content\/uploads\/2018\/10\/Ellen-pakies.jpg?fit=182%2C268&amp;ssl=1\" class=\" wp-image-2084 alignright\" src=\"https:\/\/i0.wp.com\/asurb.com\/asurb3\/wp-content\/uploads\/2018\/10\/Ellen-pakies.jpg?resize=102%2C151\" alt=\"\" width=\"102\" height=\"151\" srcset=\"https:\/\/i0.wp.com\/asurb.com\/asurb3\/wp-content\/uploads\/2018\/10\/Ellen-pakies.jpg?w=182&amp;ssl=1 182w, https:\/\/i0.wp.com\/asurb.com\/asurb3\/wp-content\/uploads\/2018\/10\/Ellen-pakies.jpg?resize=100%2C147&amp;ssl=1 100w\" sizes=\"auto, (max-width: 102px) 100vw, 102px\" \/><\/a><\/span><\/strong><\/h4>\n<p>de Daryne JOSHUA \u2013 Afrique du Sud \u2013 2018 \u2013 124 min \u2013 fiction d\u2019apr\u00e8s une histoire vraie \u2013 couleur- VO anglais et afrikaans STF.<br \/>\n<em>A Cape Flats, un quartier pauvre de la ville du Cap o\u00f9 s\u00e9vit la violence, une m\u00e8re de famille, Ellen Pakkies, vient se livrer \u00e0 la police car elle a tu\u00e9 son fils, un jeune adulte. Parall\u00e8lement \u00e0 l\u2019enqu\u00eate, une s\u00e9rie de retours en arri\u00e8re explique comment elle en est arriv\u00e9e l\u00e0.<\/em><\/p>\n<p><span style=\"color: #800000;\"><span style=\"color: #ff0000;\">Projection suivie d&rsquo;un d\u00e9bat anim\u00e9 par Michel Amarger, journaliste, critique de cin\u00e9ma en pr\u00e9sence du r\u00e9alisateur Daryne Joshua<\/span><br \/>\n<\/span><\/p>\n<h4><span style=\"color: #000080;\"><strong><br \/>\nSamedi 01 d\u00e9cembre\u00a0: cin\u00e9ma\u00a0Jean Vilar \u2013 Arcueil &#8211; 20h30<\/strong><\/span><\/h4>\n<h4><span style=\"color: #ff0000;\"><strong><br \/>\nTHE AFRICAN CYPHER<\/strong><\/span><\/h4>\n<p>de Bryan LITTLE &#8211; Afrique du Sud \u2013 2012 &#8211; 88 min \u2013 documentaire musical \u2013 couleur &#8211; VOSTF<a href=\"https:\/\/i0.wp.com\/asurb.com\/asurb3\/wp-content\/uploads\/2018\/10\/The-african-Cypher.jpg\"><img data-recalc-dims=\"1\" loading=\"lazy\" decoding=\"async\" data-attachment-id=\"2089\" data-permalink=\"https:\/\/asurb.com\/asurb3\/?attachment_id=2089\" data-orig-file=\"https:\/\/i0.wp.com\/asurb.com\/asurb3\/wp-content\/uploads\/2018\/10\/The-african-Cypher.jpg?fit=215%2C290&amp;ssl=1\" data-orig-size=\"215,290\" data-comments-opened=\"1\" data-image-meta=\"{&quot;aperture&quot;:&quot;0&quot;,&quot;credit&quot;:&quot;&quot;,&quot;camera&quot;:&quot;&quot;,&quot;caption&quot;:&quot;&quot;,&quot;created_timestamp&quot;:&quot;0&quot;,&quot;copyright&quot;:&quot;&quot;,&quot;focal_length&quot;:&quot;0&quot;,&quot;iso&quot;:&quot;0&quot;,&quot;shutter_speed&quot;:&quot;0&quot;,&quot;title&quot;:&quot;&quot;,&quot;orientation&quot;:&quot;0&quot;}\" data-image-title=\"The african Cypher\" data-image-description=\"\" data-image-caption=\"\" data-large-file=\"https:\/\/i0.wp.com\/asurb.com\/asurb3\/wp-content\/uploads\/2018\/10\/The-african-Cypher.jpg?fit=215%2C290&amp;ssl=1\" class=\"wp-image-2089 alignright\" src=\"https:\/\/i0.wp.com\/asurb.com\/asurb3\/wp-content\/uploads\/2018\/10\/The-african-Cypher.jpg?resize=102%2C138\" alt=\"\" width=\"102\" height=\"138\" srcset=\"https:\/\/i0.wp.com\/asurb.com\/asurb3\/wp-content\/uploads\/2018\/10\/The-african-Cypher.jpg?w=215&amp;ssl=1 215w, https:\/\/i0.wp.com\/asurb.com\/asurb3\/wp-content\/uploads\/2018\/10\/The-african-Cypher.jpg?resize=100%2C135&amp;ssl=1 100w\" sizes=\"auto, (max-width: 102px) 100vw, 102px\" \/><\/a><\/p>\n<p><em>Traversant son pays \u00e0 la rencontre de danseurs hip-hop, Bryan Little s\u2019int\u00e9resse au milieu du Pantsula dans les ghettos de Cape Town. Le film suit le quotidien d\u2019un groupe de danseurs dans leur pr\u00e9paration d\u2019un concours de \u00ab\u00a0street dance\u00a0\u00bb et montre le style et le message d\u2019espoir communicatif qu\u2019ils d\u00e9veloppent.<\/em><\/p>\n<p><span style=\"color: #ff0000;\">Projection suivie d&rsquo;un d\u00e9bat anim\u00e9 par Michel Amarger, journaliste, critique de cin\u00e9ma<\/span><\/p>\n<h4><span style=\"color: #000080;\"><strong><br \/>\nDimanche 02 d\u00e9cembre : cin\u00e9ma\u00a0Jean Vilar \u2013 Arcueil &#8211; <\/strong><strong>16h00<\/strong><\/span><\/h4>\n<p>&nbsp;<\/p>\n<h4 style=\"text-align: center;\"><strong><span style=\"color: #0000ff;\">Chants sud-africains par la chorale : \u00ab\u00a0La voix est libre\u00a0\u00bb<\/span><\/strong><\/h4>\n<p>&nbsp;<\/p>\n<h4><span style=\"color: #ff0000;\"><strong>KANYE KANYE<a href=\"https:\/\/i0.wp.com\/asurb.com\/asurb3\/wp-content\/uploads\/2018\/10\/Kanye-kanye.jpg\"><img data-recalc-dims=\"1\" loading=\"lazy\" decoding=\"async\" data-attachment-id=\"2085\" data-permalink=\"https:\/\/asurb.com\/asurb3\/?attachment_id=2085\" data-orig-file=\"https:\/\/i0.wp.com\/asurb.com\/asurb3\/wp-content\/uploads\/2018\/10\/Kanye-kanye.jpg?fit=699%2C989&amp;ssl=1\" data-orig-size=\"699,989\" data-comments-opened=\"1\" data-image-meta=\"{&quot;aperture&quot;:&quot;0&quot;,&quot;credit&quot;:&quot;&quot;,&quot;camera&quot;:&quot;&quot;,&quot;caption&quot;:&quot;&quot;,&quot;created_timestamp&quot;:&quot;0&quot;,&quot;copyright&quot;:&quot;&quot;,&quot;focal_length&quot;:&quot;0&quot;,&quot;iso&quot;:&quot;0&quot;,&quot;shutter_speed&quot;:&quot;0&quot;,&quot;title&quot;:&quot;&quot;,&quot;orientation&quot;:&quot;0&quot;}\" data-image-title=\"Kanye kanye\" data-image-description=\"\" data-image-caption=\"\" data-large-file=\"https:\/\/i0.wp.com\/asurb.com\/asurb3\/wp-content\/uploads\/2018\/10\/Kanye-kanye.jpg?fit=699%2C989&amp;ssl=1\" class=\" wp-image-2085 alignright\" src=\"https:\/\/i0.wp.com\/asurb.com\/asurb3\/wp-content\/uploads\/2018\/10\/Kanye-kanye-212x300.jpg?resize=102%2C144\" alt=\"\" width=\"102\" height=\"144\" srcset=\"https:\/\/i0.wp.com\/asurb.com\/asurb3\/wp-content\/uploads\/2018\/10\/Kanye-kanye.jpg?resize=212%2C300&amp;ssl=1 212w, https:\/\/i0.wp.com\/asurb.com\/asurb3\/wp-content\/uploads\/2018\/10\/Kanye-kanye.jpg?resize=100%2C141&amp;ssl=1 100w, https:\/\/i0.wp.com\/asurb.com\/asurb3\/wp-content\/uploads\/2018\/10\/Kanye-kanye.jpg?resize=600%2C849&amp;ssl=1 600w, https:\/\/i0.wp.com\/asurb.com\/asurb3\/wp-content\/uploads\/2018\/10\/Kanye-kanye.jpg?w=699&amp;ssl=1 699w\" sizes=\"auto, (max-width: 102px) 100vw, 102px\" \/><\/a><\/strong><\/span><\/h4>\n<p>de Miklas MANNEKE \u2013Afrique du Sud \u2013 2013 -25 min &#8211; fiction \/animation\u2013 couleur \u2013 VO zulu STF<\/p>\n<p><em>La ville est divis\u00e9e par une ligne marquant la s\u00e9paration entre les camps vert et rouge. Pourtant, Thomas, un jeune homme du camp vert, tombe amoureux de Thandi qui appartient \u00e0 la partie rouge de la ville. Comment les deux jeunes gens, qui sont contre le partage des camps, r\u00e9ussiront-ils \u00e0 communiquer et \u00e0 abolir la fronti\u00e8re ?<\/em><\/p>\n<p>&nbsp;<\/p>\n<p>&nbsp;<\/p>\n<h4><span style=\"color: #ff0000;\"><strong>LA CAMERA DE BOIS<a href=\"https:\/\/i0.wp.com\/asurb.com\/asurb3\/wp-content\/uploads\/2018\/10\/la-cam%C3%A9ra-de-bois.jpg\"><img data-recalc-dims=\"1\" loading=\"lazy\" decoding=\"async\" data-attachment-id=\"2086\" data-permalink=\"https:\/\/asurb.com\/asurb3\/?attachment_id=2086\" data-orig-file=\"https:\/\/i0.wp.com\/asurb.com\/asurb3\/wp-content\/uploads\/2018\/10\/la-cam%C3%A9ra-de-bois.jpg?fit=215%2C290&amp;ssl=1\" data-orig-size=\"215,290\" data-comments-opened=\"1\" data-image-meta=\"{&quot;aperture&quot;:&quot;0&quot;,&quot;credit&quot;:&quot;&quot;,&quot;camera&quot;:&quot;&quot;,&quot;caption&quot;:&quot;&quot;,&quot;created_timestamp&quot;:&quot;0&quot;,&quot;copyright&quot;:&quot;&quot;,&quot;focal_length&quot;:&quot;0&quot;,&quot;iso&quot;:&quot;0&quot;,&quot;shutter_speed&quot;:&quot;0&quot;,&quot;title&quot;:&quot;&quot;,&quot;orientation&quot;:&quot;0&quot;}\" data-image-title=\"la cam\u00e9ra de bois\" data-image-description=\"\" data-image-caption=\"\" data-large-file=\"https:\/\/i0.wp.com\/asurb.com\/asurb3\/wp-content\/uploads\/2018\/10\/la-cam%C3%A9ra-de-bois.jpg?fit=215%2C290&amp;ssl=1\" class=\" wp-image-2086 alignright\" src=\"https:\/\/i0.wp.com\/asurb.com\/asurb3\/wp-content\/uploads\/2018\/10\/la-cam%C3%A9ra-de-bois.jpg?resize=102%2C138\" alt=\"\" width=\"102\" height=\"138\" srcset=\"https:\/\/i0.wp.com\/asurb.com\/asurb3\/wp-content\/uploads\/2018\/10\/la-cam%C3%A9ra-de-bois.jpg?w=215&amp;ssl=1 215w, https:\/\/i0.wp.com\/asurb.com\/asurb3\/wp-content\/uploads\/2018\/10\/la-cam%C3%A9ra-de-bois.jpg?resize=100%2C135&amp;ssl=1 100w\" sizes=\"auto, (max-width: 102px) 100vw, 102px\" \/><\/a><\/strong><\/span><\/h4>\n<p>de Ntshavheni WA LURULI \u2013 90 min \u2013 Afrique du Sud \u2013 2003 \u2013 fiction \u2013 couleur &#8211; VO anglaisSTF<\/p>\n<p><em>Au Cap, en Afrique du Sud, deux ados des townships, Madiba et Sipho, amis et fr\u00e8res de sang, trouvent sur un cadavre un pistolet et une cam\u00e9ra vid\u00e9o. Madiba s\u2019empare, h\u00e9sitant et \u00e9merveill\u00e9, de la cam\u00e9ra tandis que Sipho s\u2019amuse \u00e0 tirer avec le pistolet, s\u2019imaginant d\u00e9j\u00e0 gangster. Leur choix s\u00e9pare leurs destins jusque-l\u00e0 li\u00e9s.<\/em><\/p>\n<p><span style=\"color: #ff0000;\">Projections suivies d&rsquo;un d\u00e9bat anim\u00e9 par Michel Amarger, journaliste, critique de cin\u00e9ma en pr\u00e9sence du producteur Olivier Delahaye qui signera son livre : \u00ab\u00a0La cam\u00e9ra de bois\u00a0\u00bb publi\u00e9 par les \u00e9ditions Grandvaux en octobre 2017.<br \/>\n<\/span><\/p>\n<h4><span style=\"color: #000080;\"><strong>Les salles\u00a0:<\/strong><\/span><\/h4>\n<ul>\n<li><strong> Cin\u00e9ma La Pl\u00e9iade<br \/>\n<\/strong>12 avenue Cousin de M\u00e9ricourt 94230 Cachan -T\u00e9l. 01 46 65 06 98<\/li>\n<li><strong>Cin\u00e9ma La Tournelle<br \/>\n<\/strong>14 rue Dispan 94240 L\u2019Ha\u00ff les Roses -T\u00e9l. 01 49 08 50 71<\/li>\n<li><strong>Cin\u00e9ma Le Select<\/strong><br \/>\n10 avenue de la Divison Leclerc 92160 Antony &#8211; Tel 07 40 96 64 64<\/li>\n<li><strong>Espace Municipal Jean Vilar<br \/>\n<\/strong>1 rue Paul Signac 94110 Arcueil -T\u00e9l. 01 41 24 25 50<\/li>\n<li><strong> Maison Pour Tous G\u00e9rard Philipe<br \/>\n<\/strong>118 rue Youri Gagarine 94800 Villejuif -T\u00e9l. 01 46 86 08 05<\/li>\n<\/ul>\n","protected":false},"excerpt":{"rendered":"<p>Du\u00a0vendredi 23 novembre au dimanche 02 d\u00e9cembre\u00a02018, l\u2019association Afrique sur Bi\u00e8vre organise la 12\u00e8me \u00e9dition du festival\u00a0 \u00ab\u00a0CINE REGARDS AFRICAINS\u00a0\u00bb Dans les villes d&rsquo;Antony,\u00a0 Arcueil, Cachan, Gentilly,\u00a0 l\u2019Ha\u00ff-les-Roses et Villejuif [&hellip;]<\/p>\n","protected":false},"author":1,"featured_media":0,"comment_status":"open","ping_status":"open","sticky":false,"template":"","format":"standard","meta":{"_jetpack_memberships_contains_paid_content":false,"footnotes":"","jetpack_publicize_message":"","jetpack_publicize_feature_enabled":true,"jetpack_social_post_already_shared":true,"jetpack_social_options":{"image_generator_settings":{"template":"highway","default_image_id":0,"font":"","enabled":false},"version":2}},"categories":[4],"tags":[],"class_list":["post-2070","post","type-post","status-publish","format-standard","hentry","category-activites"],"jetpack_publicize_connections":[],"jetpack_featured_media_url":"","jetpack_sharing_enabled":true,"jetpack_shortlink":"https:\/\/wp.me\/p7C6tF-xo","jetpack-related-posts":[{"id":1,"url":"https:\/\/asurb.com\/asurb3\/?p=1","url_meta":{"origin":2070,"position":0},"title":"Festival 2016","author":"webmaster","date":"30 mai 2016","format":false,"excerpt":"La 10 e \u00e9dition du festival Cin\u00e9 Regards Africains organis\u00e9 par\u00a0l'association Afrique Sur Bi\u00e8vre aura lieu du vendredi 18 au dimanche 27 novembre 2016\u00a0dans les communes du Val de Bi\u00e8vre. Le programme est disponible sur https:\/\/asurb.com","rel":"","context":"Dans &quot;Festival&quot;","block_context":{"text":"Festival","link":"https:\/\/asurb.com\/asurb3\/?cat=9"},"img":{"alt_text":"Masque_TitreRubriq-2016","src":"https:\/\/i0.wp.com\/asurb.com\/asurb3\/wp-content\/uploads\/2016\/05\/Masque_TitreRubriq-2016.jpg?resize=350%2C200&ssl=1","width":350,"height":200},"classes":[]},{"id":4702,"url":"https:\/\/asurb.com\/asurb3\/?p=4702","url_meta":{"origin":2070,"position":1},"title":"Programme du festival : Cin\u00e9 regards Africains 2025","author":"webmaster","date":"14 novembre 2025","format":false,"excerpt":"Programme du festival 2025 L\u2019\u00e9quipe b\u00e9n\u00e9vole de l\u2019association Afrique sur Bi\u00e8vre\u00a0 a pr\u00e9par\u00e9 pour vous la 18\u00e8me \u00e9dition du festival Cin\u00e9 Regards Africains. Le festival se d\u00e9roulera dans les salles de cin\u00e9ma partenaires du 21 novembre au 30 novembre 2025. Retenez bien ces dates pour voir notre s\u00e9lection de films\u2026","rel":"","context":"Dans &quot;Festival&quot;","block_context":{"text":"Festival","link":"https:\/\/asurb.com\/asurb3\/?cat=9"},"img":{"alt_text":"","src":"https:\/\/i0.wp.com\/asurb.com\/asurb3\/wp-content\/uploads\/2025\/10\/Affiche-2025-215x300.jpg?resize=350%2C200&ssl=1","width":350,"height":200},"classes":[]},{"id":1523,"url":"https:\/\/asurb.com\/asurb3\/?p=1523","url_meta":{"origin":2070,"position":2},"title":"Festival 2017","author":"webmaster","date":"17 mars 2017","format":false,"excerpt":"\u00a0 La 11 e \u00e9dition du festival Cin\u00e9 Regards Africains organis\u00e9 par\u00a0l'association Afrique Sur Bi\u00e8vre aura lieu du vendredi 24 novembre au dimanche 03 d\u00e9cembre\u00a02017\u00a0dans les communes du Val de Bi\u00e8vre. En attendant, vous pouvez t\u00e9l\u00e9charger notre d\u00e9pliant ou notre programme \u00e7i dessus. \u00a0","rel":"","context":"Dans &quot;Festival&quot;","block_context":{"text":"Festival","link":"https:\/\/asurb.com\/asurb3\/?cat=9"},"img":{"alt_text":"","src":"","width":0,"height":0},"classes":[]},{"id":1608,"url":"https:\/\/asurb.com\/asurb3\/?p=1608","url_meta":{"origin":2070,"position":3},"title":"Afrique sur Bi\u00e8vre au festival Cin\u00e9mas d&rsquo;Afrique d&rsquo;Angers  (16-21 mai 2017)","author":"webmaster","date":"18 mai 2017","format":false,"excerpt":"Afrique sur Bi\u00e8vre \u00e9tait cette ann\u00e9e encore \u00e0 Angers pour la 16e \u00e9dition du Festival Cin\u00e9mas d\u2019Afrique\u00a0. Organis\u00e9e par la dynamique association Cultures et Cin\u00e9mas d\u2019Afrique avec le soutien de la ville, du d\u00e9partement et de la r\u00e9gion Pays de la Loire ainsi que d\u2019autres partenaires, cette manifestation a lieu\u2026","rel":"","context":"Dans &quot;Activit\u00e9s&quot;","block_context":{"text":"Activit\u00e9s","link":"https:\/\/asurb.com\/asurb3\/?cat=4"},"img":{"alt_text":"","src":"","width":0,"height":0},"classes":[]},{"id":1177,"url":"https:\/\/asurb.com\/asurb3\/?p=1177","url_meta":{"origin":2070,"position":4},"title":"Un article de Michel Amarger","author":"webmaster","date":"28 novembre 2016","format":false,"excerpt":"Dans la revue Images francophones, \u00e0 la date du 23\/11\/2016, dans son article \"Tremplin pour deux r\u00e9alisatrices africaines\", Michel Amarger* rappelle les objectifs du concours de courts-m\u00e9trages organis\u00e9 par Afrique sur Bi\u00e8vre, et communique les longues interviews qu'il a r\u00e9alis\u00e9es avec les deux laur\u00e9ates. \u2022\u00a0Tremplin pour deux r\u00e9alisatrices africaines *Michel\u00a0\u2026","rel":"","context":"Dans &quot;Autour du festival&quot;","block_context":{"text":"Autour du festival","link":"https:\/\/asurb.com\/asurb3\/?cat=12"},"img":{"alt_text":"michelamarger","src":"https:\/\/i0.wp.com\/asurb.com\/asurb3\/wp-content\/uploads\/2016\/11\/MichelAmarger-100x82.jpg?resize=350%2C200&ssl=1","width":350,"height":200},"classes":[]},{"id":3413,"url":"https:\/\/asurb.com\/asurb3\/?p=3413","url_meta":{"origin":2070,"position":5},"title":"\u00ab\u00a0Le p\u00e8re de Nafi\u00a0\u00bb au cin\u00e9ma La Pl\u00e9iade \u00e0 Cachan, le mardi 11 octobre 2022 \u00e0 20h30 dans le cadre du mardi des r\u00e9alisateurs, en partenariat avec Afrique sur Bi\u00e8vre","author":"webmaster","date":"7 septembre 2022","format":false,"excerpt":"Le fim \"Le p\u00e8re de Nafi\" de Mamadou DIA, r\u00e9alisateur s\u00e9n\u00e9galais, a re\u00e7u le Prix du jury lors du festival Cin\u00e9 Regards Africains 2021. Pr\u00e9sentation et d\u00e9bats assur\u00e9s par Catherine Ruelle (journaliste politique et critique de cin\u00e9ma) Un imam mod\u00e9r\u00e9 d\u2019une petite ville du nord du S\u00e9n\u00e9gal s\u2019oppose \u00e0 son\u2026","rel":"","context":"Dans &quot;Hors festival&quot;","block_context":{"text":"Hors festival","link":"https:\/\/asurb.com\/asurb3\/?cat=10"},"img":{"alt_text":"","src":"https:\/\/i0.wp.com\/asurb.com\/asurb3\/wp-content\/uploads\/2021\/08\/Nafi.jpg?resize=350%2C200&ssl=1","width":350,"height":200},"classes":[]}],"_links":{"self":[{"href":"https:\/\/asurb.com\/asurb3\/index.php?rest_route=\/wp\/v2\/posts\/2070","targetHints":{"allow":["GET"]}}],"collection":[{"href":"https:\/\/asurb.com\/asurb3\/index.php?rest_route=\/wp\/v2\/posts"}],"about":[{"href":"https:\/\/asurb.com\/asurb3\/index.php?rest_route=\/wp\/v2\/types\/post"}],"author":[{"embeddable":true,"href":"https:\/\/asurb.com\/asurb3\/index.php?rest_route=\/wp\/v2\/users\/1"}],"replies":[{"embeddable":true,"href":"https:\/\/asurb.com\/asurb3\/index.php?rest_route=%2Fwp%2Fv2%2Fcomments&post=2070"}],"version-history":[{"count":26,"href":"https:\/\/asurb.com\/asurb3\/index.php?rest_route=\/wp\/v2\/posts\/2070\/revisions"}],"predecessor-version":[{"id":2219,"href":"https:\/\/asurb.com\/asurb3\/index.php?rest_route=\/wp\/v2\/posts\/2070\/revisions\/2219"}],"wp:attachment":[{"href":"https:\/\/asurb.com\/asurb3\/index.php?rest_route=%2Fwp%2Fv2%2Fmedia&parent=2070"}],"wp:term":[{"taxonomy":"category","embeddable":true,"href":"https:\/\/asurb.com\/asurb3\/index.php?rest_route=%2Fwp%2Fv2%2Fcategories&post=2070"},{"taxonomy":"post_tag","embeddable":true,"href":"https:\/\/asurb.com\/asurb3\/index.php?rest_route=%2Fwp%2Fv2%2Ftags&post=2070"}],"curies":[{"name":"wp","href":"https:\/\/api.w.org\/{rel}","templated":true}]}}