{"id":2361,"date":"2019-01-23T09:44:10","date_gmt":"2019-01-23T08:44:10","guid":{"rendered":"https:\/\/asurb.com\/asurb3\/?p=2361"},"modified":"2019-01-23T17:25:16","modified_gmt":"2019-01-23T16:25:16","slug":"projection-du-film-hyenes-de-djibril-diop-mambety","status":"publish","type":"post","link":"https:\/\/asurb.com\/asurb3\/?p=2361","title":{"rendered":"Projection du film : \u00ab\u00a0Hy\u00e8nes\u00a0\u00bb de Djibril Diop Mambety"},"content":{"rendered":"<p><a href=\"https:\/\/www.arcueil.fr\/le-cinema-jean-vilar\/\">Le cin\u00e9ma Jean Vilar \u00e0 Arcueil<\/a> programme le mardi 12 f\u00e9vrier 2019 \u00e0 20h, le film\u00a0: <strong>\u00ab\u00a0Hy\u00e8nes\u00a0\u00bb, un film du r\u00e9alisateur s\u00e9n\u00e9galais <a href=\"http:\/\/www.africine.org\/?menu=fiche&amp;no=3272\">Djibril Diop Mambety<\/a><\/strong> disparu \u00e0 l&rsquo;\u00e2ge de 53 ans en juillet 1998.<a href=\"https:\/\/i0.wp.com\/asurb.com\/asurb3\/wp-content\/uploads\/2019\/01\/images.jpg\"><img data-recalc-dims=\"1\" loading=\"lazy\" decoding=\"async\" data-attachment-id=\"2352\" data-permalink=\"https:\/\/asurb.com\/asurb3\/?attachment_id=2352\" data-orig-file=\"https:\/\/i0.wp.com\/asurb.com\/asurb3\/wp-content\/uploads\/2019\/01\/images.jpg?fit=720%2C1080&amp;ssl=1\" data-orig-size=\"720,1080\" data-comments-opened=\"1\" data-image-meta=\"{&quot;aperture&quot;:&quot;0&quot;,&quot;credit&quot;:&quot;&quot;,&quot;camera&quot;:&quot;&quot;,&quot;caption&quot;:&quot;&quot;,&quot;created_timestamp&quot;:&quot;0&quot;,&quot;copyright&quot;:&quot;&quot;,&quot;focal_length&quot;:&quot;0&quot;,&quot;iso&quot;:&quot;0&quot;,&quot;shutter_speed&quot;:&quot;0&quot;,&quot;title&quot;:&quot;&quot;,&quot;orientation&quot;:&quot;0&quot;}\" data-image-title=\"images\" data-image-description=\"\" data-image-caption=\"\" data-large-file=\"https:\/\/i0.wp.com\/asurb.com\/asurb3\/wp-content\/uploads\/2019\/01\/images.jpg?fit=683%2C1024&amp;ssl=1\" class=\" wp-image-2352 alignright\" src=\"https:\/\/i0.wp.com\/asurb.com\/asurb3\/wp-content\/uploads\/2019\/01\/images-200x300.jpg?resize=118%2C177\" alt=\"\" width=\"118\" height=\"177\" srcset=\"https:\/\/i0.wp.com\/asurb.com\/asurb3\/wp-content\/uploads\/2019\/01\/images.jpg?resize=200%2C300&amp;ssl=1 200w, https:\/\/i0.wp.com\/asurb.com\/asurb3\/wp-content\/uploads\/2019\/01\/images.jpg?resize=100%2C150&amp;ssl=1 100w, https:\/\/i0.wp.com\/asurb.com\/asurb3\/wp-content\/uploads\/2019\/01\/images.jpg?resize=683%2C1024&amp;ssl=1 683w, https:\/\/i0.wp.com\/asurb.com\/asurb3\/wp-content\/uploads\/2019\/01\/images.jpg?resize=600%2C900&amp;ssl=1 600w, https:\/\/i0.wp.com\/asurb.com\/asurb3\/wp-content\/uploads\/2019\/01\/images.jpg?w=720&amp;ssl=1 720w\" sizes=\"auto, (max-width: 118px) 100vw, 118px\" \/><\/a><br \/>\nLe film date de 1992 mais une copie restaur\u00e9e vient de sortir.<\/p>\n<p>Afrique sur Bi\u00e8vre s\u2019associe \u00e0 cette projection en assurant l<strong>\u2019animation de la s\u00e9ance gr\u00e2ce \u00e0 la pr\u00e9sence de Catherine Ruelle,<\/strong> journaliste sp\u00e9cialiste du cin\u00e9ma africain <strong>et de Wasis Diop, auteur de la musique du film<\/strong> et fr\u00e8re du r\u00e9alisateur.<\/p>\n<p><a href=\"\/\/asurb.com\/asurb3\/?page_id=235\">Hy\u00e8nes<\/a> est un chef d\u2019\u0153uvre du cin\u00e9ma africain \u00e0 d\u00e9couvrir ou \u00e0 revoir pour rendre hommage \u00e0 un cin\u00e9aste qui n&rsquo;a cess\u00e9 de montrer au monde les qualit\u00e9s mais aussi les travers de la soci\u00e9t\u00e9 s\u00e9n\u00e9galaise.\u00a0 Aujourd\u2019hui encore, ce film de 1992 est source d\u2019inspiration pour toute une g\u00e9n\u00e9ration de jeunes r\u00e9alisateurs.<\/p>\n<p>Il a d\u00e9j\u00e0 \u00e9t\u00e9 programm\u00e9 (avec une copie ancienne) lors du<a href=\"\/\/asurb.com\/asurb3\/?page_id=535\"> festival Cin\u00e9 Regards Africains 2010<\/a> ainsi qu&rsquo;un des premiers films de Djibril Diop Mambety, qui date de 1973 ; <a href=\"\/\/asurb.com\/asurb3\/?page_id=780\">\u00ab\u00a0Touki Bouki\u00a0\u00bb<\/a> projet\u00e9 lors du <a href=\"\/\/asurb.com\/asurb3\/?page_id=577\">festival 2014<\/a>.<\/p>\n<p>&nbsp;<\/p>\n","protected":false},"excerpt":{"rendered":"<p>Le cin\u00e9ma Jean Vilar \u00e0 Arcueil programme le mardi 12 f\u00e9vrier 2019 \u00e0 20h, le film\u00a0: \u00ab\u00a0Hy\u00e8nes\u00a0\u00bb, un film du r\u00e9alisateur s\u00e9n\u00e9galais Djibril Diop Mambety disparu \u00e0 l&rsquo;\u00e2ge de 53 [&hellip;]<\/p>\n","protected":false},"author":1,"featured_media":0,"comment_status":"open","ping_status":"open","sticky":false,"template":"","format":"standard","meta":{"_jetpack_memberships_contains_paid_content":false,"footnotes":"","jetpack_publicize_message":"","jetpack_publicize_feature_enabled":true,"jetpack_social_post_already_shared":true,"jetpack_social_options":{"image_generator_settings":{"template":"highway","default_image_id":0,"font":"","enabled":false},"version":2}},"categories":[10],"tags":[],"class_list":["post-2361","post","type-post","status-publish","format-standard","hentry","category-hors-festival"],"jetpack_publicize_connections":[],"jetpack_featured_media_url":"","jetpack_sharing_enabled":true,"jetpack_shortlink":"https:\/\/wp.me\/p7C6tF-C5","jetpack-related-posts":[{"id":1173,"url":"https:\/\/asurb.com\/asurb3\/?p=1173","url_meta":{"origin":2361,"position":0},"title":"CRA 2016 au jour le jour : Dimanche 27 novembre, cin\u00e9ma La Pl\u00e9iade Cachan","author":"webmaster","date":"28 novembre 2016","format":false,"excerpt":"Pour sa s\u00e9ance de cl\u00f4ture\u00a0 Cin\u00e9 Regards Africains proposait quatre courts-m\u00e9trages d'origine vari\u00e9e apr\u00e8s un pr\u00e9lude musical\u00a0 interpr\u00e9t\u00e9 par la chorale \" La voix est libre\". Michel Amarger, avant la projection de \"La petite vendeuse de soleil\", un classique s\u00e9n\u00e9galais (1998), pr\u00e9sente le r\u00e9alisateur Djibril Diop Mamb\u00e9ty,\u00a0 cr\u00e9ateur d'un langage\u2026","rel":"","context":"Dans &quot;Festival&quot;","block_context":{"text":"Festival","link":"https:\/\/asurb.com\/asurb3\/?cat=9"},"img":{"alt_text":"","src":"","width":0,"height":0},"classes":[]},{"id":1988,"url":"https:\/\/asurb.com\/asurb3\/?p=1988","url_meta":{"origin":2361,"position":1},"title":"CRA 2017 Le festival au jour le jour","author":"webmaster","date":"11 d\u00e9cembre 2017","format":false,"excerpt":"\u00a0 \u00a0 Mardi 28 novembre \u2013 Cin\u00e9ma La Tournelle \u2013 l\u2019Ha\u00ff- les- Roses S\u00e9ance de courts m\u00e9trages A la sortie de la s\u00e9ance, nombreux furent les spectateurs \u00e0 dire leur plaisir de d\u00e9couvrir des \u0153uvres tr\u00e8s diverses aussi bien par leurs pays d\u2019origine que par leurs th\u00e9matiques. Michel Amarger, qui\u2026","rel":"","context":"Dans &quot;Festival&quot;","block_context":{"text":"Festival","link":"https:\/\/asurb.com\/asurb3\/?cat=9"},"img":{"alt_text":"","src":"","width":0,"height":0},"classes":[]},{"id":1113,"url":"https:\/\/asurb.com\/asurb3\/?p=1113","url_meta":{"origin":2361,"position":2},"title":"CRA 2016 au jour le jour : Lundi 14, mardi 15, jeudi 17 et vendredi 18 novembre","author":"webmaster","date":"24 novembre 2016","format":false,"excerpt":"Il revenait aux s\u00e9ances scolaires d\u2019inaugurer Cin\u00e9 Regards Africains en liaison avec la Semaine de la solidarit\u00e9 internationale. L\u2019espace Jean Vilar \u00e0 Arcueil, le cin\u00e9ma La Pl\u00e9iade \u00e0 Cachan et le cin\u00e9ma La Tournelle \u00e0 L\u2019Ha\u00ff les Roses, ont accueilli respectivement, avec leurs enseignants, des classes de CM1\/CM2 venues d\u2019\u00e9coles\u2026","rel":"","context":"Dans &quot;Autour du festival&quot;","block_context":{"text":"Autour du festival","link":"https:\/\/asurb.com\/asurb3\/?cat=12"},"img":{"alt_text":"","src":"","width":0,"height":0},"classes":[]},{"id":3149,"url":"https:\/\/asurb.com\/asurb3\/?p=3149","url_meta":{"origin":2361,"position":3},"title":"Retrouvez en images, les temps forts du festival 2021","author":"webmaster","date":"9 janvier 2022","format":false,"excerpt":"\u00a0 \u25ca Vendredi 26 novembre - 18h30 - S\u00e9ance d\u2019ouverture - Cin\u00e9ma Le s\u00e9lect \u00e0 Antony \u00a0 Projection du film Le p\u00e8re de Nafi\u00a0 (Titre original : Baamum Nafi)\u00a0de Mamadou Dia - S\u00e9n\u00e9gal - fiction qui a remport\u00e9, \u00e0 la fin du festival, le prix du jury 2021. Un public\u2026","rel":"","context":"Dans &quot;Festival&quot;","block_context":{"text":"Festival","link":"https:\/\/asurb.com\/asurb3\/?cat=9"},"img":{"alt_text":"","src":"https:\/\/i0.wp.com\/asurb.com\/asurb3\/wp-content\/uploads\/2022\/01\/20211126_184416-300x169.jpg?resize=350%2C200","width":350,"height":200},"classes":[]},{"id":3742,"url":"https:\/\/asurb.com\/asurb3\/?p=3742","url_meta":{"origin":2361,"position":4},"title":"Programme du festival  \u00ab\u00a0Cin\u00e9 Regards Africains\u00a0\u00bb 2023","author":"webmaster","date":"25 novembre 2023","format":false,"excerpt":"Le prochain festival \"Cin\u00e9 Regards Africains\" aura lieu du vendredi 24 novembre au dimanche 3 d\u00e9cembre 2023 Bande annonce du festival 2023 Chaque projection sera suivie d\u2019un d\u00e9bat anim\u00e9 par un sp\u00e9cialiste des cin\u00e9mas africains et\/ou du r\u00e9alisateur ou d\u2019un membre de l\u2019\u00e9quipe de tournage. Les spectateurs seront, cette ann\u00e9e\u2026","rel":"","context":"Dans &quot;Festival&quot;","block_context":{"text":"Festival","link":"https:\/\/asurb.com\/asurb3\/?cat=9"},"img":{"alt_text":"","src":"https:\/\/i0.wp.com\/asurb.com\/asurb3\/wp-content\/uploads\/2023\/09\/Affiche-2023-jpeg-212x300.jpg?resize=350%2C200&ssl=1","width":350,"height":200},"classes":[]},{"id":3938,"url":"https:\/\/asurb.com\/asurb3\/?p=3938","url_meta":{"origin":2361,"position":5},"title":"Retrouvez en images, les temps forts du festival 2023","author":"webmaster","date":"11 d\u00e9cembre 2023","format":false,"excerpt":"\u00a0 \u25ca Vendredi 24 novembre - 20h30 - S\u00e9ance d\u2019ouverture - Cin\u00e9ma La Pl\u00e9iade - Cachan \u00a0Projection de Poissons rouges de Abdeslam Kelai- Maroc - 2022 - fiction Le public tr\u00e8s nombreux a appr\u00e9ci\u00e9 ce film tr\u00e8s touchant. Le d\u00e9bat qui a suivi, anim\u00e9 par Josiane Kerleroux, membre d'Afrique sur\u2026","rel":"","context":"Dans &quot;Festival&quot;","block_context":{"text":"Festival","link":"https:\/\/asurb.com\/asurb3\/?cat=9"},"img":{"alt_text":"","src":"https:\/\/i0.wp.com\/asurb.com\/asurb3\/wp-content\/uploads\/2023\/12\/20231124_hp_Cachan_Regards-Africains_21-1-300x170.jpg?resize=350%2C200&ssl=1","width":350,"height":200},"classes":[]}],"_links":{"self":[{"href":"https:\/\/asurb.com\/asurb3\/index.php?rest_route=\/wp\/v2\/posts\/2361","targetHints":{"allow":["GET"]}}],"collection":[{"href":"https:\/\/asurb.com\/asurb3\/index.php?rest_route=\/wp\/v2\/posts"}],"about":[{"href":"https:\/\/asurb.com\/asurb3\/index.php?rest_route=\/wp\/v2\/types\/post"}],"author":[{"embeddable":true,"href":"https:\/\/asurb.com\/asurb3\/index.php?rest_route=\/wp\/v2\/users\/1"}],"replies":[{"embeddable":true,"href":"https:\/\/asurb.com\/asurb3\/index.php?rest_route=%2Fwp%2Fv2%2Fcomments&post=2361"}],"version-history":[{"count":6,"href":"https:\/\/asurb.com\/asurb3\/index.php?rest_route=\/wp\/v2\/posts\/2361\/revisions"}],"predecessor-version":[{"id":2372,"href":"https:\/\/asurb.com\/asurb3\/index.php?rest_route=\/wp\/v2\/posts\/2361\/revisions\/2372"}],"wp:attachment":[{"href":"https:\/\/asurb.com\/asurb3\/index.php?rest_route=%2Fwp%2Fv2%2Fmedia&parent=2361"}],"wp:term":[{"taxonomy":"category","embeddable":true,"href":"https:\/\/asurb.com\/asurb3\/index.php?rest_route=%2Fwp%2Fv2%2Fcategories&post=2361"},{"taxonomy":"post_tag","embeddable":true,"href":"https:\/\/asurb.com\/asurb3\/index.php?rest_route=%2Fwp%2Fv2%2Ftags&post=2361"}],"curies":[{"name":"wp","href":"https:\/\/api.w.org\/{rel}","templated":true}]}}