{"id":2399,"date":"2019-02-25T18:12:03","date_gmt":"2019-02-25T17:12:03","guid":{"rendered":"https:\/\/asurb.com\/asurb3\/?p=2399"},"modified":"2019-05-27T10:53:01","modified_gmt":"2019-05-27T08:53:01","slug":"rencontrer-mon-pere-un-film-dalassane-diago","status":"publish","type":"post","link":"https:\/\/asurb.com\/asurb3\/?p=2399","title":{"rendered":"\u00ab\u00a0Rencontrer mon p\u00e8re\u00a0\u00bb un film d&rsquo;Alassane Diago"},"content":{"rendered":"<p>Les membres d&rsquo;Afrique sur Bi\u00e8vre \u00e9taient venus nombreux le 20 f\u00e9vrier pour assister \u00e0 la projection en avant premi\u00e8re au Reflet M\u00e9dicis du nouveau film <a href=\"https:\/\/i0.wp.com\/asurb.com\/asurb3\/wp-content\/uploads\/2019\/05\/5694334.jpg-c_215_290_x-f_jpg-q_x-xxyxx.jpg\"><img data-recalc-dims=\"1\" loading=\"lazy\" decoding=\"async\" data-attachment-id=\"2401\" data-permalink=\"https:\/\/asurb.com\/asurb3\/?attachment_id=2401\" data-orig-file=\"https:\/\/i0.wp.com\/asurb.com\/asurb3\/wp-content\/uploads\/2019\/05\/5694334.jpg-c_215_290_x-f_jpg-q_x-xxyxx.jpg?fit=215%2C290&amp;ssl=1\" data-orig-size=\"215,290\" data-comments-opened=\"1\" data-image-meta=\"{&quot;aperture&quot;:&quot;0&quot;,&quot;credit&quot;:&quot;&quot;,&quot;camera&quot;:&quot;&quot;,&quot;caption&quot;:&quot;&quot;,&quot;created_timestamp&quot;:&quot;0&quot;,&quot;copyright&quot;:&quot;&quot;,&quot;focal_length&quot;:&quot;0&quot;,&quot;iso&quot;:&quot;0&quot;,&quot;shutter_speed&quot;:&quot;0&quot;,&quot;title&quot;:&quot;&quot;,&quot;orientation&quot;:&quot;0&quot;}\" data-image-title=\"5694334.jpg-c_215_290_x-f_jpg-q_x-xxyxx\" data-image-description=\"\" data-image-caption=\"\" data-large-file=\"https:\/\/i0.wp.com\/asurb.com\/asurb3\/wp-content\/uploads\/2019\/05\/5694334.jpg-c_215_290_x-f_jpg-q_x-xxyxx.jpg?fit=215%2C290&amp;ssl=1\" class=\" wp-image-2401 alignright\" src=\"https:\/\/i0.wp.com\/asurb.com\/asurb3\/wp-content\/uploads\/2019\/05\/5694334.jpg-c_215_290_x-f_jpg-q_x-xxyxx.jpg?resize=165%2C223\" alt=\"\" width=\"165\" height=\"223\" srcset=\"https:\/\/i0.wp.com\/asurb.com\/asurb3\/wp-content\/uploads\/2019\/05\/5694334.jpg-c_215_290_x-f_jpg-q_x-xxyxx.jpg?w=215&amp;ssl=1 215w, https:\/\/i0.wp.com\/asurb.com\/asurb3\/wp-content\/uploads\/2019\/05\/5694334.jpg-c_215_290_x-f_jpg-q_x-xxyxx.jpg?resize=100%2C135&amp;ssl=1 100w\" sizes=\"auto, (max-width: 165px) 100vw, 165px\" \/><\/a>d&rsquo;Alassane Diago : \u00ab\u00a0Rencontrer mon p\u00e8re\u00a0\u00bb en pr\u00e9sence du r\u00e9alisateur.<\/p>\n<p>Nous avions projet\u00e9 son film pr\u00e9c\u00e9dent : \u00ab\u00a0La vie n\u2019est pas immobile\u00a0\u00bb \u00e0 plusieurs reprises et devant des publics tr\u00e8s divers lors du festival \u00ab\u00a0Cin\u00e9 Regards Africains\u00a0\u00bb en 2015.<br \/>\nA cette occasion, Alassane avait pass\u00e9 quelques jours avec nous et nous avait projet\u00e9 son film pr\u00e9c\u00e9dent\u00a0: \u00ab\u00a0Les larmes de l&rsquo;\u00e9migration\u00a0\u00bb.<br \/>\nIl y filme sa m\u00e8re qui raconte avec dignit\u00e9 son quotidien douloureux pour survivre avec ses enfants, dans l\u2019attente d\u2019un mari parti en exil 20 ans plus t\u00f4t et jamais revenu.<br \/>\nNous avions \u00e9t\u00e9 tr\u00e8s touch\u00e9s par ce t\u00eate-\u00e0-t\u00eate poignant et pudique entre une m\u00e8re et son fils et Alassane nous avait alors parl\u00e9 de son projet de retrouver son p\u00e8re, de recueillir son point de vue et de tourner un film sur son histoire.<\/p>\n<p>C\u2019\u00e9tait en 2015 et on imagine ce qu\u2019il a fallu de courage, de t\u00e9nacit\u00e9 et de force de persuasion, d\u2019abord pour convaincre son p\u00e8re, et ensuite pour r\u00e9aliser ce nouveau film et le mener \u00e0 son terme.<\/p>\n<p>Ce qui est remarquable c\u2019est que, partant d\u2019une histoire familiale, intime, ancr\u00e9e dans un territoire et dans une culture, si loin de notre quotidien, Alassane r\u00e9ussit, non seulement \u00e0 traiter des probl\u00e8mes universels li\u00e9s \u00e0 l\u2019immigration, mais aussi \u00e0 toucher profond\u00e9ment les spectateurs que nous sommes, gr\u00e2ce \u00e0 son talent de cin\u00e9aste et \u00e0 la sinc\u00e9rit\u00e9 de son propos et de ses images.<\/p>\n<p><strong>Un film \u00e0 voir absolument !<\/strong><\/p>\n<p>&nbsp;<\/p>\n","protected":false},"excerpt":{"rendered":"<p>Les membres d&rsquo;Afrique sur Bi\u00e8vre \u00e9taient venus nombreux le 20 f\u00e9vrier pour assister \u00e0 la projection en avant premi\u00e8re au Reflet M\u00e9dicis du nouveau film d&rsquo;Alassane Diago : \u00ab\u00a0Rencontrer mon [&hellip;]<\/p>\n","protected":false},"author":1,"featured_media":0,"comment_status":"open","ping_status":"open","sticky":false,"template":"","format":"standard","meta":{"_jetpack_memberships_contains_paid_content":false,"footnotes":"","jetpack_publicize_message":"","jetpack_publicize_feature_enabled":true,"jetpack_social_post_already_shared":true,"jetpack_social_options":{"image_generator_settings":{"template":"highway","default_image_id":0,"font":"","enabled":false},"version":2}},"categories":[4],"tags":[],"class_list":["post-2399","post","type-post","status-publish","format-standard","hentry","category-activites"],"jetpack_publicize_connections":[],"jetpack_featured_media_url":"","jetpack_sharing_enabled":true,"jetpack_shortlink":"https:\/\/wp.me\/p7C6tF-CH","jetpack-related-posts":[{"id":2932,"url":"https:\/\/asurb.com\/asurb3\/?p=2932","url_meta":{"origin":2399,"position":0},"title":"\u00ab 143 rue du d\u00e9sert \u00bb du r\u00e9alisateur alg\u00e9rien Hassen Ferhani","author":"webmaster","date":"2 juin 2021","format":false,"excerpt":"L\u2019\u00e9quipe d\u2019Afrique sur Bi\u00e8vre est heureuse de reprendre contact avec vous et de vous annoncer que la 14\u00e8me \u00e9dition du festival \u00ab\u00a0Cin\u00e9 Regards Africains\u00a0\u00bb se tiendra du vendredi 26 novembre au dimanche 5 d\u00e9cembre 2021. Nous travaillons \u00e0 l\u2019\u00e9laboration du programme qui sera consultable sur notre site Web d\u00e9but septembre.\u2026","rel":"","context":"Dans &quot;Hors festival&quot;","block_context":{"text":"Hors festival","link":"https:\/\/asurb.com\/asurb3\/?cat=10"},"img":{"alt_text":"","src":"","width":0,"height":0},"classes":[]},{"id":2790,"url":"https:\/\/asurb.com\/asurb3\/?p=2790","url_meta":{"origin":2399,"position":1},"title":"AUTOUR DU FESTIVAL CRA 2019","author":"webmaster","date":"9 d\u00e9cembre 2019","format":false,"excerpt":"Samedi 9 novembre 2019 - Centre socioculturel Maison Coust\u00e9 Projection de WALLAY du r\u00e9alisateur burkinab\u00e9 Berni Goldblat Le samedi 9 novembre, la directrice, M\u00e9riem El Badraoui, et toute son \u00e9quipe, accueillaient une assistance nombreuse \u00e0 la maison Coust\u00e9 pour une s\u00e9ance de cin\u00e9ma. Le partenariat du centre socioculturel et de\u2026","rel":"","context":"Dans &quot;Autour du festival&quot;","block_context":{"text":"Autour du festival","link":"https:\/\/asurb.com\/asurb3\/?cat=12"},"img":{"alt_text":"","src":"https:\/\/i0.wp.com\/asurb.com\/asurb3\/wp-content\/uploads\/2019\/12\/20191109_161655-300x225.jpg?resize=350%2C200","width":350,"height":200},"classes":[]},{"id":2042,"url":"https:\/\/asurb.com\/asurb3\/?p=2042","url_meta":{"origin":2399,"position":2},"title":"Le nouveau film de Dieudo Hamadi \u00e0 Arcueil","author":"webmaster","date":"12 mars 2018","format":false,"excerpt":"\u00a0 Dans le cadre du 40\u00e8me Festival international de films documentaires \u00ab\u00a0Cin\u00e9ma du R\u00e9el\u00a0\u00bb, l\u2019Espace municipal Jean Vilar d\u2019Arcueil va projeter le mardi 27 mars \u00e0 20h15, en comp\u00e9tition, \"Kinshasa Makambo\", le dernier film du r\u00e9alisateur congolais, Dieudo Hamadi. Cela fait plusieurs ann\u00e9es que Cin\u00e9 Regards Africains s\u2019int\u00e9resse \u00e0 ce\u2026","rel":"","context":"Dans &quot;Activit\u00e9s&quot;","block_context":{"text":"Activit\u00e9s","link":"https:\/\/asurb.com\/asurb3\/?cat=4"},"img":{"alt_text":"","src":"https:\/\/i0.wp.com\/asurb.com\/asurb3\/wp-content\/uploads\/2018\/03\/KInshasa-Makambo-218x300.jpg?resize=350%2C200","width":350,"height":200},"classes":[]},{"id":1167,"url":"https:\/\/asurb.com\/asurb3\/?p=1167","url_meta":{"origin":2399,"position":3},"title":"CRA 2016 au jour le jour : Samedi 26 novembre, cin\u00e9ma La Pl\u00e9iade, Cachan","author":"webmaster","date":"28 novembre 2016","format":false,"excerpt":"Soir\u00e9e hommage\u00a0 \u00e0 Sotigui Kouyat\u00e9. Le grand acteur burkinab\u00e9 de th\u00e9\u00e2tre et de cin\u00e9ma, le griot, musicien et conteur,\u00a0 d\u00e9c\u00e9d\u00e9 en 2010, \u00e9tait\u00a0 parmi nous ce samedi\u00a0 26 novembre.\u00a0 D'abord de nombreuses photographies, projet\u00e9es sur l'\u00e9cran, pr\u00e9sentaient aux spectateurs, d\u00e8s leur entr\u00e9e dans la salle, son personnage charismatique dans ses\u2026","rel":"","context":"Dans &quot;Festival&quot;","block_context":{"text":"Festival","link":"https:\/\/asurb.com\/asurb3\/?cat=9"},"img":{"alt_text":"cachan-2016-002","src":"https:\/\/i0.wp.com\/asurb.com\/asurb3\/wp-content\/uploads\/2016\/11\/cachan-2016-002-100x56.jpg?resize=350%2C200&ssl=1","width":350,"height":200},"classes":[]},{"id":4062,"url":"https:\/\/asurb.com\/asurb3\/?p=4062","url_meta":{"origin":2399,"position":4},"title":"Xal\u00e9, les blessures de l&rsquo;enfance projet\u00e9 au cin\u00e9ma la Pl\u00e9iade","author":"webmaster","date":"17 mai 2024","format":false,"excerpt":"Nous vous signalons et vous recommandons le film \"Xal\u00e9, les blessures de l'enfance\", film s\u00e9n\u00e9galais du r\u00e9alisateur Moussa S\u00e8ne Absa.Le film sera projet\u00e9 au cin\u00e9ma La Pl\u00e9iade le 28 mai, dans le cadre des \"Mardis des r\u00e9alisateurs\", suivi d'un \u00e9change avec l'assistant r\u00e9alisateur Abdou Lahat Fall.","rel":"","context":"Dans &quot;Hors festival&quot;","block_context":{"text":"Hors festival","link":"https:\/\/asurb.com\/asurb3\/?cat=10"},"img":{"alt_text":"","src":"https:\/\/i0.wp.com\/asurb.com\/asurb3\/wp-content\/uploads\/2024\/05\/affiche-xale-225x300.webp?resize=350%2C200&ssl=1","width":350,"height":200},"classes":[]},{"id":1608,"url":"https:\/\/asurb.com\/asurb3\/?p=1608","url_meta":{"origin":2399,"position":5},"title":"Afrique sur Bi\u00e8vre au festival Cin\u00e9mas d&rsquo;Afrique d&rsquo;Angers  (16-21 mai 2017)","author":"webmaster","date":"18 mai 2017","format":false,"excerpt":"Afrique sur Bi\u00e8vre \u00e9tait cette ann\u00e9e encore \u00e0 Angers pour la 16e \u00e9dition du Festival Cin\u00e9mas d\u2019Afrique\u00a0. Organis\u00e9e par la dynamique association Cultures et Cin\u00e9mas d\u2019Afrique avec le soutien de la ville, du d\u00e9partement et de la r\u00e9gion Pays de la Loire ainsi que d\u2019autres partenaires, cette manifestation a lieu\u2026","rel":"","context":"Dans &quot;Activit\u00e9s&quot;","block_context":{"text":"Activit\u00e9s","link":"https:\/\/asurb.com\/asurb3\/?cat=4"},"img":{"alt_text":"","src":"","width":0,"height":0},"classes":[]}],"_links":{"self":[{"href":"https:\/\/asurb.com\/asurb3\/index.php?rest_route=\/wp\/v2\/posts\/2399","targetHints":{"allow":["GET"]}}],"collection":[{"href":"https:\/\/asurb.com\/asurb3\/index.php?rest_route=\/wp\/v2\/posts"}],"about":[{"href":"https:\/\/asurb.com\/asurb3\/index.php?rest_route=\/wp\/v2\/types\/post"}],"author":[{"embeddable":true,"href":"https:\/\/asurb.com\/asurb3\/index.php?rest_route=\/wp\/v2\/users\/1"}],"replies":[{"embeddable":true,"href":"https:\/\/asurb.com\/asurb3\/index.php?rest_route=%2Fwp%2Fv2%2Fcomments&post=2399"}],"version-history":[{"count":4,"href":"https:\/\/asurb.com\/asurb3\/index.php?rest_route=\/wp\/v2\/posts\/2399\/revisions"}],"predecessor-version":[{"id":2411,"href":"https:\/\/asurb.com\/asurb3\/index.php?rest_route=\/wp\/v2\/posts\/2399\/revisions\/2411"}],"wp:attachment":[{"href":"https:\/\/asurb.com\/asurb3\/index.php?rest_route=%2Fwp%2Fv2%2Fmedia&parent=2399"}],"wp:term":[{"taxonomy":"category","embeddable":true,"href":"https:\/\/asurb.com\/asurb3\/index.php?rest_route=%2Fwp%2Fv2%2Fcategories&post=2399"},{"taxonomy":"post_tag","embeddable":true,"href":"https:\/\/asurb.com\/asurb3\/index.php?rest_route=%2Fwp%2Fv2%2Ftags&post=2399"}],"curies":[{"name":"wp","href":"https:\/\/api.w.org\/{rel}","templated":true}]}}