{"id":2651,"date":"2019-11-06T18:22:02","date_gmt":"2019-11-06T17:22:02","guid":{"rendered":"https:\/\/asurb.com\/asurb3\/?p=2651"},"modified":"2025-11-01T14:50:11","modified_gmt":"2025-11-01T13:50:11","slug":"bande-annonce-du-festival-cine-regards-africains-2019","status":"publish","type":"post","link":"https:\/\/asurb.com\/asurb3\/?p=2651","title":{"rendered":"Bande annonce du Festival \u00ab\u00a0Cin\u00e9 Regards Africains\u00a0\u00bb 2019"},"content":{"rendered":"<p><a href=\"\/\/asurb.com\/asurb3\/wp-content\/uploads\/2019\/11\/Bande-annonce-CRA-2019.mov\">Bande annonce CRA &#8211; 2019<\/a><\/p>\n","protected":false},"excerpt":{"rendered":"<p>Bande annonce CRA &#8211; 2019<\/p>\n","protected":false},"author":1,"featured_media":0,"comment_status":"open","ping_status":"open","sticky":false,"template":"","format":"video","meta":{"_jetpack_memberships_contains_paid_content":false,"footnotes":"","jetpack_publicize_message":"","jetpack_publicize_feature_enabled":true,"jetpack_social_post_already_shared":true,"jetpack_social_options":{"image_generator_settings":{"template":"highway","default_image_id":0,"font":"","enabled":false},"version":2}},"categories":[9],"tags":[27],"class_list":["post-2651","post","type-post","status-publish","format-video","hentry","category-festival","tag-festival-2019","post_format-post-format-video"],"jetpack_publicize_connections":[],"jetpack_featured_media_url":"","jetpack_sharing_enabled":true,"jetpack_shortlink":"https:\/\/wp.me\/p7C6tF-GL","jetpack-related-posts":[{"id":4252,"url":"https:\/\/asurb.com\/asurb3\/?p=4252","url_meta":{"origin":2651,"position":0},"title":"La bande annonce du festival Cin\u00e9 Regards Africains 2024","author":"webmaster","date":"28 octobre 2024","format":false,"excerpt":"","rel":"","context":"Dans &quot;Festival&quot;","block_context":{"text":"Festival","link":"https:\/\/asurb.com\/asurb3\/?cat=9"},"img":{"alt_text":"","src":"","width":0,"height":0},"classes":[]},{"id":2114,"url":"https:\/\/asurb.com\/asurb3\/?p=2114","url_meta":{"origin":2651,"position":1},"title":"Bande annonce du festival Cin\u00e9 Regards Africains 2018","author":"webmaster","date":"15 octobre 2018","format":false,"excerpt":"R\u00e9alis\u00e9e par Andress KANDE https:\/\/vimeo.com\/289740496","rel":"","context":"Dans &quot;Activit\u00e9s&quot;","block_context":{"text":"Activit\u00e9s","link":"https:\/\/asurb.com\/asurb3\/?cat=4"},"img":{"alt_text":"","src":"","width":0,"height":0},"classes":[]},{"id":4861,"url":"https:\/\/asurb.com\/asurb3\/?p=4861","url_meta":{"origin":2651,"position":2},"title":"D\u00e9couvrez la bande annonce de Cin\u00e9 Regards Africains 2025","author":"webmaster","date":"12 octobre 2025","format":"video","excerpt":"","rel":"","context":"Dans &quot;Festival&quot;","block_context":{"text":"Festival","link":"https:\/\/asurb.com\/asurb3\/?cat=9"},"img":{"alt_text":"","src":"","width":0,"height":0},"classes":[]},{"id":3044,"url":"https:\/\/asurb.com\/asurb3\/?p=3044","url_meta":{"origin":2651,"position":3},"title":"Bande annonce du Festival 2021","author":"webmaster","date":"23 octobre 2021","format":false,"excerpt":"Vous pouvez, d'ores et d\u00e9j\u00e0, regarder la bande annonce qui sera projet\u00e9e dans les salles partenaires un peu avant le festival.","rel":"","context":"Dans &quot;Festival&quot;","block_context":{"text":"Festival","link":"https:\/\/asurb.com\/asurb3\/?cat=9"},"img":{"alt_text":"","src":"","width":0,"height":0},"classes":[]},{"id":1870,"url":"https:\/\/asurb.com\/asurb3\/?p=1870","url_meta":{"origin":2651,"position":4},"title":"Festival 2017. Bande annonce","author":"webmaster","date":"18 novembre 2017","format":false,"excerpt":"[fvplayer src=\"https:\/\/asurb.com\/asurb3\/wp-content\/uploads\/2017\/11\/Festival-2017-Bande-annonce-Moyenne.mov\" width=\"854\" height=\"480\"]","rel":"","context":"Dans &quot;Festival&quot;","block_context":{"text":"Festival","link":"https:\/\/asurb.com\/asurb3\/?cat=9"},"img":{"alt_text":"","src":"","width":0,"height":0},"classes":[]},{"id":1719,"url":"https:\/\/asurb.com\/asurb3\/?p=1719","url_meta":{"origin":2651,"position":5},"title":"Bande annonce du forum des associations 2017","author":"webmaster","date":"12 septembre 2017","format":false,"excerpt":"Asurb - Forum des Association from Afro Keats on Vimeo.","rel":"","context":"Dans &quot;Festival&quot;","block_context":{"text":"Festival","link":"https:\/\/asurb.com\/asurb3\/?cat=9"},"img":{"alt_text":"","src":"","width":0,"height":0},"classes":[]}],"_links":{"self":[{"href":"https:\/\/asurb.com\/asurb3\/index.php?rest_route=\/wp\/v2\/posts\/2651","targetHints":{"allow":["GET"]}}],"collection":[{"href":"https:\/\/asurb.com\/asurb3\/index.php?rest_route=\/wp\/v2\/posts"}],"about":[{"href":"https:\/\/asurb.com\/asurb3\/index.php?rest_route=\/wp\/v2\/types\/post"}],"author":[{"embeddable":true,"href":"https:\/\/asurb.com\/asurb3\/index.php?rest_route=\/wp\/v2\/users\/1"}],"replies":[{"embeddable":true,"href":"https:\/\/asurb.com\/asurb3\/index.php?rest_route=%2Fwp%2Fv2%2Fcomments&post=2651"}],"version-history":[{"count":3,"href":"https:\/\/asurb.com\/asurb3\/index.php?rest_route=\/wp\/v2\/posts\/2651\/revisions"}],"predecessor-version":[{"id":2656,"href":"https:\/\/asurb.com\/asurb3\/index.php?rest_route=\/wp\/v2\/posts\/2651\/revisions\/2656"}],"wp:attachment":[{"href":"https:\/\/asurb.com\/asurb3\/index.php?rest_route=%2Fwp%2Fv2%2Fmedia&parent=2651"}],"wp:term":[{"taxonomy":"category","embeddable":true,"href":"https:\/\/asurb.com\/asurb3\/index.php?rest_route=%2Fwp%2Fv2%2Fcategories&post=2651"},{"taxonomy":"post_tag","embeddable":true,"href":"https:\/\/asurb.com\/asurb3\/index.php?rest_route=%2Fwp%2Fv2%2Ftags&post=2651"}],"curies":[{"name":"wp","href":"https:\/\/api.w.org\/{rel}","templated":true}]}}