{"id":2790,"date":"2019-12-09T18:08:13","date_gmt":"2019-12-09T17:08:13","guid":{"rendered":"https:\/\/asurb.com\/asurb3\/?p=2790"},"modified":"2019-12-16T18:33:35","modified_gmt":"2019-12-16T17:33:35","slug":"autour-du-festival-cra-2019","status":"publish","type":"post","link":"https:\/\/asurb.com\/asurb3\/?p=2790","title":{"rendered":"AUTOUR DU FESTIVAL CRA 2019"},"content":{"rendered":"<h4><span style=\"color: #800000;\"><strong>Samedi 9 novembre 2019 &#8211; Centre socioculturel Maison Coust\u00e9<\/strong><\/span><\/h4>\n<p><span style=\"color: #000080;\"><strong>Projection de WALLAY du r\u00e9alisateur burkinab\u00e9 Berni Goldblat<\/strong><\/span><\/p>\n<p><span style=\"color: #000080;\">Le samedi 9 novembre, la directrice, M\u00e9riem El Badraoui, et toute son \u00e9quipe, accueillaient une assistance nombreuse \u00e0 la maison Coust\u00e9 pour une s\u00e9ance de cin\u00e9ma. Le partenariat du centre socioculturel et de l\u2019association Afrique sur Bi\u00e8vre est maintenant une tradition bien ancr\u00e9e et nous nous r\u00e9jouissons de pr\u00e9senter des films \u00e0 des horaires favorables pour les familles dans un lieu convivial. Nous avons salu\u00e9 avec plaisir la pr\u00e9sence amicale de Mr Omar Derrais, d\u00e9l\u00e9gu\u00e9 du pr\u00e9fet \u00e0 la politique de la ville.<\/span><\/p>\n<p><span style=\"color: #000080;\">Le film propos\u00e9 \u00e9tait cette ann\u00e9e <strong>Wallay<\/strong> du r\u00e9alisateur burkinab\u00e9 Berni Goldblat, tourn\u00e9 essentiellement au Burkina Faso en 2017, un long m\u00e9trage qui, d\u00e8s sa sortie, avait remport\u00e9 un vif succ\u00e8s.<\/span><\/p>\n<p><span style=\"color: #000080;\"><a href=\"https:\/\/i0.wp.com\/asurb.com\/asurb3\/wp-content\/uploads\/2019\/12\/20191109_161655.jpg\"><img data-recalc-dims=\"1\" loading=\"lazy\" decoding=\"async\" data-attachment-id=\"2798\" data-permalink=\"https:\/\/asurb.com\/asurb3\/?attachment_id=2798\" data-orig-file=\"https:\/\/i0.wp.com\/asurb.com\/asurb3\/wp-content\/uploads\/2019\/12\/20191109_161655.jpg?fit=4128%2C3096&amp;ssl=1\" data-orig-size=\"4128,3096\" data-comments-opened=\"1\" data-image-meta=\"{&quot;aperture&quot;:&quot;1.9&quot;,&quot;credit&quot;:&quot;&quot;,&quot;camera&quot;:&quot;SM-J330FN&quot;,&quot;caption&quot;:&quot;&quot;,&quot;created_timestamp&quot;:&quot;1573316215&quot;,&quot;copyright&quot;:&quot;&quot;,&quot;focal_length&quot;:&quot;3.6&quot;,&quot;iso&quot;:&quot;125&quot;,&quot;shutter_speed&quot;:&quot;0.02&quot;,&quot;title&quot;:&quot;&quot;,&quot;orientation&quot;:&quot;1&quot;}\" data-image-title=\"20191109_161655\" data-image-description=\"\" data-image-caption=\"\" data-large-file=\"https:\/\/i0.wp.com\/asurb.com\/asurb3\/wp-content\/uploads\/2019\/12\/20191109_161655.jpg?fit=900%2C675&amp;ssl=1\" class=\"wp-image-2798 alignright\" src=\"https:\/\/i0.wp.com\/asurb.com\/asurb3\/wp-content\/uploads\/2019\/12\/20191109_161655-300x225.jpg?resize=187%2C140\" alt=\"\" width=\"187\" height=\"140\" srcset=\"https:\/\/i0.wp.com\/asurb.com\/asurb3\/wp-content\/uploads\/2019\/12\/20191109_161655.jpg?resize=300%2C225&amp;ssl=1 300w, https:\/\/i0.wp.com\/asurb.com\/asurb3\/wp-content\/uploads\/2019\/12\/20191109_161655.jpg?resize=100%2C75&amp;ssl=1 100w, https:\/\/i0.wp.com\/asurb.com\/asurb3\/wp-content\/uploads\/2019\/12\/20191109_161655.jpg?resize=1024%2C768&amp;ssl=1 1024w, https:\/\/i0.wp.com\/asurb.com\/asurb3\/wp-content\/uploads\/2019\/12\/20191109_161655.jpg?resize=600%2C450&amp;ssl=1 600w, https:\/\/i0.wp.com\/asurb.com\/asurb3\/wp-content\/uploads\/2019\/12\/20191109_161655.jpg?w=1800&amp;ssl=1 1800w, https:\/\/i0.wp.com\/asurb.com\/asurb3\/wp-content\/uploads\/2019\/12\/20191109_161655.jpg?w=2700&amp;ssl=1 2700w\" sizes=\"auto, (max-width: 187px) 100vw, 187px\" \/><\/a><\/span><\/p>\n<p><span style=\"color: #000080;\">Dans la banlieue lyonnaise, un adolescent donne bien des soucis \u00e0 son p\u00e8re qui l\u2019\u00e9l\u00e8ve seul apr\u00e8s le d\u00e9c\u00e8s de sa femme.<br \/>\nPris par son travail, ce dernier ne peut veiller de pr\u00e8s \u00e0 l\u2019emploi du temps et aux fr\u00e9quentations de son fils et il d\u00e9cide de le confier \u00e0 son fr\u00e8re, rest\u00e9 au pays, le Burkina Faso. Le jeune gar\u00e7on, qui croit partir pour des vacances insouciantes, d\u00e9couvre peu \u00e0 peu une vie quotidienne beaucoup moins confortable que la sienne, la frugalit\u00e9 et les contraintes d\u2019un labeur quotidien. Il supporte mal l\u2019autorit\u00e9 du p\u00e8re de famille, respect\u00e9 par tous ses proches, qui ne manifeste \u00e0 son endroit aucune indulgence. Mais, progressivement, gr\u00e2ce \u00e0 un cousin tr\u00e8s sympathique et \u00e0 la gentillesse des femmes de la famille, surtout sa grand-m\u00e8re, il va s\u2019ouvrir \u00e0 la chaleur de la soci\u00e9t\u00e9 africaine et des rapports humains, appr\u00e9cier la politesse et le respect en vigueur et se familiariser avec la culture du pays de ses anc\u00eatres. Il va m\u00fbrir et son oncle pourra lui dire \u00e0 la fin du film\u00a0: \u00ab\u00a0Ton p\u00e8re peut \u00eatre fier de toi\u00a0\u00bb.<\/span><\/p>\n<p><span style=\"color: #000080;\">Le film est sensible sans mi\u00e8vrerie, l\u2019\u00e9vocation de la vie au Burkina pr\u00e9sente un r\u00e9el int\u00e9r\u00eat documentaire et l\u2019interpr\u00e9tation des personnages est exc<a href=\"https:\/\/i0.wp.com\/asurb.com\/asurb3\/wp-content\/uploads\/2019\/12\/20191109_181426.jpg\"><img data-recalc-dims=\"1\" loading=\"lazy\" decoding=\"async\" data-attachment-id=\"2797\" data-permalink=\"https:\/\/asurb.com\/asurb3\/?attachment_id=2797\" data-orig-file=\"https:\/\/i0.wp.com\/asurb.com\/asurb3\/wp-content\/uploads\/2019\/12\/20191109_181426.jpg?fit=4128%2C3096&amp;ssl=1\" data-orig-size=\"4128,3096\" data-comments-opened=\"1\" data-image-meta=\"{&quot;aperture&quot;:&quot;1.9&quot;,&quot;credit&quot;:&quot;&quot;,&quot;camera&quot;:&quot;SM-J330FN&quot;,&quot;caption&quot;:&quot;&quot;,&quot;created_timestamp&quot;:&quot;1573323266&quot;,&quot;copyright&quot;:&quot;&quot;,&quot;focal_length&quot;:&quot;3.6&quot;,&quot;iso&quot;:&quot;320&quot;,&quot;shutter_speed&quot;:&quot;0.04&quot;,&quot;title&quot;:&quot;&quot;,&quot;orientation&quot;:&quot;1&quot;}\" data-image-title=\"20191109_181426\" data-image-description=\"\" data-image-caption=\"\" data-large-file=\"https:\/\/i0.wp.com\/asurb.com\/asurb3\/wp-content\/uploads\/2019\/12\/20191109_181426.jpg?fit=900%2C675&amp;ssl=1\" class=\" wp-image-2797 alignright\" src=\"https:\/\/i0.wp.com\/asurb.com\/asurb3\/wp-content\/uploads\/2019\/12\/20191109_181426-300x225.jpg?resize=180%2C135\" alt=\"\" width=\"180\" height=\"135\" srcset=\"https:\/\/i0.wp.com\/asurb.com\/asurb3\/wp-content\/uploads\/2019\/12\/20191109_181426.jpg?resize=300%2C225&amp;ssl=1 300w, https:\/\/i0.wp.com\/asurb.com\/asurb3\/wp-content\/uploads\/2019\/12\/20191109_181426.jpg?resize=100%2C75&amp;ssl=1 100w, https:\/\/i0.wp.com\/asurb.com\/asurb3\/wp-content\/uploads\/2019\/12\/20191109_181426.jpg?resize=1024%2C768&amp;ssl=1 1024w, https:\/\/i0.wp.com\/asurb.com\/asurb3\/wp-content\/uploads\/2019\/12\/20191109_181426.jpg?resize=600%2C450&amp;ssl=1 600w, https:\/\/i0.wp.com\/asurb.com\/asurb3\/wp-content\/uploads\/2019\/12\/20191109_181426.jpg?w=1800&amp;ssl=1 1800w, https:\/\/i0.wp.com\/asurb.com\/asurb3\/wp-content\/uploads\/2019\/12\/20191109_181426.jpg?w=2700&amp;ssl=1 2700w\" sizes=\"auto, (max-width: 180px) 100vw, 180px\" \/><\/a>ellente. Le film a beaucoup int\u00e9ress\u00e9 les spectateurs comme l\u2019ont montr\u00e9 les \u00e9changes qui ont suivi. On remarquait notamment un groupe de messieurs d\u2019origine africaine accompagn\u00e9s de leurs fils adolescents, venus avec l\u2019animatrice du centre socioculturel ASPIR de L\u2019Ha\u00ff les Roses, ainsi que des m\u00e8res de famille de Cachan. La th\u00e9matique du film, l\u2019\u00e9cartement entre deux cultures, ont fait l\u2019objet de remarques fort int\u00e9ressantes, parfois contrast\u00e9es, et de t\u00e9moignages enrichissants. On a pu ainsi ressentir tous les m\u00e9rites d&rsquo;un cin\u00e9ma de qualit\u00e9, qui peut apporter divertissement, d\u00e9paysement et mati\u00e8re \u00e0 r\u00e9flexion.<\/span><\/p>\n<p><span style=\"color: #000080;\">La m\u00eame atmosph\u00e8re de discussions amicales s\u2019est retrouv\u00e9e au cours du go\u00fbter partag\u00e9, offert par la maison Coust\u00e9, qui a suivi la projection.<\/span><\/p>\n<p>&nbsp;<\/p>\n<h4><\/h4>\n<h4><\/h4>\n<h4><\/h4>\n<h4><span style=\"color: #800000;\"><strong>Maison des familles de Gentilly <\/strong><\/span><\/h4>\n<h4><span style=\"color: #800000;\"><strong>\u00a0Mercredi 27 novembre &#8211; S\u00e9ance interg\u00e9n\u00e9rationnelle<\/strong><\/span><\/h4>\n<p><span style=\"color: #000080;\"><strong>Projection de SUPA MODO de Likarion Wainaina \u2013 Kenya \u2013 2018 \u2013 74 min<\/strong><\/span><\/p>\n<p><span style=\"color: #000080;\">Comme chaque ann\u00e9e, dans le cadre du Festival des solidarit\u00e9s, Afrique sur Bi\u00e8vre, en partenariat avec la ville, a organis\u00e9 une s\u00e9ance de cin\u00e9ma interg\u00e9n\u00e9rationnelle \u00e0 la Maison des familles de Gentilly. La projection avait \u00e9t\u00e9 pr\u00e9par\u00e9e en amont avec les animatrices des ateliers sociolinguistiques de la ville au Chaperon vert et \u00e0 la salle municipale du162 o\u00f9 nous avions pr\u00e9sent\u00e9 \u00e9galement le programme du festival Cin\u00e9 Regards Africains.<\/span><\/p>\n<p><span style=\"color: #000080;\">Suzie Gren\u00e8che et son assistante Malek introduisent la s\u00e9ance et pr\u00e9sentent les membres d\u2019Afrique sur Bi\u00e8vre. Le public est compos\u00e9 d\u2019enfants venus du centre de loisirs Courbet avec leur animateur, de dames des ateliers sociolinguistiques accompagn\u00e9es des animatrices et de personnes de la ville li\u00e9es \u00e0 la vie associative.<\/span><\/p>\n<p><span style=\"color: #000080;\">Le film <strong>Supa Modo<\/strong>, n\u2019est pas encore sorti en salle mais il remporte un tr\u00e8s grand succ\u00e8s dans les festivals. Nous \u00e9tions heureux de pouvoir en proposer la projection, car il parle aux spectateurs de tout \u00e2ge et de tout pays m\u00eame s\u2019il se passe au Kenya.<\/span><\/p>\n<p><span style=\"color: #000080;\">Jo, la jeune h\u00e9ro\u00efne est atteinte d\u2019une maladie incurable et les m\u00e9decins ne peuvent plus rien faire pour elle. Sa m\u00e8re, pour l\u2019avoir pr\u00e8s d\u2019elle, veut la retirer de l\u2019h\u00f4pital o\u00f9 elle se plaisait beaucoup, gr\u00e2ce \u00e0 la pr\u00e9sence d\u2019enfants de son \u00e2ge, tr\u00e8s bien encadr\u00e9s, et surtout divertis par les films de superh\u00e9ros projet\u00e9s par Mike, un jeune homme fou de cin\u00e9ma. Jo, elle, aimerait \u00eatre une super h\u00e9ro\u00efne capable de voler. Confin\u00e9e par sa m\u00e8re dans la maison, elle devient tr\u00e8s triste et r\u00eave qu\u2019elle exerce ses superpouvoirs dans une for\u00eat. Gr\u00e2ce \u00e0 la complicit\u00e9 de sa grande s\u0153ur et des gens du village, elle va pouvoir aller jouer dehors et surtout endosser les r\u00f4les dont elle r\u00eave. Elle devient le personnage principal d\u2019un film dont elle a imagin\u00e9 le sc\u00e9nario et qui est r\u00e9alis\u00e9 gr\u00e2ce \u00e0 la participation imaginative et enthousiaste de tous les habitants, sous la direction de Mike. Toutes les s\u00e9quences de tournage du film dans les rues et les espaces du village sont inventives et dr\u00f4les et la mort, montr\u00e9e comme un envol joyeux, apparait finalement comme une sorte d\u2019apoth\u00e9ose.<\/span><br \/>\n<span style=\"color: #000080;\">C\u2019est un tr\u00e8s beau film, ode \u00e0 l\u2019imagination, \u00e0 l\u2019enfance et au cin\u00e9ma pour la capacit\u00e9 d\u2019enchantement qu\u2019il procure.<\/span><\/p>\n<p><span style=\"color: #000080;\">Les enfants n\u2019ont pas \u00e9t\u00e9 les derniers \u00e0 donner leur avis, et leurs questions comme leurs remarques \u00e9taient pertinentes. Tous les spectateurs ont appr\u00e9ci\u00e9 et le go\u00fbter qui a suivi, pr\u00e9par\u00e9 en partie par les enfants, a \u00e9t\u00e9 joyeusement partag\u00e9. Ce fut une belle apr\u00e8s-midi \u00e0 Gentilly.<\/span><\/p>\n","protected":false},"excerpt":{"rendered":"<p>Samedi 9 novembre 2019 &#8211; Centre socioculturel Maison Coust\u00e9 Projection de WALLAY du r\u00e9alisateur burkinab\u00e9 Berni Goldblat Le samedi 9 novembre, la directrice, M\u00e9riem El Badraoui, et toute son \u00e9quipe, [&hellip;]<\/p>\n","protected":false},"author":1,"featured_media":0,"comment_status":"open","ping_status":"open","sticky":false,"template":"","format":"standard","meta":{"_jetpack_memberships_contains_paid_content":false,"footnotes":"","jetpack_publicize_message":"","jetpack_publicize_feature_enabled":true,"jetpack_social_post_already_shared":true,"jetpack_social_options":{"image_generator_settings":{"template":"highway","default_image_id":0,"font":"","enabled":false},"version":2}},"categories":[12],"tags":[],"class_list":["post-2790","post","type-post","status-publish","format-standard","hentry","category-autour-du-festival"],"jetpack_publicize_connections":[],"jetpack_featured_media_url":"","jetpack_sharing_enabled":true,"jetpack_shortlink":"https:\/\/wp.me\/p7C6tF-J0","jetpack-related-posts":[{"id":1608,"url":"https:\/\/asurb.com\/asurb3\/?p=1608","url_meta":{"origin":2790,"position":0},"title":"Afrique sur Bi\u00e8vre au festival Cin\u00e9mas d&rsquo;Afrique d&rsquo;Angers  (16-21 mai 2017)","author":"webmaster","date":"18 mai 2017","format":false,"excerpt":"Afrique sur Bi\u00e8vre \u00e9tait cette ann\u00e9e encore \u00e0 Angers pour la 16e \u00e9dition du Festival Cin\u00e9mas d\u2019Afrique\u00a0. Organis\u00e9e par la dynamique association Cultures et Cin\u00e9mas d\u2019Afrique avec le soutien de la ville, du d\u00e9partement et de la r\u00e9gion Pays de la Loire ainsi que d\u2019autres partenaires, cette manifestation a lieu\u2026","rel":"","context":"Dans &quot;Activit\u00e9s&quot;","block_context":{"text":"Activit\u00e9s","link":"https:\/\/asurb.com\/asurb3\/?cat=4"},"img":{"alt_text":"","src":"","width":0,"height":0},"classes":[]},{"id":1941,"url":"https:\/\/asurb.com\/asurb3\/?p=1941","url_meta":{"origin":2790,"position":1},"title":"CRA 2017 au jour le jour","author":"webmaster","date":"29 novembre 2017","format":false,"excerpt":"En guise de prologue, mardi 21 novembre, Cin\u00e9ma La Pl\u00e9iade Cachan. \u00a0En partenariat avec La Pl\u00e9iade dans le cadre du mardi des r\u00e9alisateurs, et \u00e0 l\u2019occasion du centenaire de sa naissance, Afrique sur Bi\u00e8vre tenait \u00e0 rendre hommage \u00e0 Jean Rouch avec la projection de \u00ab\u00a0Moi, un noir\u00a0\u00bb (1958). Cette\u2026","rel":"","context":"Dans &quot;Festival&quot;","block_context":{"text":"Festival","link":"https:\/\/asurb.com\/asurb3\/?cat=9"},"img":{"alt_text":"","src":"https:\/\/i0.wp.com\/asurb.com\/asurb3\/wp-content\/uploads\/2017\/11\/Wallay_les-ados_2017-11-24_220731-300x169.jpg?resize=350%2C200&ssl=1","width":350,"height":200},"classes":[]},{"id":1510,"url":"https:\/\/asurb.com\/asurb3\/?p=1510","url_meta":{"origin":2790,"position":2},"title":"Tata Milouda  \u00e0 la maison Coust\u00e9","author":"webmaster","date":"17 mars 2017","format":false,"excerpt":"Cachan, 14 mars 2017. A 19h,\u00a0 la maison Coust\u00e9 accueillait une assistance nombreuse pour la projection\/rencontre organis\u00e9e, dans le cadre de la Quinzaine des femmes, par Afrique sur Bi\u00e8vre et le centre socioculturel. Ce fut une belle soir\u00e9e\u00a0 : l e film de Ferjia Deliba\u00a0 \"D'une pierre deux coups\" a\u2026","rel":"","context":"Dans &quot;Activit\u00e9s&quot;","block_context":{"text":"Activit\u00e9s","link":"https:\/\/asurb.com\/asurb3\/?cat=4"},"img":{"alt_text":"image","src":"https:\/\/i0.wp.com\/asurb.com\/asurb3\/wp-content\/uploads\/2017\/03\/image-300x169.jpg?resize=350%2C200&ssl=1","width":350,"height":200},"classes":[]},{"id":1988,"url":"https:\/\/asurb.com\/asurb3\/?p=1988","url_meta":{"origin":2790,"position":3},"title":"CRA 2017 Le festival au jour le jour","author":"webmaster","date":"11 d\u00e9cembre 2017","format":false,"excerpt":"\u00a0 \u00a0 Mardi 28 novembre \u2013 Cin\u00e9ma La Tournelle \u2013 l\u2019Ha\u00ff- les- Roses S\u00e9ance de courts m\u00e9trages A la sortie de la s\u00e9ance, nombreux furent les spectateurs \u00e0 dire leur plaisir de d\u00e9couvrir des \u0153uvres tr\u00e8s diverses aussi bien par leurs pays d\u2019origine que par leurs th\u00e9matiques. Michel Amarger, qui\u2026","rel":"","context":"Dans &quot;Festival&quot;","block_context":{"text":"Festival","link":"https:\/\/asurb.com\/asurb3\/?cat=9"},"img":{"alt_text":"","src":"","width":0,"height":0},"classes":[]},{"id":1986,"url":"https:\/\/asurb.com\/asurb3\/?p=1986","url_meta":{"origin":2790,"position":4},"title":"CRA 2017 au jour le jour","author":"webmaster","date":"11 d\u00e9cembre 2017","format":false,"excerpt":"Samedi 2 et dimanche 3 d\u00e9cembre \u2013 Espace municipal Jean Vilar \u2013 Arcueil Focus Dieudo Hamadi , documentariste congolais Michel Amarger a assur\u00e9 la pr\u00e9sentation des films du week-end et anim\u00e9 les d\u00e9bats qui ont suivi. Samedi 18h\u00a0: Atalaku Ce documentaire nous plonge en pleine campagne \u00e9lectorale dans la R\u00e9publique\u2026","rel":"","context":"Dans &quot;Festival&quot;","block_context":{"text":"Festival","link":"https:\/\/asurb.com\/asurb3\/?cat=9"},"img":{"alt_text":"","src":"","width":0,"height":0},"classes":[]},{"id":2522,"url":"https:\/\/asurb.com\/asurb3\/?p=2522","url_meta":{"origin":2790,"position":5},"title":"Programme du Festival : \u00ab\u00a0Cin\u00e9 Regards Africains\u00a0\u00bb 2019","author":"webmaster","date":"6 octobre 2019","format":false,"excerpt":"Le prochain festival \"Cin\u00e9 Regards Africains\" aura lieu du vendredi 22 novembre au dimanche 1er d\u00e9cembre 2019 Chaque projection sera suivie d\u2019un d\u00e9bat anim\u00e9 par des sp\u00e9cialistes des cin\u00e9mas africains et\/ou des r\u00e9alisateurs ou membres des \u00e9quipes des films. Pour la premi\u00e8re fois, les spectateurs seront invit\u00e9s \u00e0 voter pour\u2026","rel":"","context":"Dans &quot;Festival&quot;","block_context":{"text":"Festival","link":"https:\/\/asurb.com\/asurb3\/?cat=9"},"img":{"alt_text":"","src":"https:\/\/i0.wp.com\/asurb.com\/asurb3\/wp-content\/uploads\/2019\/11\/Affiche-A5-2019-212x300.jpg?resize=350%2C200","width":350,"height":200},"classes":[]}],"_links":{"self":[{"href":"https:\/\/asurb.com\/asurb3\/index.php?rest_route=\/wp\/v2\/posts\/2790","targetHints":{"allow":["GET"]}}],"collection":[{"href":"https:\/\/asurb.com\/asurb3\/index.php?rest_route=\/wp\/v2\/posts"}],"about":[{"href":"https:\/\/asurb.com\/asurb3\/index.php?rest_route=\/wp\/v2\/types\/post"}],"author":[{"embeddable":true,"href":"https:\/\/asurb.com\/asurb3\/index.php?rest_route=\/wp\/v2\/users\/1"}],"replies":[{"embeddable":true,"href":"https:\/\/asurb.com\/asurb3\/index.php?rest_route=%2Fwp%2Fv2%2Fcomments&post=2790"}],"version-history":[{"count":4,"href":"https:\/\/asurb.com\/asurb3\/index.php?rest_route=\/wp\/v2\/posts\/2790\/revisions"}],"predecessor-version":[{"id":2801,"href":"https:\/\/asurb.com\/asurb3\/index.php?rest_route=\/wp\/v2\/posts\/2790\/revisions\/2801"}],"wp:attachment":[{"href":"https:\/\/asurb.com\/asurb3\/index.php?rest_route=%2Fwp%2Fv2%2Fmedia&parent=2790"}],"wp:term":[{"taxonomy":"category","embeddable":true,"href":"https:\/\/asurb.com\/asurb3\/index.php?rest_route=%2Fwp%2Fv2%2Fcategories&post=2790"},{"taxonomy":"post_tag","embeddable":true,"href":"https:\/\/asurb.com\/asurb3\/index.php?rest_route=%2Fwp%2Fv2%2Ftags&post=2790"}],"curies":[{"name":"wp","href":"https:\/\/api.w.org\/{rel}","templated":true}]}}