{"id":3346,"date":"2022-10-12T15:45:00","date_gmt":"2022-10-12T13:45:00","guid":{"rendered":"https:\/\/asurb.com\/asurb3\/?p=3346"},"modified":"2024-10-12T15:55:17","modified_gmt":"2024-10-12T13:55:17","slug":"programme-du-festival-cine-regards-africains-2020-3","status":"publish","type":"post","link":"https:\/\/asurb.com\/asurb3\/?p=3346","title":{"rendered":"Festival  \u00ab\u00a0Cin\u00e9 Regards Africains\u00a0\u00bb 2022 : programme"},"content":{"rendered":"<h4 style=\"text-align: center;\"><span style=\"color: #000080;\"><a href=\"https:\/\/i0.wp.com\/asurb.com\/asurb3\/wp-content\/uploads\/2021\/08\/Couv-livret-2021.jpg\"><img data-recalc-dims=\"1\" loading=\"lazy\" decoding=\"async\" data-attachment-id=\"2996\" data-permalink=\"https:\/\/asurb.com\/asurb3\/?attachment_id=2996\" data-orig-file=\"https:\/\/i0.wp.com\/asurb.com\/asurb3\/wp-content\/uploads\/2021\/08\/Couv-livret-2021.jpg?fit=1762%2C2480&amp;ssl=1\" data-orig-size=\"1762,2480\" data-comments-opened=\"1\" data-image-meta=\"{&quot;aperture&quot;:&quot;0&quot;,&quot;credit&quot;:&quot;&quot;,&quot;camera&quot;:&quot;&quot;,&quot;caption&quot;:&quot;&quot;,&quot;created_timestamp&quot;:&quot;0&quot;,&quot;copyright&quot;:&quot;&quot;,&quot;focal_length&quot;:&quot;0&quot;,&quot;iso&quot;:&quot;0&quot;,&quot;shutter_speed&quot;:&quot;0&quot;,&quot;title&quot;:&quot;&quot;,&quot;orientation&quot;:&quot;0&quot;}\" data-image-title=\"Couv livret 2021\" data-image-description=\"\" data-image-caption=\"\" data-large-file=\"https:\/\/i0.wp.com\/asurb.com\/asurb3\/wp-content\/uploads\/2021\/08\/Couv-livret-2021.jpg?fit=728%2C1024&amp;ssl=1\" class=\"wp-image-2996 alignright\" src=\"https:\/\/i0.wp.com\/asurb.com\/asurb3\/wp-content\/uploads\/2021\/08\/Couv-livret-2021-213x300.jpg?resize=227%2C320\" alt=\"\" width=\"227\" height=\"320\" srcset=\"https:\/\/i0.wp.com\/asurb.com\/asurb3\/wp-content\/uploads\/2021\/08\/Couv-livret-2021.jpg?resize=213%2C300&amp;ssl=1 213w, https:\/\/i0.wp.com\/asurb.com\/asurb3\/wp-content\/uploads\/2021\/08\/Couv-livret-2021.jpg?resize=100%2C141&amp;ssl=1 100w, https:\/\/i0.wp.com\/asurb.com\/asurb3\/wp-content\/uploads\/2021\/08\/Couv-livret-2021.jpg?resize=728%2C1024&amp;ssl=1 728w, https:\/\/i0.wp.com\/asurb.com\/asurb3\/wp-content\/uploads\/2021\/08\/Couv-livret-2021.jpg?resize=600%2C844&amp;ssl=1 600w, https:\/\/i0.wp.com\/asurb.com\/asurb3\/wp-content\/uploads\/2021\/08\/Couv-livret-2021.jpg?w=1762&amp;ssl=1 1762w\" sizes=\"auto, (max-width: 227px) 100vw, 227px\" \/><\/a><\/span><\/h4>\n<h4><\/h4>\n<p>Cette ann\u00e9e un \u00ab\u00a0Prix du jury\u00a0\u00bb sera \u00e9galement d\u00e9cern\u00e9 parmi les longs m\u00e9trages projet\u00e9s pendant le festival, le jury \u00e9tant compos\u00e9 de professionnels du cin\u00e9ma et de responsables des salles.<\/p>\n<p><strong>Outre les lauriers qui les accompagnent, ces prix sont dot\u00e9s de 1.000 \u20ac.<\/strong><\/p>\n<p><strong>Les r\u00e9sultats seront proclam\u00e9s\u00a0le dimanche 5 d\u00e9cembre lors de la s\u00e9ance de cl\u00f4ture du festival.<br \/>\n<\/strong><\/p>\n<h4><strong><br \/>\n\u25ca Vendredi 26 novembre &#8211;\u00a0<\/strong><strong>Cin\u00e9ma Le S\u00e9lect &#8211; Antony <\/strong><strong>&#8211; 18h30<br \/>\n<\/strong><\/h4>\n<h4><a href=\"https:\/\/i0.wp.com\/asurb.com\/asurb3\/wp-content\/uploads\/2021\/08\/Nafi.jpg\"><img data-recalc-dims=\"1\" loading=\"lazy\" decoding=\"async\" data-attachment-id=\"2969\" data-permalink=\"https:\/\/asurb.com\/asurb3\/?attachment_id=2969\" data-orig-file=\"https:\/\/i0.wp.com\/asurb.com\/asurb3\/wp-content\/uploads\/2021\/08\/Nafi.jpg?fit=185%2C273&amp;ssl=1\" data-orig-size=\"185,273\" data-comments-opened=\"1\" data-image-meta=\"{&quot;aperture&quot;:&quot;0&quot;,&quot;credit&quot;:&quot;&quot;,&quot;camera&quot;:&quot;&quot;,&quot;caption&quot;:&quot;&quot;,&quot;created_timestamp&quot;:&quot;0&quot;,&quot;copyright&quot;:&quot;&quot;,&quot;focal_length&quot;:&quot;0&quot;,&quot;iso&quot;:&quot;0&quot;,&quot;shutter_speed&quot;:&quot;0&quot;,&quot;title&quot;:&quot;&quot;,&quot;orientation&quot;:&quot;0&quot;}\" data-image-title=\"Nafi\" data-image-description=\"\" data-image-caption=\"\" data-large-file=\"https:\/\/i0.wp.com\/asurb.com\/asurb3\/wp-content\/uploads\/2021\/08\/Nafi.jpg?fit=185%2C273&amp;ssl=1\" class=\" wp-image-2969 alignright\" src=\"https:\/\/i0.wp.com\/asurb.com\/asurb3\/wp-content\/uploads\/2021\/08\/Nafi.jpg?resize=100%2C147\" alt=\"\" width=\"100\" height=\"147\" srcset=\"https:\/\/i0.wp.com\/asurb.com\/asurb3\/wp-content\/uploads\/2021\/08\/Nafi.jpg?w=185&amp;ssl=1 185w, https:\/\/i0.wp.com\/asurb.com\/asurb3\/wp-content\/uploads\/2021\/08\/Nafi.jpg?resize=100%2C148&amp;ssl=1 100w\" sizes=\"auto, (max-width: 100px) 100vw, 100px\" \/><\/a><\/h4>\n<p><strong>LE PERE DE NAFI &#8211; <\/strong>de De Mamadou DIA \u2013 S\u00e9n\u00e9gal \u2013 2019 \u2013 109 min \u2013 Fiction \u2013 Couleur &#8211; VO peul STF \u2013 DCP<\/p>\n<p>Un imam mod\u00e9r\u00e9 d\u2019une petite ville du nord du S\u00e9n\u00e9gal s\u2019oppose \u00e0 son fr\u00e8re tr\u00e8s religieux et puissant \u00e0 propos du mariage de leurs enfants.<br \/>\nLes jeunes Nafi et Tokara r\u00eavent, eux, de partir \u00e9tudier \u00e0 Dakar, la capitale, et de vivre avec leur \u00e9poque.<br \/>\nDeux conceptions oppos\u00e9es de l\u2019islam s\u2019affrontent sur fond de conflit g\u00e9n\u00e9rationnel, de transformations sociales et politiques,<br \/>\ndans un film qui sait \u00e9voquer des tensions tragiques avec subtilit\u00e9 et d\u00e9licatesse.<\/p>\n<p><strong>Pr\u00e9sentation et d\u00e9bats assur\u00e9s par Catherine Ruelle<\/strong> <em>(journaliste politique et critique de cin\u00e9ma)<\/em><\/p>\n<p><em>Tarifs\u00a0: plein 7 \u20ac &#8211; r\u00e9duit 6 \u20ac\u00a0 &#8211; 3 heures de parking gratuites (faire valider son ticket \u00e0 la caisse)<\/em><\/p>\n<p><a href=\"https:\/\/i0.wp.com\/asurb.com\/asurb3\/wp-content\/uploads\/2021\/08\/index.jpg\"><img data-recalc-dims=\"1\" loading=\"lazy\" decoding=\"async\" data-attachment-id=\"2967\" data-permalink=\"https:\/\/asurb.com\/asurb3\/?attachment_id=2967\" data-orig-file=\"https:\/\/i0.wp.com\/asurb.com\/asurb3\/wp-content\/uploads\/2021\/08\/index.jpg?fit=189%2C267&amp;ssl=1\" data-orig-size=\"189,267\" data-comments-opened=\"1\" data-image-meta=\"{&quot;aperture&quot;:&quot;0&quot;,&quot;credit&quot;:&quot;&quot;,&quot;camera&quot;:&quot;&quot;,&quot;caption&quot;:&quot;&quot;,&quot;created_timestamp&quot;:&quot;0&quot;,&quot;copyright&quot;:&quot;&quot;,&quot;focal_length&quot;:&quot;0&quot;,&quot;iso&quot;:&quot;0&quot;,&quot;shutter_speed&quot;:&quot;0&quot;,&quot;title&quot;:&quot;&quot;,&quot;orientation&quot;:&quot;0&quot;}\" data-image-title=\"index\" data-image-description=\"\" data-image-caption=\"\" data-large-file=\"https:\/\/i0.wp.com\/asurb.com\/asurb3\/wp-content\/uploads\/2021\/08\/index.jpg?fit=189%2C267&amp;ssl=1\" class=\"wp-image-2967 alignright\" src=\"https:\/\/i0.wp.com\/asurb.com\/asurb3\/wp-content\/uploads\/2021\/08\/index.jpg?resize=103%2C145\" alt=\"\" width=\"103\" height=\"145\" srcset=\"https:\/\/i0.wp.com\/asurb.com\/asurb3\/wp-content\/uploads\/2021\/08\/index.jpg?w=189&amp;ssl=1 189w, https:\/\/i0.wp.com\/asurb.com\/asurb3\/wp-content\/uploads\/2021\/08\/index.jpg?resize=100%2C141&amp;ssl=1 100w\" sizes=\"auto, (max-width: 103px) 100vw, 103px\" \/><\/a><\/p>\n<h4><strong>\u25ca Samedi 27 novembre<\/strong><strong> &#8211; <\/strong><strong>Cin\u00e9ma Jean Vilar &#8211; Arcueil <\/strong><\/h4>\n<h5><strong>18h :\u00a0<\/strong><strong> BUDDHA IN AFRICA &#8211;\u00a0<\/strong> De Nicole Schafer &#8211;\u00a0\u00a0 Afrique du Sud\/Su\u00e8de \u00a0-2019 &#8211; 90min \u2013 documentaire &#8211; couleur -VOSTF<\/h5>\n<p>Dans un orphelinat chinois taiwanais install\u00e9 en Afrique, l\u2019Amitofo Care Centre (ACC), le film suit Enock Alu, un adolescent malawite venu d\u2019un milieu rural.<br \/>\nIl est tiraill\u00e9 entre sa culture traditionnelle musulmane et le syst\u00e8me de valeurs bouddhiste confucianiste qu\u2019on lui a inculqu\u00e9 depuis ses sept ans.<\/p>\n<p><strong>20h30 :\u00a0<\/strong><strong> LE F<\/strong>I<strong>GUIER &#8211; <\/strong>De A\u00e4l\u00e4m-W\u00e4rqe Davidian &#8211; Ethiopie\/Isra\u00ebl\/France\/Allemagne \u2013 2018 &#8211; 93 min \u2013 fiction \u2013 VOSTF<a href=\"https:\/\/i0.wp.com\/asurb.com\/asurb3\/wp-content\/uploads\/2020\/10\/Le-figuier.jpg\"><img data-recalc-dims=\"1\" loading=\"lazy\" decoding=\"async\" data-attachment-id=\"2878\" data-permalink=\"https:\/\/asurb.com\/asurb3\/?attachment_id=2878\" data-orig-file=\"https:\/\/i0.wp.com\/asurb.com\/asurb3\/wp-content\/uploads\/2020\/10\/Le-figuier.jpg?fit=620%2C827&amp;ssl=1\" data-orig-size=\"620,827\" data-comments-opened=\"1\" data-image-meta=\"{&quot;aperture&quot;:&quot;0&quot;,&quot;credit&quot;:&quot;&quot;,&quot;camera&quot;:&quot;&quot;,&quot;caption&quot;:&quot;&quot;,&quot;created_timestamp&quot;:&quot;0&quot;,&quot;copyright&quot;:&quot;&quot;,&quot;focal_length&quot;:&quot;0&quot;,&quot;iso&quot;:&quot;0&quot;,&quot;shutter_speed&quot;:&quot;0&quot;,&quot;title&quot;:&quot;&quot;,&quot;orientation&quot;:&quot;0&quot;}\" data-image-title=\"Le figuier\" data-image-description=\"\" data-image-caption=\"\" data-large-file=\"https:\/\/i0.wp.com\/asurb.com\/asurb3\/wp-content\/uploads\/2020\/10\/Le-figuier.jpg?fit=620%2C827&amp;ssl=1\" class=\"wp-image-2878 alignright\" src=\"https:\/\/i0.wp.com\/asurb.com\/asurb3\/wp-content\/uploads\/2020\/10\/Le-figuier-225x300.jpg?resize=111%2C148\" alt=\"\" width=\"111\" height=\"148\" srcset=\"https:\/\/i0.wp.com\/asurb.com\/asurb3\/wp-content\/uploads\/2020\/10\/Le-figuier.jpg?resize=225%2C300&amp;ssl=1 225w, https:\/\/i0.wp.com\/asurb.com\/asurb3\/wp-content\/uploads\/2020\/10\/Le-figuier.jpg?resize=100%2C133&amp;ssl=1 100w, https:\/\/i0.wp.com\/asurb.com\/asurb3\/wp-content\/uploads\/2020\/10\/Le-figuier.jpg?resize=600%2C800&amp;ssl=1 600w, https:\/\/i0.wp.com\/asurb.com\/asurb3\/wp-content\/uploads\/2020\/10\/Le-figuier.jpg?w=620&amp;ssl=1 620w\" sizes=\"auto, (max-width: 111px) 100vw, 111px\" \/><\/a><br \/>\n<em>Prix du meilleur long m\u00e9trage au Festival de Cine Africano de Tarifa-Tanger 2019<\/em><\/p>\n<p>En 1989, pendant la guerre civile qui d\u00e9chire l\u2019Ethiopie, la famille de Mina, une adolescente de 14 ans, d\u00e9cide de quitter le pays pour Isra\u00ebl. Mais Mina ne peut se r\u00e9soudre \u00e0 quitter son ami Eli dont elle est secr\u00e8tement amoureuse. Malgr\u00e9 la guerre qui fait rage, elle fera tout ce qu\u2019elle peut pour sauver l\u2019amour de sa vie avant que ne se termine leur enfance.<\/p>\n<p><strong>Projection suivie d\u2019un d\u00e9bat anim\u00e9 par Daniela Ricci<\/strong> (Enseignante et chercheuse en \u00e9tudes cin\u00e9matographiques \u00e0 l&rsquo;Universit\u00e9 Paris Nanterre)<\/p>\n<p><em>Plein tarif\u00a0: 5,20 \u20ac- R\u00e9duit (\u00e9tudiants, retrait\u00e9s, ch\u00f4meurs)\u00a0: 4,75 \u20ac &#8211; Abonn\u00e9s et moins de 15 ans : 3,65 \u20ac &#8211; Forfait pour les 2 s\u00e9ances du samedi\u00a0:\u00a0 7,30 \u20ac<\/em><\/p>\n<h4><strong>\u25ca Dimanche 28 novembre<\/strong><strong> &#8211; <\/strong><strong>Cin\u00e9ma Jean Vilar &#8211; Arcueil &#8211; 16h30<br \/>\n<\/strong><\/h4>\n<p><strong>GRANMA NINETEEN AND THE SOVIET&rsquo;S SECRET (Grand-m\u00e8re 19 et le secret du sovi\u00e9tique ) &#8211; <\/strong>De Jo\u00e3o Ribeiro &#8211;<br \/>\nMozambique\/Portugal \u2013 2020 &#8211; 94 min \u2013 fiction \u2013 couleur \u2013 VO portugais STF<a href=\"https:\/\/i0.wp.com\/asurb.com\/asurb3\/wp-content\/uploads\/2021\/08\/Granma.jpg\"><img data-recalc-dims=\"1\" loading=\"lazy\" decoding=\"async\" data-attachment-id=\"2972\" data-permalink=\"https:\/\/asurb.com\/asurb3\/?attachment_id=2972\" data-orig-file=\"https:\/\/i0.wp.com\/asurb.com\/asurb3\/wp-content\/uploads\/2021\/08\/Granma.jpg?fit=189%2C267&amp;ssl=1\" data-orig-size=\"189,267\" data-comments-opened=\"1\" data-image-meta=\"{&quot;aperture&quot;:&quot;0&quot;,&quot;credit&quot;:&quot;&quot;,&quot;camera&quot;:&quot;&quot;,&quot;caption&quot;:&quot;&quot;,&quot;created_timestamp&quot;:&quot;0&quot;,&quot;copyright&quot;:&quot;&quot;,&quot;focal_length&quot;:&quot;0&quot;,&quot;iso&quot;:&quot;0&quot;,&quot;shutter_speed&quot;:&quot;0&quot;,&quot;title&quot;:&quot;&quot;,&quot;orientation&quot;:&quot;0&quot;}\" data-image-title=\"Granma\" data-image-description=\"\" data-image-caption=\"\" data-large-file=\"https:\/\/i0.wp.com\/asurb.com\/asurb3\/wp-content\/uploads\/2021\/08\/Granma.jpg?fit=189%2C267&amp;ssl=1\" class=\" wp-image-2972 alignright\" src=\"https:\/\/i0.wp.com\/asurb.com\/asurb3\/wp-content\/uploads\/2021\/08\/Granma.jpg?resize=122%2C173\" alt=\"\" width=\"122\" height=\"173\" srcset=\"https:\/\/i0.wp.com\/asurb.com\/asurb3\/wp-content\/uploads\/2021\/08\/Granma.jpg?w=189&amp;ssl=1 189w, https:\/\/i0.wp.com\/asurb.com\/asurb3\/wp-content\/uploads\/2021\/08\/Granma.jpg?resize=100%2C141&amp;ssl=1 100w\" sizes=\"auto, (max-width: 122px) 100vw, 122px\" \/><\/a><\/p>\n<p>Adapt\u00e9 d\u2019un c\u00e9l\u00e8bre roman angolais, le film raconte les souvenirs d\u2019enfance de l\u2019auteur au moment de la construction,par des coop\u00e9rants sovi\u00e9tiques, d\u2019un mausol\u00e9e d\u00e9di\u00e9 au premier pr\u00e9sident de l\u2019Angola mais au prix de la d\u00e9molition d\u2019habitations populaires en bord de mer. Une pr\u00e9sentation quelque peu fantastique d\u2019un monde o\u00f9 se m\u00ealent magie et r\u00e9alit\u00e9, per\u00e7u \u00e0 travers la fantaisie et la conscience bouillonnante des enfants du quartier,\u00a0 encadr\u00e9s par une \u00ab\u00a0Grand-m\u00e8re 19\u00a0\u00bb\u00a0haute en couleurs.<\/p>\n<h5><\/h5>\n<h4><strong>\u25ca Mardi 30\u00a0 novembre<\/strong><strong> &#8211; <\/strong><strong>Cin\u00e9ma La Tournelle \u2013 L\u2019Ha\u00ff-les-Roses 20h00<\/strong><\/h4>\n<p><strong>Pr\u00e9sentation et d\u00e9bats assur\u00e9s par Michel Amarger,<\/strong><em>\u00a0 (r\u00e9alisateur, journaliste sp\u00e9cialiste des cin\u00e9mas d&rsquo;Afrique)<\/em><\/p>\n<p><strong>TALKING ABOUT TREES (Parler des arbres)\u00a0 &#8211; <\/strong>De Suhaib Gasmelbari &#8211; Soudan\/France\/Allemagne\/Tchad\/Qatar \u2013 2018 \u2013 94 min \u2013<br \/>\ndocumentaire \u2013 VO arabe STF<a href=\"https:\/\/i0.wp.com\/asurb.com\/asurb3\/wp-content\/uploads\/2020\/10\/Talking-about-trees.jpg\"><img data-recalc-dims=\"1\" loading=\"lazy\" decoding=\"async\" data-attachment-id=\"2880\" data-permalink=\"https:\/\/asurb.com\/asurb3\/?attachment_id=2880\" data-orig-file=\"https:\/\/i0.wp.com\/asurb.com\/asurb3\/wp-content\/uploads\/2020\/10\/Talking-about-trees.jpg?fit=1196%2C1594&amp;ssl=1\" data-orig-size=\"1196,1594\" data-comments-opened=\"1\" data-image-meta=\"{&quot;aperture&quot;:&quot;0&quot;,&quot;credit&quot;:&quot;&quot;,&quot;camera&quot;:&quot;&quot;,&quot;caption&quot;:&quot;&quot;,&quot;created_timestamp&quot;:&quot;0&quot;,&quot;copyright&quot;:&quot;&quot;,&quot;focal_length&quot;:&quot;0&quot;,&quot;iso&quot;:&quot;0&quot;,&quot;shutter_speed&quot;:&quot;0&quot;,&quot;title&quot;:&quot;&quot;,&quot;orientation&quot;:&quot;0&quot;}\" data-image-title=\"Talking about trees\" data-image-description=\"\" data-image-caption=\"\" data-large-file=\"https:\/\/i0.wp.com\/asurb.com\/asurb3\/wp-content\/uploads\/2020\/10\/Talking-about-trees.jpg?fit=768%2C1024&amp;ssl=1\" class=\" wp-image-2880 alignright\" src=\"https:\/\/i0.wp.com\/asurb.com\/asurb3\/wp-content\/uploads\/2020\/10\/Talking-about-trees-225x300.jpg?resize=100%2C133\" alt=\"\" width=\"100\" height=\"133\" srcset=\"https:\/\/i0.wp.com\/asurb.com\/asurb3\/wp-content\/uploads\/2020\/10\/Talking-about-trees.jpg?resize=225%2C300&amp;ssl=1 225w, https:\/\/i0.wp.com\/asurb.com\/asurb3\/wp-content\/uploads\/2020\/10\/Talking-about-trees.jpg?resize=100%2C133&amp;ssl=1 100w, https:\/\/i0.wp.com\/asurb.com\/asurb3\/wp-content\/uploads\/2020\/10\/Talking-about-trees.jpg?resize=768%2C1024&amp;ssl=1 768w, https:\/\/i0.wp.com\/asurb.com\/asurb3\/wp-content\/uploads\/2020\/10\/Talking-about-trees.jpg?resize=600%2C800&amp;ssl=1 600w, https:\/\/i0.wp.com\/asurb.com\/asurb3\/wp-content\/uploads\/2020\/10\/Talking-about-trees.jpg?w=1196&amp;ssl=1 1196w\" sizes=\"auto, (max-width: 100px) 100vw, 100px\" \/><\/a><\/p>\n<p>Ibrahim, Suleiman, Manar et Altayeb, cin\u00e9astes fac\u00e9tieux et id\u00e9alistes malgr\u00e9 leur \u00e2ge, sillonnent dans un van les routes du Soudan pour projeter des films en \u00e9vitant la censure du pouvoir. Ces quatre amis de toujours se mettent \u00e0 r\u00eaver d\u2019organiser une grande projection publique dans la capitale Khartoum et de r\u00e9nover une salle de cin\u00e9ma \u00e0 l\u2019abandon. Son nom\u00a0? La R\u00e9volution\u2026<\/p>\n<p><em>Tarif\u00a0: 4,20 \u20ac \u2013 tarif abonn\u00e9s : 4,00 \u20ac<\/em><\/p>\n<h4><strong>\u25ca\u00a0Mercredi 1er d\u00e9cembre &#8211; Maison Pour Tous G\u00e9rard Philipe &#8211; Villejuif &#8211; 14h30<br \/>\n<\/strong><\/h4>\n<p><strong>KETEKE <\/strong><strong>(Le train) &#8211; <\/strong>de Peter Sedufia &#8211; Ghana \u2013 2017 \u2013 70 min \u2013 fiction \u2013 VOSTF <a href=\"https:\/\/i0.wp.com\/asurb.com\/asurb3\/wp-content\/uploads\/2019\/10\/Keteke.jpg\"><img data-recalc-dims=\"1\" loading=\"lazy\" decoding=\"async\" data-attachment-id=\"2561\" data-permalink=\"https:\/\/asurb.com\/asurb3\/?attachment_id=2561\" data-orig-file=\"https:\/\/i0.wp.com\/asurb.com\/asurb3\/wp-content\/uploads\/2019\/10\/Keteke.jpg?fit=1226%2C1600&amp;ssl=1\" data-orig-size=\"1226,1600\" data-comments-opened=\"1\" data-image-meta=\"{&quot;aperture&quot;:&quot;0&quot;,&quot;credit&quot;:&quot;&quot;,&quot;camera&quot;:&quot;&quot;,&quot;caption&quot;:&quot;&quot;,&quot;created_timestamp&quot;:&quot;0&quot;,&quot;copyright&quot;:&quot;&quot;,&quot;focal_length&quot;:&quot;0&quot;,&quot;iso&quot;:&quot;0&quot;,&quot;shutter_speed&quot;:&quot;0&quot;,&quot;title&quot;:&quot;&quot;,&quot;orientation&quot;:&quot;0&quot;}\" data-image-title=\"Keteke\" data-image-description=\"\" data-image-caption=\"\" data-large-file=\"https:\/\/i0.wp.com\/asurb.com\/asurb3\/wp-content\/uploads\/2019\/10\/Keteke.jpg?fit=785%2C1024&amp;ssl=1\" class=\" wp-image-2561 alignright\" src=\"https:\/\/i0.wp.com\/asurb.com\/asurb3\/wp-content\/uploads\/2019\/10\/Keteke-230x300.jpg?resize=101%2C131\" alt=\"\" width=\"101\" height=\"131\" srcset=\"https:\/\/i0.wp.com\/asurb.com\/asurb3\/wp-content\/uploads\/2019\/10\/Keteke.jpg?resize=230%2C300&amp;ssl=1 230w, https:\/\/i0.wp.com\/asurb.com\/asurb3\/wp-content\/uploads\/2019\/10\/Keteke.jpg?resize=100%2C131&amp;ssl=1 100w, https:\/\/i0.wp.com\/asurb.com\/asurb3\/wp-content\/uploads\/2019\/10\/Keteke.jpg?resize=785%2C1024&amp;ssl=1 785w, https:\/\/i0.wp.com\/asurb.com\/asurb3\/wp-content\/uploads\/2019\/10\/Keteke.jpg?w=1226&amp;ssl=1 1226w\" sizes=\"auto, (max-width: 101px) 100vw, 101px\" \/><\/a><br \/>\n<em>Prix du jeune public \u00e0 Cin\u00e9mas d\u2019Afrique &#8211; Angers 2019<br \/>\n<\/em><\/p>\n<p>Ann\u00e9es 80\u00a0: Atswei, enceinte, et son mari, Boi, tentent de rejoindre Ateke, le village de la femme, pour l\u2019accouchement. Ils ratent le train, seul moyen de transport pour arriver \u00e0 la bourgade.<br \/>\nC\u2019est le point de d\u00e9part, pour nos deux h\u00e9ros \u00e9gar\u00e9s en pleine brousse, d\u2019un p\u00e9riple particuli\u00e8rement burlesque.<\/p>\n<p><em>\u00a0<\/em><em>Entr\u00e9e libre dans la limite des places disponibles<\/em>.<\/p>\n<h4><strong>\u25ca Jeudi 2 d\u00e9cembre &#8211; cin\u00e9ma La Tournelle &#8211;\u00a0 <\/strong><strong>L\u2019Ha\u00ff-les-Roses- 20h00<\/strong><\/h4>\n<p><strong>\u00a0DOCTA JEFFERSON &#8211; <\/strong>De Elvis Sabin Ngaibino &#8211; R\u00e9publique Centrafricaine\/France &#8211; 2017 &#8211; 29 min \u2013 documentaire &#8211; VOSTF<\/p>\n<p>Jefferson est ce qu\u2019on appelle \u00e0 Bangui un \u00ab docta \u00bb, un agent de sant\u00e9 qui exerce la m\u00e9decine sans dipl\u00f4me. A l\u2019heure o\u00f9 le Minist\u00e8re de la Sant\u00e9 centrafricain voudrait r\u00e8glementer la vente de m\u00e9dicaments, Jefferson traverse une crise de conscience. Son activit\u00e9 est-elle dangereuse pour ses patients ? Doit-il abandonner ? Mais comment alors nourrira-t-il sa famille.<\/p>\n<h5><\/h5>\n<p><strong>POISSON D\u2019OR, POISSON AFRICAIN\u00a0 &#8211; <\/strong>De Moussa Diop et Thomas Grand &#8211; S\u00e9n\u00e9gal &#8211; 2018 &#8211; 60 min &#8211; documentaire \u2013 VOSTF<br \/>\n<em><strong>En pr\u00e9sence du r\u00e9alisateur Thomas Grand<\/strong><\/em><a href=\"https:\/\/i0.wp.com\/asurb.com\/asurb3\/wp-content\/uploads\/2020\/10\/Image-poisson-dor1.jpg\"><img data-recalc-dims=\"1\" loading=\"lazy\" decoding=\"async\" data-attachment-id=\"2885\" data-permalink=\"https:\/\/asurb.com\/asurb3\/?attachment_id=2885\" data-orig-file=\"https:\/\/i0.wp.com\/asurb.com\/asurb3\/wp-content\/uploads\/2020\/10\/Image-poisson-dor1.jpg?fit=142%2C219&amp;ssl=1\" data-orig-size=\"142,219\" data-comments-opened=\"1\" data-image-meta=\"{&quot;aperture&quot;:&quot;0&quot;,&quot;credit&quot;:&quot;&quot;,&quot;camera&quot;:&quot;&quot;,&quot;caption&quot;:&quot;&quot;,&quot;created_timestamp&quot;:&quot;0&quot;,&quot;copyright&quot;:&quot;&quot;,&quot;focal_length&quot;:&quot;0&quot;,&quot;iso&quot;:&quot;0&quot;,&quot;shutter_speed&quot;:&quot;0&quot;,&quot;title&quot;:&quot;&quot;,&quot;orientation&quot;:&quot;1&quot;}\" data-image-title=\"Image poisson dor1\" data-image-description=\"\" data-image-caption=\"\" data-large-file=\"https:\/\/i0.wp.com\/asurb.com\/asurb3\/wp-content\/uploads\/2020\/10\/Image-poisson-dor1.jpg?fit=142%2C219&amp;ssl=1\" class=\"wp-image-2885 alignright\" src=\"https:\/\/i0.wp.com\/asurb.com\/asurb3\/wp-content\/uploads\/2020\/10\/Image-poisson-dor1.jpg?resize=119%2C184\" alt=\"\" width=\"119\" height=\"184\" srcset=\"https:\/\/i0.wp.com\/asurb.com\/asurb3\/wp-content\/uploads\/2020\/10\/Image-poisson-dor1.jpg?w=142&amp;ssl=1 142w, https:\/\/i0.wp.com\/asurb.com\/asurb3\/wp-content\/uploads\/2020\/10\/Image-poisson-dor1.jpg?resize=97%2C150&amp;ssl=1 97w\" sizes=\"auto, (max-width: 119px) 100vw, 119px\" \/><\/a><\/p>\n<p>La r\u00e9gion de Casamance, au sud du S\u00e9n\u00e9gal, est une des derni\u00e8res zones refuges<br \/>\nen Afrique de l\u2019Ouest pour un nombre croissant de p\u00eacheurs artisans, de transformateurs et de travailleurs migrants. Face \u00e0 une concurrence ext\u00e9rieure de plus en plus forte, ces femmes et ces hommes r\u00e9sistent en contribuant gr\u00e2ce \u00e0 leur labeur \u00e0 la s\u00e9curit\u00e9 alimentaire de nombreux pays africains.<br \/>\nMais pour combien de temps encore ?<\/p>\n<h5><em>Tarif\u00a0: 4,20 \u20ac \u2013 tarif abonn\u00e9s : 4,00 \u20ac<\/em><\/h5>\n<p><a href=\"https:\/\/i0.wp.com\/asurb.com\/asurb3\/wp-content\/uploads\/2021\/08\/Histoire-amour.jpg\"><img data-recalc-dims=\"1\" loading=\"lazy\" decoding=\"async\" data-attachment-id=\"3001\" data-permalink=\"https:\/\/asurb.com\/asurb3\/?attachment_id=3001\" data-orig-file=\"https:\/\/i0.wp.com\/asurb.com\/asurb3\/wp-content\/uploads\/2021\/08\/Histoire-amour.jpg?fit=192%2C262&amp;ssl=1\" data-orig-size=\"192,262\" data-comments-opened=\"1\" data-image-meta=\"{&quot;aperture&quot;:&quot;0&quot;,&quot;credit&quot;:&quot;&quot;,&quot;camera&quot;:&quot;&quot;,&quot;caption&quot;:&quot;&quot;,&quot;created_timestamp&quot;:&quot;0&quot;,&quot;copyright&quot;:&quot;&quot;,&quot;focal_length&quot;:&quot;0&quot;,&quot;iso&quot;:&quot;0&quot;,&quot;shutter_speed&quot;:&quot;0&quot;,&quot;title&quot;:&quot;&quot;,&quot;orientation&quot;:&quot;0&quot;}\" data-image-title=\"Histoire amour\" data-image-description=\"\" data-image-caption=\"\" data-large-file=\"https:\/\/i0.wp.com\/asurb.com\/asurb3\/wp-content\/uploads\/2021\/08\/Histoire-amour.jpg?fit=192%2C262&amp;ssl=1\" class=\"wp-image-3001 alignright\" src=\"https:\/\/i0.wp.com\/asurb.com\/asurb3\/wp-content\/uploads\/2021\/08\/Histoire-amour.jpg?resize=118%2C161\" alt=\"\" width=\"118\" height=\"161\" srcset=\"https:\/\/i0.wp.com\/asurb.com\/asurb3\/wp-content\/uploads\/2021\/08\/Histoire-amour.jpg?w=192&amp;ssl=1 192w, https:\/\/i0.wp.com\/asurb.com\/asurb3\/wp-content\/uploads\/2021\/08\/Histoire-amour.jpg?resize=100%2C136&amp;ssl=1 100w\" sizes=\"auto, (max-width: 118px) 100vw, 118px\" \/><\/a><\/p>\n<h4><strong>\u25ca Vendredi 3 d\u00e9cembre &#8211; <\/strong><strong>cin\u00e9ma La Pl\u00e9iade\u00a0 Cachan &#8211; 20h30<br \/>\n<\/strong><\/h4>\n<p><strong>UNE HISTOIRE D&rsquo;AMOUR ET DE D\u00c9SIR<\/strong> De Leila Bouzid &#8211; Tunisie &#8211; 2021 &#8211; 102 mn VOSTF<\/p>\n<p>Ahmed, Fran\u00e7ais de18 ans, issu d\u2019une famille alg\u00e9rienne vivant en banlieue, et Farah, une jeune Tunisienne, fra\u00eechement d\u00e9barqu\u00e9e \u00e0 Paris,\u00a0se retrouvent c\u00f4te \u00e0 c\u00f4te sur les bancs de l\u2019universit\u00e9 pour un cours consacr\u00e9 \u00e0 la litt\u00e9rature \u00e9rotique arabe. C\u2019est sur fond d\u2019une po\u00e9sie trop longtemps oubli\u00e9e que tous deux, lui, le gar\u00e7on timide et craintif, elle, la jeune fille d\u00e9bordante d\u2019\u00e9nergie, vont \u00eatre pris dans les flux et reflux du d\u00e9sir amoureux.<\/p>\n<p><em>Tarifs : 6,5 \u20ac (Tarif Plein) \/ 5\u20ac (Tarif R\u00e9duit : +60 ans ; Personnes \u00e0 mobilit\u00e9 r\u00e9duite et accompagnateurs ; Demandeurs d\u2019emploi, familles nombreuses ; de 14 \u00e0 18 ans ; \u00e9tudiants -27 ans) \/ 4 \u20ac (Tarif R\u00e9duit : pour \u2013 14 ans)<\/em><\/p>\n<h4><strong>Samedi 4 d\u00e9cembre\u00a0 &#8211; cin\u00e9ma La Pl\u00e9iade\u00a0 Cachan<\/strong><\/h4>\n<h4><strong>Deux s\u00e9ances consacr\u00e9es aux courts m\u00e9trages en comp\u00e9tition pour le Prix du public<\/strong><\/h4>\n<p><strong>Soir\u00e9e\u00a0 pr\u00e9sent\u00e9e et anim\u00e9e par Michel Amarger\u00a0<\/strong> <em>(r\u00e9alisateur,\u00a0 journaliste sp\u00e9cialiste des cin\u00e9mas d&rsquo;Afrique)<\/em><\/p>\n<h4><strong><br \/>\n17h30 \u2013 <\/strong><strong>Premi\u00e8re s\u00e9ance :<br \/>\n<\/strong><\/h4>\n<p><strong>DA YIE (Bonne nuit) <\/strong>De Anthony NTI &#8211; Ghana\/Belgique \u2013 2019 \u2013 21 min \u2013 fiction \u2013 VOSTF<\/p>\n<p>Au Ghana, un \u00e9tranger est charg\u00e9 par son gang de recruter des enfants pour une mission dangereuse qui doit avoir lieu le soir m\u00eame. Apr\u00e8s avoir d\u00e9nich\u00e9 Prince et Matilda, deux gamins adorables, il projette de les livrer au gang. Mais apr\u00e8s une journ\u00e9e pass\u00e9e avec eux, il est envahi par le doute.<\/p>\n<p><strong>AL-SIT <\/strong>De Suzannah Mirghani &#8211; 2020\u00a0 &#8211; Soudan\u00a0 &#8211; 20mn<\/p>\n<p>Dans un village du Soudan, Nafisa, une jeune fille de quinze ans, est amoureuse de Babiker. Mais ses parents ont arrang\u00e9 son mariage avec Nadir, un homme d\u2019affaires soudanais qui vit \u00e0 l\u2019\u00e9tranger. Sa grand-m\u00e8re, la puissante matriarche Al-Sit, en a d\u00e9cid\u00e9 autrement. Mais Nafisa a-t-elle son mot \u00e0 dire ?<\/p>\n<p><strong>VOSSIE VERGAS HOMSELF ( Le suicide de Vossie) &#8211; <\/strong>De Philip Nolte &#8211; 2017 &#8211; Afrique du Sud \u2013 23 min \u2013 fiction \u2013 VOSTF<\/p>\n<p>Vossie a d\u00e9cid\u00e9 que ce jour serait pour lui le dernier sur cette terre, mais son plan est interrompu par une visite inattendue.<\/p>\n<p><strong>I HAD TO BURY CUCU (J\u2019ai d\u00fb enterrer Mamie) &#8211; <\/strong>De Philippa NDISI- HERRMANN &#8211; Kenya \u2013 2018\u2013 14 min \u2013 fiction \u2013 VOSTF<\/p>\n<p>Geoffrey et son fr\u00e8re Kimanthi doivent se rendre dans un village de campagne pour les fun\u00e9railles de leur grand-m\u00e8re Cucu. Les r\u00e9ticences des deux gar\u00e7ons, surtout du plus jeune, \u00e9chappent \u00e0 leurs parents qui ne cherchent pas \u00e0 comprendre leur refus ni leur silence.<\/p>\n<p><strong>\u00a0\u00a0\u00a0\u00a0<\/strong><\/p>\n<h4><strong>20h30 \u2013 <\/strong><strong>Deuxi\u00e8me s\u00e9ance :<br \/>\n<\/strong><\/h4>\n<p><strong>QU&rsquo;IMPORTE SI LES B\u00caTES MEURENT <\/strong>De Sofia Alaoui\u00a0 &#8211; Maroc &#8211;\u00a0 2019 &#8211; 23mn &#8211;\u00a0 fiction \u2013couleur \u2013 VO berb\u00e8re STF<\/p>\n<p>Dans les hautes montagnes de l\u2019Atlas, Abdellah, un jeune berger et son p\u00e8re, sont bloqu\u00e9s par la neige dans leur bergerie. Leurs b\u00eates d\u00e9p\u00e9rissant, Abdellah doit s\u2019approvisionner en nourriture dans un village commer\u00e7ant \u00e0 plus d\u2019un jour de marche. Avec son mulet, il arrive au village et d\u00e9couvre que celui-ci est d\u00e9sert\u00e9 \u00e0 cause d\u2019un curieux \u00e9v\u00e9nement qui a boulevers\u00e9 tous les croyants.<\/p>\n<p><strong>TUK TUK <\/strong>De Mohamed Kheidr &#8211; Egypte &#8211; 2021 &#8211; fiction &#8211; couleur<\/p>\n<p>Abandonn\u00e9e par son mari, Walaa doit conduire un tuk-tuk, dans un environnement domin\u00e9 par les hommes.<br \/>\nEn \u00c9gypte, plus de 30 000 femmes sont li\u00e9es par des dettes.Ridiculis\u00e9e, harcel\u00e9e et rejet\u00e9e alors qu\u2019elle croule sous les dettes, elle va devoir se battre pour survivre.<\/p>\n<p><strong>LES TISSUS BLANCS <\/strong>De Moly Kane &#8211; S\u00e9n\u00e9gal &#8211; 2018 &#8211; 20mn &#8211; fiction \u2013 couleur \u2013 VO\u00a0wolof STF<\/p>\n<p>Demain, Zuzana se marie. Dor\u00e9navant, chaque minute compte pour effacer son pass\u00e9 et devenir la femme qu\u2019on attend d\u2019elle.<\/p>\n<p><strong>MACHINI (Des machines) &#8211; <\/strong>De Frank MUKUNDAY et TETSHIM &#8211; RD Congo\/Belgique &#8211; 2019 -10 min \u2013fiction\/animation<\/p>\n<p>Par la force des choses et surtout des machines, nous sommes devenus des \u00eatres somnambules, des damn\u00e9s de la terre, des cobayes de l&rsquo;histoire et de la machine.<\/p>\n<p><em><br \/>\nTarifs : 6,5 \u20ac (Tarif Plein) pay\u00e9 une seule fois pour acc\u00e9der aux deux s\u00e9ances &#8211; M\u00eame tarif si pr\u00e9sence \u00e0 une seule s\u00e9ance<br \/>\n5\u20ac (Tarif R\u00e9duit : +60 ans ; Personnes \u00e0 mobilit\u00e9 r\u00e9duite et accompagnateurs ; Demandeurs d\u2019emploi, familles nombreuses ; de 14 \u00e0 18 ans ; \u00e9tudiants -27 ans) \/ 4 \u20ac (Tarif R\u00e9duit : pour \u2013 14 ans)<\/em><\/p>\n<p><strong>\u00a0<\/strong><\/p>\n<h4><strong>\u25ca\u00a0 Dimanche 5 d\u00e9cembre &#8211; <\/strong><strong>cin\u00e9ma La Pl\u00e9iade Cachan <\/strong><strong>16h00\u00a0 :<\/strong><\/h4>\n<h4><strong>\u00a0<\/strong><strong>Proclamation des r\u00e9sultats du Prix du public pour les courts m\u00e9trages<\/strong><\/h4>\n<h4><strong>et du<a href=\"https:\/\/wp.me\/p7C6tF-NR\"> Prix du jury pour les longs m\u00e9trages<\/a><br \/>\n<\/strong><\/h4>\n<h4><strong>\u00a0<\/strong><strong>Remise des prix<\/strong><\/h4>\n<h4><strong><br \/>\n<a href=\"https:\/\/i0.wp.com\/asurb.com\/asurb3\/wp-content\/uploads\/2021\/10\/Lauriers-jury-LM-2021.jpg\"><img data-recalc-dims=\"1\" loading=\"lazy\" decoding=\"async\" data-attachment-id=\"3075\" data-permalink=\"https:\/\/asurb.com\/asurb3\/?attachment_id=3075\" data-orig-file=\"https:\/\/i0.wp.com\/asurb.com\/asurb3\/wp-content\/uploads\/2021\/10\/Lauriers-jury-LM-2021.jpg?fit=886%2C638&amp;ssl=1\" data-orig-size=\"886,638\" data-comments-opened=\"1\" data-image-meta=\"{&quot;aperture&quot;:&quot;0&quot;,&quot;credit&quot;:&quot;&quot;,&quot;camera&quot;:&quot;&quot;,&quot;caption&quot;:&quot;&quot;,&quot;created_timestamp&quot;:&quot;0&quot;,&quot;copyright&quot;:&quot;&quot;,&quot;focal_length&quot;:&quot;0&quot;,&quot;iso&quot;:&quot;0&quot;,&quot;shutter_speed&quot;:&quot;0&quot;,&quot;title&quot;:&quot;&quot;,&quot;orientation&quot;:&quot;0&quot;}\" data-image-title=\"Lauriers jury LM 2021\" data-image-description=\"\" data-image-caption=\"\" data-large-file=\"https:\/\/i0.wp.com\/asurb.com\/asurb3\/wp-content\/uploads\/2021\/10\/Lauriers-jury-LM-2021.jpg?fit=886%2C638&amp;ssl=1\" class=\"wp-image-3075 aligncenter\" src=\"https:\/\/i0.wp.com\/asurb.com\/asurb3\/wp-content\/uploads\/2021\/10\/Lauriers-jury-LM-2021-300x216.jpg?resize=167%2C120\" alt=\"\" width=\"167\" height=\"120\" srcset=\"https:\/\/i0.wp.com\/asurb.com\/asurb3\/wp-content\/uploads\/2021\/10\/Lauriers-jury-LM-2021.jpg?resize=300%2C216&amp;ssl=1 300w, https:\/\/i0.wp.com\/asurb.com\/asurb3\/wp-content\/uploads\/2021\/10\/Lauriers-jury-LM-2021.jpg?resize=100%2C72&amp;ssl=1 100w, https:\/\/i0.wp.com\/asurb.com\/asurb3\/wp-content\/uploads\/2021\/10\/Lauriers-jury-LM-2021.jpg?resize=600%2C432&amp;ssl=1 600w, https:\/\/i0.wp.com\/asurb.com\/asurb3\/wp-content\/uploads\/2021\/10\/Lauriers-jury-LM-2021.jpg?w=886&amp;ssl=1 886w\" sizes=\"auto, (max-width: 167px) 100vw, 167px\" \/><\/a><a href=\"https:\/\/i0.wp.com\/asurb.com\/asurb3\/wp-content\/uploads\/2021\/08\/Lauriers-CM-2021.jpg\"><img data-recalc-dims=\"1\" loading=\"lazy\" decoding=\"async\" data-attachment-id=\"2995\" data-permalink=\"https:\/\/asurb.com\/asurb3\/?attachment_id=2995\" data-orig-file=\"https:\/\/i0.wp.com\/asurb.com\/asurb3\/wp-content\/uploads\/2021\/08\/Lauriers-CM-2021.jpg?fit=364%2C261&amp;ssl=1\" data-orig-size=\"364,261\" data-comments-opened=\"1\" data-image-meta=\"{&quot;aperture&quot;:&quot;0&quot;,&quot;credit&quot;:&quot;&quot;,&quot;camera&quot;:&quot;&quot;,&quot;caption&quot;:&quot;&quot;,&quot;created_timestamp&quot;:&quot;0&quot;,&quot;copyright&quot;:&quot;&quot;,&quot;focal_length&quot;:&quot;0&quot;,&quot;iso&quot;:&quot;0&quot;,&quot;shutter_speed&quot;:&quot;0&quot;,&quot;title&quot;:&quot;&quot;,&quot;orientation&quot;:&quot;0&quot;}\" data-image-title=\"Lauriers CM 2021\" data-image-description=\"\" data-image-caption=\"\" data-large-file=\"https:\/\/i0.wp.com\/asurb.com\/asurb3\/wp-content\/uploads\/2021\/08\/Lauriers-CM-2021.jpg?fit=364%2C261&amp;ssl=1\" class=\"wp-image-2995 aligncenter\" src=\"https:\/\/i0.wp.com\/asurb.com\/asurb3\/wp-content\/uploads\/2021\/08\/Lauriers-CM-2021-300x215.jpg?resize=168%2C120\" alt=\"\" width=\"168\" height=\"120\" srcset=\"https:\/\/i0.wp.com\/asurb.com\/asurb3\/wp-content\/uploads\/2021\/08\/Lauriers-CM-2021.jpg?resize=300%2C215&amp;ssl=1 300w, https:\/\/i0.wp.com\/asurb.com\/asurb3\/wp-content\/uploads\/2021\/08\/Lauriers-CM-2021.jpg?resize=100%2C72&amp;ssl=1 100w, https:\/\/i0.wp.com\/asurb.com\/asurb3\/wp-content\/uploads\/2021\/08\/Lauriers-CM-2021.jpg?w=364&amp;ssl=1 364w\" sizes=\"auto, (max-width: 168px) 100vw, 168px\" \/><\/a><br \/>\n<\/strong><\/h4>\n<p><strong>ADAM &#8211; <\/strong>De Maryam Touzani &#8211; Maroc &#8211; 2019 &#8211; 98 min &#8211; fiction &#8211; VO arabe STF<\/p>\n<p><strong>Pr\u00e9sentation et d\u00e9bats assur\u00e9s par Catherine Ruelle<\/strong> <em>(journaliste politique et\u00a0 critique de cin\u00e9ma)<\/em><a href=\"https:\/\/i0.wp.com\/asurb.com\/asurb3\/wp-content\/uploads\/2020\/10\/ADAM-5.jpg\"><img data-recalc-dims=\"1\" loading=\"lazy\" decoding=\"async\" data-attachment-id=\"2876\" data-permalink=\"https:\/\/asurb.com\/asurb3\/?attachment_id=2876\" data-orig-file=\"https:\/\/i0.wp.com\/asurb.com\/asurb3\/wp-content\/uploads\/2020\/10\/ADAM-5.jpg?fit=815%2C1087&amp;ssl=1\" data-orig-size=\"815,1087\" data-comments-opened=\"1\" data-image-meta=\"{&quot;aperture&quot;:&quot;0&quot;,&quot;credit&quot;:&quot;&quot;,&quot;camera&quot;:&quot;&quot;,&quot;caption&quot;:&quot;&quot;,&quot;created_timestamp&quot;:&quot;0&quot;,&quot;copyright&quot;:&quot;&quot;,&quot;focal_length&quot;:&quot;0&quot;,&quot;iso&quot;:&quot;0&quot;,&quot;shutter_speed&quot;:&quot;0&quot;,&quot;title&quot;:&quot;&quot;,&quot;orientation&quot;:&quot;0&quot;}\" data-image-title=\"ADAM 5\" data-image-description=\"\" data-image-caption=\"\" data-large-file=\"https:\/\/i0.wp.com\/asurb.com\/asurb3\/wp-content\/uploads\/2020\/10\/ADAM-5.jpg?fit=768%2C1024&amp;ssl=1\" class=\" wp-image-2876 alignright\" src=\"https:\/\/i0.wp.com\/asurb.com\/asurb3\/wp-content\/uploads\/2020\/10\/ADAM-5-225x300.jpg?resize=120%2C160\" alt=\"\" width=\"120\" height=\"160\" srcset=\"https:\/\/i0.wp.com\/asurb.com\/asurb3\/wp-content\/uploads\/2020\/10\/ADAM-5.jpg?resize=225%2C300&amp;ssl=1 225w, https:\/\/i0.wp.com\/asurb.com\/asurb3\/wp-content\/uploads\/2020\/10\/ADAM-5.jpg?resize=100%2C133&amp;ssl=1 100w, https:\/\/i0.wp.com\/asurb.com\/asurb3\/wp-content\/uploads\/2020\/10\/ADAM-5.jpg?resize=768%2C1024&amp;ssl=1 768w, https:\/\/i0.wp.com\/asurb.com\/asurb3\/wp-content\/uploads\/2020\/10\/ADAM-5.jpg?resize=600%2C800&amp;ssl=1 600w, https:\/\/i0.wp.com\/asurb.com\/asurb3\/wp-content\/uploads\/2020\/10\/ADAM-5.jpg?w=815&amp;ssl=1 815w\" sizes=\"auto, (max-width: 120px) 100vw, 120px\" \/><\/a><\/p>\n<p>Casablanca\u00a0: Samia, une jeune fille enceinte solitaire, est recueillie par Alba, une jeune veuve qui tient une petite boulangerie. De cette rencontre d\u2019abord heurt\u00e9e \u2013 Alba se mure dans sa solitude et l\u2019\u00e9ducation de sa fille \u2013 na\u00eet peu \u00e0 peu une connivence f\u00e9minine qui affronte et d\u00e9nonce l\u2019opprobre social dont sont victimes les femmes dans leur situation.<\/p>\n<p><em>Tarifs : 5\u20ac (Tarif Unique) + 4 \u20ac (Tarif R\u00e9duit : pour \u2013 14 ans)<\/em><\/p>\n<hr \/>\n<h4><strong>\u25ca S\u00e9ances scolaires <\/strong><\/h4>\n<ul>\n<li><strong>Classes de CM2\u00a0: 2 courts-m\u00e9trages<\/strong><\/li>\n<\/ul>\n<p><strong>LE D\u00c9PART <\/strong>De Sa\u00efd Hamich Benlarbi\u00a0 &#8211; Maroc\/ France\/RDC &#8211; 2016 &#8211; 20 mn<\/p>\n<p><strong>DAALI-O , LE JOUR OU LA NATURE PARLA<\/strong><em>\u00a0<\/em> S\u00e9n\u00e9gal &#8211; 2020-7mn<\/p>\n<h4><strong>\u25ca <\/strong><strong>Autour du festival<a href=\"https:\/\/i0.wp.com\/asurb.com\/asurb3\/wp-content\/uploads\/2021\/10\/Lamb.jpg\"><img data-recalc-dims=\"1\" loading=\"lazy\" decoding=\"async\" data-attachment-id=\"3067\" data-permalink=\"https:\/\/asurb.com\/asurb3\/?attachment_id=3067\" data-orig-file=\"https:\/\/i0.wp.com\/asurb.com\/asurb3\/wp-content\/uploads\/2021\/10\/Lamb.jpg?fit=1176%2C1600&amp;ssl=1\" data-orig-size=\"1176,1600\" data-comments-opened=\"1\" data-image-meta=\"{&quot;aperture&quot;:&quot;0&quot;,&quot;credit&quot;:&quot;&quot;,&quot;camera&quot;:&quot;&quot;,&quot;caption&quot;:&quot;&quot;,&quot;created_timestamp&quot;:&quot;0&quot;,&quot;copyright&quot;:&quot;&quot;,&quot;focal_length&quot;:&quot;0&quot;,&quot;iso&quot;:&quot;0&quot;,&quot;shutter_speed&quot;:&quot;0&quot;,&quot;title&quot;:&quot;&quot;,&quot;orientation&quot;:&quot;0&quot;}\" data-image-title=\"Lamb\" data-image-description=\"\" data-image-caption=\"\" data-large-file=\"https:\/\/i0.wp.com\/asurb.com\/asurb3\/wp-content\/uploads\/2021\/10\/Lamb.jpg?fit=753%2C1024&amp;ssl=1\" class=\"wp-image-3067 alignright\" src=\"https:\/\/i0.wp.com\/asurb.com\/asurb3\/wp-content\/uploads\/2021\/10\/Lamb-221x300.jpg?resize=122%2C166\" alt=\"\" width=\"122\" height=\"166\" srcset=\"https:\/\/i0.wp.com\/asurb.com\/asurb3\/wp-content\/uploads\/2021\/10\/Lamb.jpg?resize=221%2C300&amp;ssl=1 221w, https:\/\/i0.wp.com\/asurb.com\/asurb3\/wp-content\/uploads\/2021\/10\/Lamb.jpg?resize=100%2C136&amp;ssl=1 100w, https:\/\/i0.wp.com\/asurb.com\/asurb3\/wp-content\/uploads\/2021\/10\/Lamb.jpg?resize=753%2C1024&amp;ssl=1 753w, https:\/\/i0.wp.com\/asurb.com\/asurb3\/wp-content\/uploads\/2021\/10\/Lamb.jpg?resize=600%2C816&amp;ssl=1 600w, https:\/\/i0.wp.com\/asurb.com\/asurb3\/wp-content\/uploads\/2021\/10\/Lamb.jpg?w=1176&amp;ssl=1 1176w\" sizes=\"auto, (max-width: 122px) 100vw, 122px\" \/><\/a><br \/>\nMercredi 17 novembre &#8211; M\u00e9diath\u00e8que de Gentilly &#8211; 15h<br \/>\n<\/strong><\/h4>\n<p><strong>LAMB <\/strong>De Yared Zeleke \u2013 94 min \u2013 \u00c9thiopie \u2013 2014 &#8211; fiction \u2013 VO STF \u2013 DCP<br \/>\nEphraim, un gar\u00e7on de neuf ans, et sa brebis Chuni sont ins\u00e9parables<strong>. <\/strong>Apr\u00e8s la mort de sa m\u00e8re, Son p\u00e8re l\u2019envoie,<br \/>\naccompagn\u00e9 de sa brebis, chez des parents \u00e9loign\u00e9s. Quand son oncle lui ordonne d\u2019abattre sa brebis pour la f\u00eate \u00e0 venir,<br \/>\nil \u00e9labore un stratag\u00e8me pour sauver Chuni et retourner chez lui.<strong><br \/>\n<\/strong><\/p>\n<p><em>Entr\u00e9e libre dans la limite des places disponibles<\/em><\/p>\n<p><strong>\u00a0<\/strong><\/p>\n<h4><strong>Les salles de cin\u00e9ma<\/strong><\/h4>\n<ul>\n<li><strong> Cin\u00e9ma La Pl\u00e9iade &#8211; <\/strong>12 avenue Cousin de M\u00e9ricourt 94230 Cachan -T\u00e9l. 01 46 65 06 98<\/li>\n<li><strong> Cin\u00e9ma La Tournelle &#8211; <\/strong>14 rue Dispan 94240 L\u2019Ha\u00ff les Roses -T\u00e9l. 01 49 08 50 71<\/li>\n<li><strong> Cin\u00e9ma Le Select &#8211; <\/strong>10 Avenue de la Division Leclerc, 92160 Antony \u2013 T\u00e9l.\u00a0 01 40 96 64 64<\/li>\n<li><strong>Espace Municipal Jean Vilar &#8211; <\/strong>1 rue Paul Signac 94110 Arcueil -T\u00e9l. 01 41 24 25 50<\/li>\n<li><strong> Maison <\/strong><strong>Pour Tous G\u00e9rard Philipe &#8211; <\/strong>118 rue Youri Gagarine 94800 Villejuif -T\u00e9l. 01 46 86 08 05<\/li>\n<\/ul>\n<h4><strong><em>\u00a0<\/em><\/strong><\/h4>\n<hr \/>\n<hr \/>\n<p><span style=\"color: #333399;\">Cette ann\u00e9e un \u00ab\u00a0Prix du jury\u00a0\u00bb sera \u00e9galement d\u00e9cern\u00e9 parmi les longs m\u00e9trages projet\u00e9s pendant le festival, le jury \u00e9tant compos\u00e9 de professionnels du cin\u00e9ma et de responsables des salles<\/span>.<\/p>\n<p style=\"text-align: center;\"><strong><span style=\"color: #000080;\">Outre les lauriers qui les accompagnent, ces prix sont dot\u00e9s de 1.000 \u20ac.<\/span><\/strong><\/p>\n<p style=\"text-align: center;\"><strong><span style=\"color: #000080;\">Les r\u00e9sultats seront proclam\u00e9s\u00a0le dimanche 5 d\u00e9cembre lors de la s\u00e9ance de cl\u00f4ture du festival.<br \/>\n<\/span><\/strong><\/p>\n<h4><strong><br \/>\n<span style=\"color: #000080;\">\u25ca Vendredi 26 novembre &#8211;\u00a0<\/span><\/strong><span style=\"color: #000080;\"><strong>Cin\u00e9ma Le S\u00e9lect &#8211; Antony <\/strong><\/span><strong><span style=\"color: #000080;\">&#8211; 18h30<br \/>\n<\/span><\/strong><\/h4>\n<h4><a href=\"https:\/\/i0.wp.com\/asurb.com\/asurb3\/wp-content\/uploads\/2021\/08\/Nafi.jpg\"><img data-recalc-dims=\"1\" loading=\"lazy\" decoding=\"async\" data-attachment-id=\"2969\" data-permalink=\"https:\/\/asurb.com\/asurb3\/?attachment_id=2969\" data-orig-file=\"https:\/\/i0.wp.com\/asurb.com\/asurb3\/wp-content\/uploads\/2021\/08\/Nafi.jpg?fit=185%2C273&amp;ssl=1\" data-orig-size=\"185,273\" data-comments-opened=\"1\" data-image-meta=\"{&quot;aperture&quot;:&quot;0&quot;,&quot;credit&quot;:&quot;&quot;,&quot;camera&quot;:&quot;&quot;,&quot;caption&quot;:&quot;&quot;,&quot;created_timestamp&quot;:&quot;0&quot;,&quot;copyright&quot;:&quot;&quot;,&quot;focal_length&quot;:&quot;0&quot;,&quot;iso&quot;:&quot;0&quot;,&quot;shutter_speed&quot;:&quot;0&quot;,&quot;title&quot;:&quot;&quot;,&quot;orientation&quot;:&quot;0&quot;}\" data-image-title=\"Nafi\" data-image-description=\"\" data-image-caption=\"\" data-large-file=\"https:\/\/i0.wp.com\/asurb.com\/asurb3\/wp-content\/uploads\/2021\/08\/Nafi.jpg?fit=185%2C273&amp;ssl=1\" class=\" wp-image-2969 alignright\" src=\"https:\/\/i0.wp.com\/asurb.com\/asurb3\/wp-content\/uploads\/2021\/08\/Nafi.jpg?resize=100%2C147\" alt=\"\" width=\"100\" height=\"147\" srcset=\"https:\/\/i0.wp.com\/asurb.com\/asurb3\/wp-content\/uploads\/2021\/08\/Nafi.jpg?w=185&amp;ssl=1 185w, https:\/\/i0.wp.com\/asurb.com\/asurb3\/wp-content\/uploads\/2021\/08\/Nafi.jpg?resize=100%2C148&amp;ssl=1 100w\" sizes=\"auto, (max-width: 100px) 100vw, 100px\" \/><\/a><\/h4>\n<p><strong><span style=\"color: #ff0000;\">LE PERE DE NAFI<\/span> &#8211; <\/strong>de De Mamadou DIA \u2013 S\u00e9n\u00e9gal \u2013 2019 \u2013 109 min \u2013 Fiction \u2013 Couleur &#8211; VO peul STF \u2013 DCP<\/p>\n<p>Un imam mod\u00e9r\u00e9 d\u2019une petite ville du nord du S\u00e9n\u00e9gal s\u2019oppose \u00e0 son fr\u00e8re tr\u00e8s religieux et puissant \u00e0 propos du mariage de leurs enfants.<br \/>\nLes jeunes Nafi et Tokara r\u00eavent, eux, de partir \u00e9tudier \u00e0 Dakar, la capitale, et de vivre avec leur \u00e9poque.<br \/>\nDeux conceptions oppos\u00e9es de l\u2019islam s\u2019affrontent sur fond de conflit g\u00e9n\u00e9rationnel, de transformations sociales et politiques,<br \/>\ndans un film qui sait \u00e9voquer des tensions tragiques avec subtilit\u00e9 et d\u00e9licatesse.<\/p>\n<p><span style=\"color: #ff0000;\"><strong>Pr\u00e9sentation et d\u00e9bats assur\u00e9s par Catherine Ruelle<\/strong><\/span> <em><span style=\"color: #ff0000;\">(journaliste politique et critique de cin\u00e9ma)<\/span><\/em><\/p>\n<p><em>Tarifs\u00a0: plein 7 \u20ac &#8211; r\u00e9duit 6 \u20ac\u00a0 &#8211; 3 heures de parking gratuites (faire valider son ticket \u00e0 la caisse)<\/em><\/p>\n<p><a href=\"https:\/\/i0.wp.com\/asurb.com\/asurb3\/wp-content\/uploads\/2021\/08\/index.jpg\"><img data-recalc-dims=\"1\" loading=\"lazy\" decoding=\"async\" data-attachment-id=\"2967\" data-permalink=\"https:\/\/asurb.com\/asurb3\/?attachment_id=2967\" data-orig-file=\"https:\/\/i0.wp.com\/asurb.com\/asurb3\/wp-content\/uploads\/2021\/08\/index.jpg?fit=189%2C267&amp;ssl=1\" data-orig-size=\"189,267\" data-comments-opened=\"1\" data-image-meta=\"{&quot;aperture&quot;:&quot;0&quot;,&quot;credit&quot;:&quot;&quot;,&quot;camera&quot;:&quot;&quot;,&quot;caption&quot;:&quot;&quot;,&quot;created_timestamp&quot;:&quot;0&quot;,&quot;copyright&quot;:&quot;&quot;,&quot;focal_length&quot;:&quot;0&quot;,&quot;iso&quot;:&quot;0&quot;,&quot;shutter_speed&quot;:&quot;0&quot;,&quot;title&quot;:&quot;&quot;,&quot;orientation&quot;:&quot;0&quot;}\" data-image-title=\"index\" data-image-description=\"\" data-image-caption=\"\" data-large-file=\"https:\/\/i0.wp.com\/asurb.com\/asurb3\/wp-content\/uploads\/2021\/08\/index.jpg?fit=189%2C267&amp;ssl=1\" class=\"wp-image-2967 alignright\" src=\"https:\/\/i0.wp.com\/asurb.com\/asurb3\/wp-content\/uploads\/2021\/08\/index.jpg?resize=103%2C145\" alt=\"\" width=\"103\" height=\"145\" srcset=\"https:\/\/i0.wp.com\/asurb.com\/asurb3\/wp-content\/uploads\/2021\/08\/index.jpg?w=189&amp;ssl=1 189w, https:\/\/i0.wp.com\/asurb.com\/asurb3\/wp-content\/uploads\/2021\/08\/index.jpg?resize=100%2C141&amp;ssl=1 100w\" sizes=\"auto, (max-width: 103px) 100vw, 103px\" \/><\/a><\/p>\n<h4><span style=\"color: #000080;\"><strong>\u25ca Samedi 27 novembre<\/strong><strong> &#8211; <\/strong><strong>Cin\u00e9ma Jean Vilar &#8211; Arcueil <\/strong><\/span><\/h4>\n<h5><span style=\"color: #333333;\"><span style=\"color: #ff0000;\"><strong>18h :\u00a0<\/strong><\/span><strong><span style=\"color: #ff0000;\"> BUDDHA IN AFRICA &#8211;<\/span>\u00a0<\/strong> De Nicole Schafer &#8211;\u00a0\u00a0 Afrique du Sud\/Su\u00e8de \u00a0-2019 &#8211; 90min \u2013 documentaire &#8211; couleur -VOSTF<\/span><\/h5>\n<p><span style=\"color: #333333;\">Dans un orphelinat chinois taiwanais install\u00e9 en Afrique, l\u2019Amitofo Care Centre (ACC), le film suit Enock Alu, un adolescent malawite venu d\u2019un milieu rural.<br \/>\nIl est tiraill\u00e9 entre sa culture traditionnelle musulmane et le syst\u00e8me de valeurs bouddhiste confucianiste qu\u2019on lui a inculqu\u00e9 depuis ses sept ans.<\/span><\/p>\n<p><span style=\"color: #ff0000;\"><strong>20h30 :\u00a0<\/strong><strong> LE F<\/strong>I<strong>GUIER &#8211; <\/strong><\/span>De A\u00e4l\u00e4m-W\u00e4rqe Davidian &#8211; Ethiopie\/Isra\u00ebl\/France\/Allemagne \u2013 2018 &#8211; 93 min \u2013 fiction \u2013 VOSTF<a href=\"https:\/\/i0.wp.com\/asurb.com\/asurb3\/wp-content\/uploads\/2020\/10\/Le-figuier.jpg\"><img data-recalc-dims=\"1\" loading=\"lazy\" decoding=\"async\" data-attachment-id=\"2878\" data-permalink=\"https:\/\/asurb.com\/asurb3\/?attachment_id=2878\" data-orig-file=\"https:\/\/i0.wp.com\/asurb.com\/asurb3\/wp-content\/uploads\/2020\/10\/Le-figuier.jpg?fit=620%2C827&amp;ssl=1\" data-orig-size=\"620,827\" data-comments-opened=\"1\" data-image-meta=\"{&quot;aperture&quot;:&quot;0&quot;,&quot;credit&quot;:&quot;&quot;,&quot;camera&quot;:&quot;&quot;,&quot;caption&quot;:&quot;&quot;,&quot;created_timestamp&quot;:&quot;0&quot;,&quot;copyright&quot;:&quot;&quot;,&quot;focal_length&quot;:&quot;0&quot;,&quot;iso&quot;:&quot;0&quot;,&quot;shutter_speed&quot;:&quot;0&quot;,&quot;title&quot;:&quot;&quot;,&quot;orientation&quot;:&quot;0&quot;}\" data-image-title=\"Le figuier\" data-image-description=\"\" data-image-caption=\"\" data-large-file=\"https:\/\/i0.wp.com\/asurb.com\/asurb3\/wp-content\/uploads\/2020\/10\/Le-figuier.jpg?fit=620%2C827&amp;ssl=1\" class=\"wp-image-2878 alignright\" src=\"https:\/\/i0.wp.com\/asurb.com\/asurb3\/wp-content\/uploads\/2020\/10\/Le-figuier-225x300.jpg?resize=111%2C148\" alt=\"\" width=\"111\" height=\"148\" srcset=\"https:\/\/i0.wp.com\/asurb.com\/asurb3\/wp-content\/uploads\/2020\/10\/Le-figuier.jpg?resize=225%2C300&amp;ssl=1 225w, https:\/\/i0.wp.com\/asurb.com\/asurb3\/wp-content\/uploads\/2020\/10\/Le-figuier.jpg?resize=100%2C133&amp;ssl=1 100w, https:\/\/i0.wp.com\/asurb.com\/asurb3\/wp-content\/uploads\/2020\/10\/Le-figuier.jpg?resize=600%2C800&amp;ssl=1 600w, https:\/\/i0.wp.com\/asurb.com\/asurb3\/wp-content\/uploads\/2020\/10\/Le-figuier.jpg?w=620&amp;ssl=1 620w\" sizes=\"auto, (max-width: 111px) 100vw, 111px\" \/><\/a><br \/>\n<em>Prix du meilleur long m\u00e9trage au Festival de Cine Africano de Tarifa-Tanger 2019<\/em><\/p>\n<p>En 1989, pendant la guerre civile qui d\u00e9chire l\u2019Ethiopie, la famille de Mina, une adolescente de 14 ans, d\u00e9cide de quitter le pays pour Isra\u00ebl. Mais Mina ne peut se r\u00e9soudre \u00e0 quitter son ami Eli dont elle est secr\u00e8tement amoureuse. Malgr\u00e9 la guerre qui fait rage, elle fera tout ce qu\u2019elle peut pour sauver l\u2019amour de sa vie avant que ne se termine leur enfance.<\/p>\n<p><span style=\"color: #ff0000;\"><strong>Projection suivie d\u2019un d\u00e9bat anim\u00e9 par Daniela Ricci<\/strong> (Enseignante et chercheuse en \u00e9tudes cin\u00e9matographiques \u00e0 l&rsquo;Universit\u00e9 Paris Nanterre)<\/span><\/p>\n<p><em>Plein tarif\u00a0: 5,20 \u20ac- R\u00e9duit (\u00e9tudiants, retrait\u00e9s, ch\u00f4meurs)\u00a0: 4,75 \u20ac &#8211; Abonn\u00e9s et moins de 15 ans : 3,65 \u20ac &#8211; Forfait pour les 2 s\u00e9ances du samedi\u00a0:\u00a0 7,30 \u20ac<\/em><\/p>\n<h4><span style=\"color: #000080;\"><strong>\u25ca Dimanche 28 novembre<\/strong><strong> &#8211; <\/strong><strong>Cin\u00e9ma Jean Vilar &#8211; Arcueil &#8211; 16h30<br \/>\n<\/strong><\/span><\/h4>\n<p><strong><span style=\"color: #ff0000;\">GRANMA NINETEEN AND THE SOVIET&rsquo;S SECRET (Grand-m\u00e8re 19 et le secret du sovi\u00e9tique ) &#8211; <\/span><\/strong><span style=\"color: #333333;\">De Jo\u00e3o Ribeiro &#8211;<br \/>\nMozambique\/Portugal \u2013 2020 &#8211; 94 min \u2013 fiction \u2013 couleur \u2013 VO portugais STF<a href=\"https:\/\/i0.wp.com\/asurb.com\/asurb3\/wp-content\/uploads\/2021\/08\/Granma.jpg\"><img data-recalc-dims=\"1\" loading=\"lazy\" decoding=\"async\" data-attachment-id=\"2972\" data-permalink=\"https:\/\/asurb.com\/asurb3\/?attachment_id=2972\" data-orig-file=\"https:\/\/i0.wp.com\/asurb.com\/asurb3\/wp-content\/uploads\/2021\/08\/Granma.jpg?fit=189%2C267&amp;ssl=1\" data-orig-size=\"189,267\" data-comments-opened=\"1\" data-image-meta=\"{&quot;aperture&quot;:&quot;0&quot;,&quot;credit&quot;:&quot;&quot;,&quot;camera&quot;:&quot;&quot;,&quot;caption&quot;:&quot;&quot;,&quot;created_timestamp&quot;:&quot;0&quot;,&quot;copyright&quot;:&quot;&quot;,&quot;focal_length&quot;:&quot;0&quot;,&quot;iso&quot;:&quot;0&quot;,&quot;shutter_speed&quot;:&quot;0&quot;,&quot;title&quot;:&quot;&quot;,&quot;orientation&quot;:&quot;0&quot;}\" data-image-title=\"Granma\" data-image-description=\"\" data-image-caption=\"\" data-large-file=\"https:\/\/i0.wp.com\/asurb.com\/asurb3\/wp-content\/uploads\/2021\/08\/Granma.jpg?fit=189%2C267&amp;ssl=1\" class=\" wp-image-2972 alignright\" src=\"https:\/\/i0.wp.com\/asurb.com\/asurb3\/wp-content\/uploads\/2021\/08\/Granma.jpg?resize=122%2C173\" alt=\"\" width=\"122\" height=\"173\" srcset=\"https:\/\/i0.wp.com\/asurb.com\/asurb3\/wp-content\/uploads\/2021\/08\/Granma.jpg?w=189&amp;ssl=1 189w, https:\/\/i0.wp.com\/asurb.com\/asurb3\/wp-content\/uploads\/2021\/08\/Granma.jpg?resize=100%2C141&amp;ssl=1 100w\" sizes=\"auto, (max-width: 122px) 100vw, 122px\" \/><\/a><\/span><\/p>\n<p>Adapt\u00e9 d\u2019un c\u00e9l\u00e8bre roman angolais, le film raconte les souvenirs d\u2019enfance de l\u2019auteur au moment de la construction,par des coop\u00e9rants sovi\u00e9tiques, d\u2019un mausol\u00e9e d\u00e9di\u00e9 au premier pr\u00e9sident de l\u2019Angola mais au prix de la d\u00e9molition d\u2019habitations populaires en bord de mer. Une pr\u00e9sentation quelque peu fantastique d\u2019un monde o\u00f9 se m\u00ealent magie et r\u00e9alit\u00e9, per\u00e7u \u00e0 travers la fantaisie et la conscience bouillonnante des enfants du quartier,\u00a0 encadr\u00e9s par une \u00ab\u00a0Grand-m\u00e8re 19\u00a0\u00bb\u00a0haute en couleurs.<\/p>\n<h5><\/h5>\n<h4><span style=\"color: #000080;\"><strong>\u25ca Mardi 30\u00a0 novembre<\/strong><strong> &#8211; <\/strong><strong>Cin\u00e9ma La Tournelle \u2013 L\u2019Ha\u00ff-les-Roses 20h00<\/strong><\/span><\/h4>\n<p><strong><span style=\"color: #ff0000;\">Pr\u00e9sentation et d\u00e9bats assur\u00e9s par Michel Amarger,<\/span><\/strong><em><span style=\"color: #ff0000;\">\u00a0 (r\u00e9alisateur, journaliste sp\u00e9cialiste des cin\u00e9mas d&rsquo;Afrique)<\/span><\/em><\/p>\n<p><strong><span style=\"color: #ff0000;\">TALKING ABOUT TREES (Parler des arbres)\u00a0<\/span> &#8211; <\/strong>De Suhaib Gasmelbari &#8211; Soudan\/France\/Allemagne\/Tchad\/Qatar \u2013 2018 \u2013 94 min \u2013<br \/>\ndocumentaire \u2013 VO arabe STF<a href=\"https:\/\/i0.wp.com\/asurb.com\/asurb3\/wp-content\/uploads\/2020\/10\/Talking-about-trees.jpg\"><img data-recalc-dims=\"1\" loading=\"lazy\" decoding=\"async\" data-attachment-id=\"2880\" data-permalink=\"https:\/\/asurb.com\/asurb3\/?attachment_id=2880\" data-orig-file=\"https:\/\/i0.wp.com\/asurb.com\/asurb3\/wp-content\/uploads\/2020\/10\/Talking-about-trees.jpg?fit=1196%2C1594&amp;ssl=1\" data-orig-size=\"1196,1594\" data-comments-opened=\"1\" data-image-meta=\"{&quot;aperture&quot;:&quot;0&quot;,&quot;credit&quot;:&quot;&quot;,&quot;camera&quot;:&quot;&quot;,&quot;caption&quot;:&quot;&quot;,&quot;created_timestamp&quot;:&quot;0&quot;,&quot;copyright&quot;:&quot;&quot;,&quot;focal_length&quot;:&quot;0&quot;,&quot;iso&quot;:&quot;0&quot;,&quot;shutter_speed&quot;:&quot;0&quot;,&quot;title&quot;:&quot;&quot;,&quot;orientation&quot;:&quot;0&quot;}\" data-image-title=\"Talking about trees\" data-image-description=\"\" data-image-caption=\"\" data-large-file=\"https:\/\/i0.wp.com\/asurb.com\/asurb3\/wp-content\/uploads\/2020\/10\/Talking-about-trees.jpg?fit=768%2C1024&amp;ssl=1\" class=\" wp-image-2880 alignright\" src=\"https:\/\/i0.wp.com\/asurb.com\/asurb3\/wp-content\/uploads\/2020\/10\/Talking-about-trees-225x300.jpg?resize=100%2C133\" alt=\"\" width=\"100\" height=\"133\" srcset=\"https:\/\/i0.wp.com\/asurb.com\/asurb3\/wp-content\/uploads\/2020\/10\/Talking-about-trees.jpg?resize=225%2C300&amp;ssl=1 225w, https:\/\/i0.wp.com\/asurb.com\/asurb3\/wp-content\/uploads\/2020\/10\/Talking-about-trees.jpg?resize=100%2C133&amp;ssl=1 100w, https:\/\/i0.wp.com\/asurb.com\/asurb3\/wp-content\/uploads\/2020\/10\/Talking-about-trees.jpg?resize=768%2C1024&amp;ssl=1 768w, https:\/\/i0.wp.com\/asurb.com\/asurb3\/wp-content\/uploads\/2020\/10\/Talking-about-trees.jpg?resize=600%2C800&amp;ssl=1 600w, https:\/\/i0.wp.com\/asurb.com\/asurb3\/wp-content\/uploads\/2020\/10\/Talking-about-trees.jpg?w=1196&amp;ssl=1 1196w\" sizes=\"auto, (max-width: 100px) 100vw, 100px\" \/><\/a><\/p>\n<p>Ibrahim, Suleiman, Manar et Altayeb, cin\u00e9astes fac\u00e9tieux et id\u00e9alistes malgr\u00e9 leur \u00e2ge, sillonnent dans un van les routes du Soudan pour projeter des films en \u00e9vitant la censure du pouvoir. Ces quatre amis de toujours se mettent \u00e0 r\u00eaver d\u2019organiser une grande projection publique dans la capitale Khartoum et de r\u00e9nover une salle de cin\u00e9ma \u00e0 l\u2019abandon. Son nom\u00a0? La R\u00e9volution\u2026<\/p>\n<p><em>Tarif\u00a0: 4,20 \u20ac \u2013 tarif abonn\u00e9s : 4,00 \u20ac<\/em><\/p>\n<h4><span style=\"color: #000080;\"><strong>\u25ca\u00a0Mercredi 1er d\u00e9cembre &#8211; Maison Pour Tous G\u00e9rard Philipe &#8211; Villejuif &#8211; 14h30<br \/>\n<\/strong><\/span><\/h4>\n<p><span style=\"color: #ff0000;\"><strong>KETEKE <\/strong><\/span><strong><span style=\"color: #ff0000;\">(Le train)<\/span> &#8211; <\/strong>de Peter Sedufia &#8211; Ghana \u2013 2017 \u2013 70 min \u2013 fiction \u2013 VOSTF <a href=\"https:\/\/i0.wp.com\/asurb.com\/asurb3\/wp-content\/uploads\/2019\/10\/Keteke.jpg\"><img data-recalc-dims=\"1\" loading=\"lazy\" decoding=\"async\" data-attachment-id=\"2561\" data-permalink=\"https:\/\/asurb.com\/asurb3\/?attachment_id=2561\" data-orig-file=\"https:\/\/i0.wp.com\/asurb.com\/asurb3\/wp-content\/uploads\/2019\/10\/Keteke.jpg?fit=1226%2C1600&amp;ssl=1\" data-orig-size=\"1226,1600\" data-comments-opened=\"1\" data-image-meta=\"{&quot;aperture&quot;:&quot;0&quot;,&quot;credit&quot;:&quot;&quot;,&quot;camera&quot;:&quot;&quot;,&quot;caption&quot;:&quot;&quot;,&quot;created_timestamp&quot;:&quot;0&quot;,&quot;copyright&quot;:&quot;&quot;,&quot;focal_length&quot;:&quot;0&quot;,&quot;iso&quot;:&quot;0&quot;,&quot;shutter_speed&quot;:&quot;0&quot;,&quot;title&quot;:&quot;&quot;,&quot;orientation&quot;:&quot;0&quot;}\" data-image-title=\"Keteke\" data-image-description=\"\" data-image-caption=\"\" data-large-file=\"https:\/\/i0.wp.com\/asurb.com\/asurb3\/wp-content\/uploads\/2019\/10\/Keteke.jpg?fit=785%2C1024&amp;ssl=1\" class=\" wp-image-2561 alignright\" src=\"https:\/\/i0.wp.com\/asurb.com\/asurb3\/wp-content\/uploads\/2019\/10\/Keteke-230x300.jpg?resize=101%2C131\" alt=\"\" width=\"101\" height=\"131\" srcset=\"https:\/\/i0.wp.com\/asurb.com\/asurb3\/wp-content\/uploads\/2019\/10\/Keteke.jpg?resize=230%2C300&amp;ssl=1 230w, https:\/\/i0.wp.com\/asurb.com\/asurb3\/wp-content\/uploads\/2019\/10\/Keteke.jpg?resize=100%2C131&amp;ssl=1 100w, https:\/\/i0.wp.com\/asurb.com\/asurb3\/wp-content\/uploads\/2019\/10\/Keteke.jpg?resize=785%2C1024&amp;ssl=1 785w, https:\/\/i0.wp.com\/asurb.com\/asurb3\/wp-content\/uploads\/2019\/10\/Keteke.jpg?w=1226&amp;ssl=1 1226w\" sizes=\"auto, (max-width: 101px) 100vw, 101px\" \/><\/a><br \/>\n<em>Prix du jeune public \u00e0 Cin\u00e9mas d\u2019Afrique &#8211; Angers 2019<br \/>\n<\/em><\/p>\n<p>Ann\u00e9es 80\u00a0: Atswei, enceinte, et son mari, Boi, tentent de rejoindre Ateke, le village de la femme, pour l\u2019accouchement. Ils ratent le train, seul moyen de transport pour arriver \u00e0 la bourgade.<br \/>\nC\u2019est le point de d\u00e9part, pour nos deux h\u00e9ros \u00e9gar\u00e9s en pleine brousse, d\u2019un p\u00e9riple particuli\u00e8rement burlesque.<\/p>\n<p><em>\u00a0<\/em><em>Entr\u00e9e libre dans la limite des places disponibles<\/em>.<\/p>\n<h4><span style=\"color: #000080;\"><strong>\u25ca Jeudi 2 d\u00e9cembre &#8211; cin\u00e9ma La Tournelle &#8211;\u00a0 <\/strong><strong>L\u2019Ha\u00ff-les-Roses- 20h00<\/strong><\/span><\/h4>\n<p><strong>\u00a0<span style=\"color: #ff0000;\">DOCTA JEFFERSON<\/span> &#8211; <\/strong>De Elvis Sabin Ngaibino &#8211; R\u00e9publique Centrafricaine\/France &#8211; 2017 &#8211; 29 min \u2013 documentaire &#8211; VOSTF<\/p>\n<p>Jefferson est ce qu\u2019on appelle \u00e0 Bangui un \u00ab docta \u00bb, un agent de sant\u00e9 qui exerce la m\u00e9decine sans dipl\u00f4me. A l\u2019heure o\u00f9 le Minist\u00e8re de la Sant\u00e9 centrafricain voudrait r\u00e8glementer la vente de m\u00e9dicaments, Jefferson traverse une crise de conscience. Son activit\u00e9 est-elle dangereuse pour ses patients ? Doit-il abandonner ? Mais comment alors nourrira-t-il sa famille.<\/p>\n<h5><\/h5>\n<p><strong><span style=\"color: #ff0000;\">POISSON D\u2019OR, POISSON AFRICAIN<\/span>\u00a0 &#8211; <\/strong>De Moussa Diop et Thomas Grand &#8211; S\u00e9n\u00e9gal &#8211; 2018 &#8211; 60 min &#8211; documentaire \u2013 VOSTF<br \/>\n<em><strong>En pr\u00e9sence du r\u00e9alisateur Thomas Grand<\/strong><\/em><a href=\"https:\/\/i0.wp.com\/asurb.com\/asurb3\/wp-content\/uploads\/2020\/10\/Image-poisson-dor1.jpg\"><img data-recalc-dims=\"1\" loading=\"lazy\" decoding=\"async\" data-attachment-id=\"2885\" data-permalink=\"https:\/\/asurb.com\/asurb3\/?attachment_id=2885\" data-orig-file=\"https:\/\/i0.wp.com\/asurb.com\/asurb3\/wp-content\/uploads\/2020\/10\/Image-poisson-dor1.jpg?fit=142%2C219&amp;ssl=1\" data-orig-size=\"142,219\" data-comments-opened=\"1\" data-image-meta=\"{&quot;aperture&quot;:&quot;0&quot;,&quot;credit&quot;:&quot;&quot;,&quot;camera&quot;:&quot;&quot;,&quot;caption&quot;:&quot;&quot;,&quot;created_timestamp&quot;:&quot;0&quot;,&quot;copyright&quot;:&quot;&quot;,&quot;focal_length&quot;:&quot;0&quot;,&quot;iso&quot;:&quot;0&quot;,&quot;shutter_speed&quot;:&quot;0&quot;,&quot;title&quot;:&quot;&quot;,&quot;orientation&quot;:&quot;1&quot;}\" data-image-title=\"Image poisson dor1\" data-image-description=\"\" data-image-caption=\"\" data-large-file=\"https:\/\/i0.wp.com\/asurb.com\/asurb3\/wp-content\/uploads\/2020\/10\/Image-poisson-dor1.jpg?fit=142%2C219&amp;ssl=1\" class=\"wp-image-2885 alignright\" src=\"https:\/\/i0.wp.com\/asurb.com\/asurb3\/wp-content\/uploads\/2020\/10\/Image-poisson-dor1.jpg?resize=119%2C184\" alt=\"\" width=\"119\" height=\"184\" srcset=\"https:\/\/i0.wp.com\/asurb.com\/asurb3\/wp-content\/uploads\/2020\/10\/Image-poisson-dor1.jpg?w=142&amp;ssl=1 142w, https:\/\/i0.wp.com\/asurb.com\/asurb3\/wp-content\/uploads\/2020\/10\/Image-poisson-dor1.jpg?resize=97%2C150&amp;ssl=1 97w\" sizes=\"auto, (max-width: 119px) 100vw, 119px\" \/><\/a><\/p>\n<p>La r\u00e9gion de Casamance, au sud du S\u00e9n\u00e9gal, est une des derni\u00e8res zones refuges<br \/>\nen Afrique de l\u2019Ouest pour un nombre croissant de p\u00eacheurs artisans, de transformateurs et de travailleurs migrants. Face \u00e0 une concurrence ext\u00e9rieure de plus en plus forte, ces femmes et ces hommes r\u00e9sistent en contribuant gr\u00e2ce \u00e0 leur labeur \u00e0 la s\u00e9curit\u00e9 alimentaire de nombreux pays africains.<br \/>\nMais pour combien de temps encore ?<\/p>\n<h5><em>Tarif\u00a0: 4,20 \u20ac \u2013 tarif abonn\u00e9s : 4,00 \u20ac<\/em><\/h5>\n<p><a href=\"https:\/\/i0.wp.com\/asurb.com\/asurb3\/wp-content\/uploads\/2021\/08\/Histoire-amour.jpg\"><img data-recalc-dims=\"1\" loading=\"lazy\" decoding=\"async\" data-attachment-id=\"3001\" data-permalink=\"https:\/\/asurb.com\/asurb3\/?attachment_id=3001\" data-orig-file=\"https:\/\/i0.wp.com\/asurb.com\/asurb3\/wp-content\/uploads\/2021\/08\/Histoire-amour.jpg?fit=192%2C262&amp;ssl=1\" data-orig-size=\"192,262\" data-comments-opened=\"1\" data-image-meta=\"{&quot;aperture&quot;:&quot;0&quot;,&quot;credit&quot;:&quot;&quot;,&quot;camera&quot;:&quot;&quot;,&quot;caption&quot;:&quot;&quot;,&quot;created_timestamp&quot;:&quot;0&quot;,&quot;copyright&quot;:&quot;&quot;,&quot;focal_length&quot;:&quot;0&quot;,&quot;iso&quot;:&quot;0&quot;,&quot;shutter_speed&quot;:&quot;0&quot;,&quot;title&quot;:&quot;&quot;,&quot;orientation&quot;:&quot;0&quot;}\" data-image-title=\"Histoire amour\" data-image-description=\"\" data-image-caption=\"\" data-large-file=\"https:\/\/i0.wp.com\/asurb.com\/asurb3\/wp-content\/uploads\/2021\/08\/Histoire-amour.jpg?fit=192%2C262&amp;ssl=1\" class=\"wp-image-3001 alignright\" src=\"https:\/\/i0.wp.com\/asurb.com\/asurb3\/wp-content\/uploads\/2021\/08\/Histoire-amour.jpg?resize=118%2C161\" alt=\"\" width=\"118\" height=\"161\" srcset=\"https:\/\/i0.wp.com\/asurb.com\/asurb3\/wp-content\/uploads\/2021\/08\/Histoire-amour.jpg?w=192&amp;ssl=1 192w, https:\/\/i0.wp.com\/asurb.com\/asurb3\/wp-content\/uploads\/2021\/08\/Histoire-amour.jpg?resize=100%2C136&amp;ssl=1 100w\" sizes=\"auto, (max-width: 118px) 100vw, 118px\" \/><\/a><\/p>\n<h4><span style=\"color: #000080;\"><strong>\u25ca Vendredi 3 d\u00e9cembre &#8211; <\/strong><strong>cin\u00e9ma La Pl\u00e9iade\u00a0 Cachan &#8211; 20h30<br \/>\n<\/strong><\/span><\/h4>\n<p><strong><span style=\"color: #ff0000;\">UNE HISTOIRE D&rsquo;AMOUR ET DE D\u00c9SIR<\/span><\/strong> De Leila Bouzid &#8211; Tunisie &#8211; 2021 &#8211; 102 mn VOSTF<\/p>\n<p>Ahmed, Fran\u00e7ais de18 ans, issu d\u2019une famille alg\u00e9rienne vivant en banlieue, et Farah, une jeune Tunisienne, fra\u00eechement d\u00e9barqu\u00e9e \u00e0 Paris,\u00a0se retrouvent c\u00f4te \u00e0 c\u00f4te sur les bancs de l\u2019universit\u00e9 pour un cours consacr\u00e9 \u00e0 la litt\u00e9rature \u00e9rotique arabe. C\u2019est sur fond d\u2019une po\u00e9sie trop longtemps oubli\u00e9e que tous deux, lui, le gar\u00e7on timide et craintif, elle, la jeune fille d\u00e9bordante d\u2019\u00e9nergie, vont \u00eatre pris dans les flux et reflux du d\u00e9sir amoureux.<\/p>\n<p><em>Tarifs : 6,5 \u20ac (Tarif Plein) \/ 5\u20ac (Tarif R\u00e9duit : +60 ans ; Personnes \u00e0 mobilit\u00e9 r\u00e9duite et accompagnateurs ; Demandeurs d\u2019emploi, familles nombreuses ; de 14 \u00e0 18 ans ; \u00e9tudiants -27 ans) \/ 4 \u20ac (Tarif R\u00e9duit : pour \u2013 14 ans)<\/em><\/p>\n<h4><span style=\"color: #000080;\"><strong>Samedi 4 d\u00e9cembre\u00a0 &#8211; cin\u00e9ma La Pl\u00e9iade\u00a0 Cachan<\/strong><\/span><\/h4>\n<h4><span style=\"color: #000080;\"><strong>Deux s\u00e9ances consacr\u00e9es aux courts m\u00e9trages en comp\u00e9tition pour le Prix du public<\/strong><\/span><\/h4>\n<p><strong><span style=\"color: #ff0000;\">Soir\u00e9e\u00a0 pr\u00e9sent\u00e9e et anim\u00e9e par Michel Amarger\u00a0<\/span><\/strong> <span style=\"color: #ff0000;\"><em>(r\u00e9alisateur,\u00a0 journaliste sp\u00e9cialiste des cin\u00e9mas d&rsquo;Afrique)<\/em><\/span><\/p>\n<h4><span style=\"color: #000080;\"><strong><br \/>\n17h30 \u2013 <\/strong><strong>Premi\u00e8re s\u00e9ance :<br \/>\n<\/strong><\/span><\/h4>\n<p><span style=\"color: #ff0000;\"><strong>DA YIE (Bonne nuit) <\/strong><\/span>De Anthony NTI &#8211; Ghana\/Belgique \u2013 2019 \u2013 21 min \u2013 fiction \u2013 VOSTF<\/p>\n<p>Au Ghana, un \u00e9tranger est charg\u00e9 par son gang de recruter des enfants pour une mission dangereuse qui doit avoir lieu le soir m\u00eame. Apr\u00e8s avoir d\u00e9nich\u00e9 Prince et Matilda, deux gamins adorables, il projette de les livrer au gang. Mais apr\u00e8s une journ\u00e9e pass\u00e9e avec eux, il est envahi par le doute.<\/p>\n<p><span style=\"color: #ff0000;\"><strong>AL-SIT <\/strong><span style=\"color: #333333;\">De Suzannah Mirghani &#8211; 2020\u00a0 &#8211; Soudan\u00a0 &#8211; 20mn \u00a0\u00a0<\/span><\/span><\/p>\n<p>Dans un village du Soudan, Nafisa, une jeune fille de quinze ans, est amoureuse de Babiker. Mais ses parents ont arrang\u00e9 son mariage avec Nadir, un homme d\u2019affaires soudanais qui vit \u00e0 l\u2019\u00e9tranger. Sa grand-m\u00e8re, la puissante matriarche Al-Sit, en a d\u00e9cid\u00e9 autrement. Mais Nafisa a-t-elle son mot \u00e0 dire ?<\/p>\n<p><strong><span style=\"color: #ff0000;\">VOSSIE VERGAS HOMSELF ( Le suicide de Vossie)<\/span> &#8211; <\/strong>De Philip Nolte &#8211; 2017 &#8211; Afrique du Sud \u2013 23 min \u2013 fiction \u2013 VOSTF<\/p>\n<p>Vossie a d\u00e9cid\u00e9 que ce jour serait pour lui le dernier sur cette terre, mais son plan est interrompu par une visite inattendue.<\/p>\n<p><strong><span style=\"color: #ff0000;\">I HAD TO BURY CUCU (J\u2019ai d\u00fb enterrer Mamie)<\/span> &#8211; <\/strong>De Philippa NDISI- HERRMANN &#8211; Kenya \u2013 2018\u2013 14 min \u2013 fiction \u2013 VOSTF<\/p>\n<p>Geoffrey et son fr\u00e8re Kimanthi doivent se rendre dans un village de campagne pour les fun\u00e9railles de leur grand-m\u00e8re Cucu. Les r\u00e9ticences des deux gar\u00e7ons, surtout du plus jeune, \u00e9chappent \u00e0 leurs parents qui ne cherchent pas \u00e0 comprendre leur refus ni leur silence.<\/p>\n<p><span style=\"color: #ff0000;\"><strong>\u00a0\u00a0\u00a0\u00a0<\/strong><\/span><\/p>\n<h4><span style=\"color: #000080;\"><strong>20h30 \u2013 <\/strong><strong>Deuxi\u00e8me s\u00e9ance :<br \/>\n<\/strong><\/span><\/h4>\n<p><strong><span style=\"color: #ff0000;\">QU&rsquo;IMPORTE SI LES B\u00caTES MEURENT<\/span> <\/strong>De Sofia Alaoui\u00a0 &#8211; Maroc &#8211;\u00a0 2019 &#8211; 23mn &#8211;\u00a0 fiction \u2013couleur \u2013 VO berb\u00e8re STF<\/p>\n<p>Dans les hautes montagnes de l\u2019Atlas, Abdellah, un jeune berger et son p\u00e8re, sont bloqu\u00e9s par la neige dans leur bergerie. Leurs b\u00eates d\u00e9p\u00e9rissant, Abdellah doit s\u2019approvisionner en nourriture dans un village commer\u00e7ant \u00e0 plus d\u2019un jour de marche. Avec son mulet, il arrive au village et d\u00e9couvre que celui-ci est d\u00e9sert\u00e9 \u00e0 cause d\u2019un curieux \u00e9v\u00e9nement qui a boulevers\u00e9 tous les croyants.<\/p>\n<p><span style=\"color: #ff0000;\"><strong>TUK TUK <\/strong><\/span>De Mohamed Kheidr &#8211; Egypte &#8211; 2021 &#8211; fiction &#8211; couleur<\/p>\n<p>Abandonn\u00e9e par son mari, Walaa doit conduire un tuk-tuk, dans un environnement domin\u00e9 par les hommes.<br \/>\nEn \u00c9gypte, plus de 30 000 femmes sont li\u00e9es par des dettes.Ridiculis\u00e9e, harcel\u00e9e et rejet\u00e9e alors qu\u2019elle croule sous les dettes, elle va devoir se battre pour survivre.<\/p>\n<p><span style=\"color: #ff0000;\"><strong>LES TISSUS BLANCS <\/strong><\/span>De Moly Kane &#8211; S\u00e9n\u00e9gal &#8211; 2018 &#8211; 20mn &#8211; fiction \u2013 couleur \u2013 VO\u00a0wolof STF<\/p>\n<p>Demain, Zuzana se marie. Dor\u00e9navant, chaque minute compte pour effacer son pass\u00e9 et devenir la femme qu\u2019on attend d\u2019elle.<\/p>\n<p><strong><span style=\"color: #ff0000;\">MACHINI (Des machines)<\/span> &#8211; <\/strong>De Frank MUKUNDAY et TETSHIM &#8211; RD Congo\/Belgique &#8211; 2019 -10 min \u2013fiction\/animation<\/p>\n<p>Par la force des choses et surtout des machines, nous sommes devenus des \u00eatres somnambules, des damn\u00e9s de la terre, des cobayes de l&rsquo;histoire et de la machine.<\/p>\n<p><em><br \/>\nTarifs : 6,5 \u20ac (Tarif Plein) pay\u00e9 une seule fois pour acc\u00e9der aux deux s\u00e9ances &#8211; M\u00eame tarif si pr\u00e9sence \u00e0 une seule s\u00e9ance<br \/>\n5\u20ac (Tarif R\u00e9duit : +60 ans ; Personnes \u00e0 mobilit\u00e9 r\u00e9duite et accompagnateurs ; Demandeurs d\u2019emploi, familles nombreuses ; de 14 \u00e0 18 ans ; \u00e9tudiants -27 ans) \/ 4 \u20ac (Tarif R\u00e9duit : pour \u2013 14 ans)<\/em><\/p>\n<p><strong>\u00a0<\/strong><\/p>\n<h4><span style=\"color: #000080;\"><strong>\u25ca\u00a0 Dimanche 5 d\u00e9cembre &#8211; <\/strong><\/span><strong><span style=\"color: #000080;\">cin\u00e9ma La Pl\u00e9iade Cachan <\/span><\/strong><span style=\"color: #333399;\"><strong>16h00\u00a0 :<\/strong><\/span><\/h4>\n<h4 style=\"text-align: center;\"><span style=\"color: #000080;\"><strong>\u00a0<\/strong><strong>Proclamation des r\u00e9sultats du Prix du public pour les courts m\u00e9trages<\/strong><\/span><\/h4>\n<h4 style=\"text-align: center;\"><span style=\"color: #000080;\"><strong>et du<a href=\"https:\/\/wp.me\/p7C6tF-NR\"> Prix du jury pour les longs m\u00e9trages<\/a><br \/>\n<\/strong><\/span><\/h4>\n<h4 style=\"text-align: center;\"><span style=\"color: #000080;\"><strong>\u00a0<\/strong><strong>Remise des prix<\/strong><\/span><\/h4>\n<h4 style=\"text-align: left;\"><span style=\"color: #000080;\"><strong><br \/>\n<a href=\"https:\/\/i0.wp.com\/asurb.com\/asurb3\/wp-content\/uploads\/2021\/10\/Lauriers-jury-LM-2021.jpg\"><img data-recalc-dims=\"1\" loading=\"lazy\" decoding=\"async\" data-attachment-id=\"3075\" data-permalink=\"https:\/\/asurb.com\/asurb3\/?attachment_id=3075\" data-orig-file=\"https:\/\/i0.wp.com\/asurb.com\/asurb3\/wp-content\/uploads\/2021\/10\/Lauriers-jury-LM-2021.jpg?fit=886%2C638&amp;ssl=1\" data-orig-size=\"886,638\" data-comments-opened=\"1\" data-image-meta=\"{&quot;aperture&quot;:&quot;0&quot;,&quot;credit&quot;:&quot;&quot;,&quot;camera&quot;:&quot;&quot;,&quot;caption&quot;:&quot;&quot;,&quot;created_timestamp&quot;:&quot;0&quot;,&quot;copyright&quot;:&quot;&quot;,&quot;focal_length&quot;:&quot;0&quot;,&quot;iso&quot;:&quot;0&quot;,&quot;shutter_speed&quot;:&quot;0&quot;,&quot;title&quot;:&quot;&quot;,&quot;orientation&quot;:&quot;0&quot;}\" data-image-title=\"Lauriers jury LM 2021\" data-image-description=\"\" data-image-caption=\"\" data-large-file=\"https:\/\/i0.wp.com\/asurb.com\/asurb3\/wp-content\/uploads\/2021\/10\/Lauriers-jury-LM-2021.jpg?fit=886%2C638&amp;ssl=1\" class=\"wp-image-3075 aligncenter\" src=\"https:\/\/i0.wp.com\/asurb.com\/asurb3\/wp-content\/uploads\/2021\/10\/Lauriers-jury-LM-2021-300x216.jpg?resize=167%2C120\" alt=\"\" width=\"167\" height=\"120\" srcset=\"https:\/\/i0.wp.com\/asurb.com\/asurb3\/wp-content\/uploads\/2021\/10\/Lauriers-jury-LM-2021.jpg?resize=300%2C216&amp;ssl=1 300w, https:\/\/i0.wp.com\/asurb.com\/asurb3\/wp-content\/uploads\/2021\/10\/Lauriers-jury-LM-2021.jpg?resize=100%2C72&amp;ssl=1 100w, https:\/\/i0.wp.com\/asurb.com\/asurb3\/wp-content\/uploads\/2021\/10\/Lauriers-jury-LM-2021.jpg?resize=600%2C432&amp;ssl=1 600w, https:\/\/i0.wp.com\/asurb.com\/asurb3\/wp-content\/uploads\/2021\/10\/Lauriers-jury-LM-2021.jpg?w=886&amp;ssl=1 886w\" sizes=\"auto, (max-width: 167px) 100vw, 167px\" \/><\/a><a href=\"https:\/\/i0.wp.com\/asurb.com\/asurb3\/wp-content\/uploads\/2021\/08\/Lauriers-CM-2021.jpg\"><img data-recalc-dims=\"1\" loading=\"lazy\" decoding=\"async\" data-attachment-id=\"2995\" data-permalink=\"https:\/\/asurb.com\/asurb3\/?attachment_id=2995\" data-orig-file=\"https:\/\/i0.wp.com\/asurb.com\/asurb3\/wp-content\/uploads\/2021\/08\/Lauriers-CM-2021.jpg?fit=364%2C261&amp;ssl=1\" data-orig-size=\"364,261\" data-comments-opened=\"1\" data-image-meta=\"{&quot;aperture&quot;:&quot;0&quot;,&quot;credit&quot;:&quot;&quot;,&quot;camera&quot;:&quot;&quot;,&quot;caption&quot;:&quot;&quot;,&quot;created_timestamp&quot;:&quot;0&quot;,&quot;copyright&quot;:&quot;&quot;,&quot;focal_length&quot;:&quot;0&quot;,&quot;iso&quot;:&quot;0&quot;,&quot;shutter_speed&quot;:&quot;0&quot;,&quot;title&quot;:&quot;&quot;,&quot;orientation&quot;:&quot;0&quot;}\" data-image-title=\"Lauriers CM 2021\" data-image-description=\"\" data-image-caption=\"\" data-large-file=\"https:\/\/i0.wp.com\/asurb.com\/asurb3\/wp-content\/uploads\/2021\/08\/Lauriers-CM-2021.jpg?fit=364%2C261&amp;ssl=1\" class=\"wp-image-2995 aligncenter\" src=\"https:\/\/i0.wp.com\/asurb.com\/asurb3\/wp-content\/uploads\/2021\/08\/Lauriers-CM-2021-300x215.jpg?resize=168%2C120\" alt=\"\" width=\"168\" height=\"120\" srcset=\"https:\/\/i0.wp.com\/asurb.com\/asurb3\/wp-content\/uploads\/2021\/08\/Lauriers-CM-2021.jpg?resize=300%2C215&amp;ssl=1 300w, https:\/\/i0.wp.com\/asurb.com\/asurb3\/wp-content\/uploads\/2021\/08\/Lauriers-CM-2021.jpg?resize=100%2C72&amp;ssl=1 100w, https:\/\/i0.wp.com\/asurb.com\/asurb3\/wp-content\/uploads\/2021\/08\/Lauriers-CM-2021.jpg?w=364&amp;ssl=1 364w\" sizes=\"auto, (max-width: 168px) 100vw, 168px\" \/><\/a><br \/>\n<\/strong><\/span><\/h4>\n<p><strong><span style=\"color: #ff0000;\">ADAM<\/span> &#8211; <\/strong>De Maryam Touzani &#8211; Maroc &#8211; 2019 &#8211; 98 min &#8211; fiction &#8211; VO arabe STF<\/p>\n<p><strong><span style=\"color: #ff0000;\">Pr\u00e9sentation et d\u00e9bats assur\u00e9s par Catherine Ruelle<\/span><\/strong> <span style=\"color: #ff0000;\"><em>(journaliste politique et\u00a0 critique de cin\u00e9ma)<\/em><\/span><a href=\"https:\/\/i0.wp.com\/asurb.com\/asurb3\/wp-content\/uploads\/2020\/10\/ADAM-5.jpg\"><img data-recalc-dims=\"1\" loading=\"lazy\" decoding=\"async\" data-attachment-id=\"2876\" data-permalink=\"https:\/\/asurb.com\/asurb3\/?attachment_id=2876\" data-orig-file=\"https:\/\/i0.wp.com\/asurb.com\/asurb3\/wp-content\/uploads\/2020\/10\/ADAM-5.jpg?fit=815%2C1087&amp;ssl=1\" data-orig-size=\"815,1087\" data-comments-opened=\"1\" data-image-meta=\"{&quot;aperture&quot;:&quot;0&quot;,&quot;credit&quot;:&quot;&quot;,&quot;camera&quot;:&quot;&quot;,&quot;caption&quot;:&quot;&quot;,&quot;created_timestamp&quot;:&quot;0&quot;,&quot;copyright&quot;:&quot;&quot;,&quot;focal_length&quot;:&quot;0&quot;,&quot;iso&quot;:&quot;0&quot;,&quot;shutter_speed&quot;:&quot;0&quot;,&quot;title&quot;:&quot;&quot;,&quot;orientation&quot;:&quot;0&quot;}\" data-image-title=\"ADAM 5\" data-image-description=\"\" data-image-caption=\"\" data-large-file=\"https:\/\/i0.wp.com\/asurb.com\/asurb3\/wp-content\/uploads\/2020\/10\/ADAM-5.jpg?fit=768%2C1024&amp;ssl=1\" class=\" wp-image-2876 alignright\" src=\"https:\/\/i0.wp.com\/asurb.com\/asurb3\/wp-content\/uploads\/2020\/10\/ADAM-5-225x300.jpg?resize=120%2C160\" alt=\"\" width=\"120\" height=\"160\" srcset=\"https:\/\/i0.wp.com\/asurb.com\/asurb3\/wp-content\/uploads\/2020\/10\/ADAM-5.jpg?resize=225%2C300&amp;ssl=1 225w, https:\/\/i0.wp.com\/asurb.com\/asurb3\/wp-content\/uploads\/2020\/10\/ADAM-5.jpg?resize=100%2C133&amp;ssl=1 100w, https:\/\/i0.wp.com\/asurb.com\/asurb3\/wp-content\/uploads\/2020\/10\/ADAM-5.jpg?resize=768%2C1024&amp;ssl=1 768w, https:\/\/i0.wp.com\/asurb.com\/asurb3\/wp-content\/uploads\/2020\/10\/ADAM-5.jpg?resize=600%2C800&amp;ssl=1 600w, https:\/\/i0.wp.com\/asurb.com\/asurb3\/wp-content\/uploads\/2020\/10\/ADAM-5.jpg?w=815&amp;ssl=1 815w\" sizes=\"auto, (max-width: 120px) 100vw, 120px\" \/><\/a><\/p>\n<p>Casablanca\u00a0: Samia, une jeune fille enceinte solitaire, est recueillie par Alba, une jeune veuve qui tient une petite boulangerie. De cette rencontre d\u2019abord heurt\u00e9e \u2013 Alba se mure dans sa solitude et l\u2019\u00e9ducation de sa fille \u2013 na\u00eet peu \u00e0 peu une connivence f\u00e9minine qui affronte et d\u00e9nonce l\u2019opprobre social dont sont victimes les femmes dans leur situation.<\/p>\n<p><em>Tarifs : 5\u20ac (Tarif Unique) + 4 \u20ac (Tarif R\u00e9duit : pour \u2013 14 ans)<\/em><\/p>\n<hr \/>\n<h4><span style=\"color: #000080;\"><strong>\u25ca S\u00e9ances scolaires <\/strong><\/span><\/h4>\n<ul style=\"list-style-type: disc;\">\n<li><strong>Classes de CM2\u00a0: 2 courts-m\u00e9trages<\/strong><\/li>\n<\/ul>\n<p><span style=\"color: #ff0000;\"><span style=\"color: #333333;\"><strong><span style=\"color: #ff0000;\">LE D\u00c9PART<\/span> <\/strong>De Sa\u00efd Hamich Benlarbi\u00a0 &#8211; Maroc\/ France\/RDC &#8211; 2016 &#8211; 20 mn<\/span><\/span><\/p>\n<p><span style=\"color: #ff0000;\"><strong>DAALI-O , LE JOUR OU LA NATURE PARLA<\/strong><em>\u00a0<\/em><span style=\"color: #333333;\"> S\u00e9n\u00e9gal &#8211; 2020-7mn<\/span><\/span><\/p>\n<h4><span style=\"color: #000080;\"><strong>\u25ca <\/strong><strong>Autour du festival<a href=\"https:\/\/i0.wp.com\/asurb.com\/asurb3\/wp-content\/uploads\/2021\/10\/Lamb.jpg\"><img data-recalc-dims=\"1\" loading=\"lazy\" decoding=\"async\" data-attachment-id=\"3067\" data-permalink=\"https:\/\/asurb.com\/asurb3\/?attachment_id=3067\" data-orig-file=\"https:\/\/i0.wp.com\/asurb.com\/asurb3\/wp-content\/uploads\/2021\/10\/Lamb.jpg?fit=1176%2C1600&amp;ssl=1\" data-orig-size=\"1176,1600\" data-comments-opened=\"1\" data-image-meta=\"{&quot;aperture&quot;:&quot;0&quot;,&quot;credit&quot;:&quot;&quot;,&quot;camera&quot;:&quot;&quot;,&quot;caption&quot;:&quot;&quot;,&quot;created_timestamp&quot;:&quot;0&quot;,&quot;copyright&quot;:&quot;&quot;,&quot;focal_length&quot;:&quot;0&quot;,&quot;iso&quot;:&quot;0&quot;,&quot;shutter_speed&quot;:&quot;0&quot;,&quot;title&quot;:&quot;&quot;,&quot;orientation&quot;:&quot;0&quot;}\" data-image-title=\"Lamb\" data-image-description=\"\" data-image-caption=\"\" data-large-file=\"https:\/\/i0.wp.com\/asurb.com\/asurb3\/wp-content\/uploads\/2021\/10\/Lamb.jpg?fit=753%2C1024&amp;ssl=1\" class=\"wp-image-3067 alignright\" src=\"https:\/\/i0.wp.com\/asurb.com\/asurb3\/wp-content\/uploads\/2021\/10\/Lamb-221x300.jpg?resize=122%2C166\" alt=\"\" width=\"122\" height=\"166\" srcset=\"https:\/\/i0.wp.com\/asurb.com\/asurb3\/wp-content\/uploads\/2021\/10\/Lamb.jpg?resize=221%2C300&amp;ssl=1 221w, https:\/\/i0.wp.com\/asurb.com\/asurb3\/wp-content\/uploads\/2021\/10\/Lamb.jpg?resize=100%2C136&amp;ssl=1 100w, https:\/\/i0.wp.com\/asurb.com\/asurb3\/wp-content\/uploads\/2021\/10\/Lamb.jpg?resize=753%2C1024&amp;ssl=1 753w, https:\/\/i0.wp.com\/asurb.com\/asurb3\/wp-content\/uploads\/2021\/10\/Lamb.jpg?resize=600%2C816&amp;ssl=1 600w, https:\/\/i0.wp.com\/asurb.com\/asurb3\/wp-content\/uploads\/2021\/10\/Lamb.jpg?w=1176&amp;ssl=1 1176w\" sizes=\"auto, (max-width: 122px) 100vw, 122px\" \/><\/a><br \/>\nMercredi 17 novembre &#8211; M\u00e9diath\u00e8que de Gentilly &#8211; 15h<br \/>\n<\/strong><\/span><\/h4>\n<p><span style=\"color: #000080;\"><strong><span style=\"color: #ff0000;\">LAMB<\/span> <\/strong><span style=\"color: #000000;\">De Yared Zeleke \u2013 94 min \u2013 \u00c9thiopie \u2013 2014 &#8211; fiction \u2013 VO STF \u2013 DCP<br \/>\nEphraim, un gar\u00e7on de neuf ans, et sa brebis Chuni sont ins\u00e9parables<strong>. <\/strong>Apr\u00e8s la mort de sa m\u00e8re, Son p\u00e8re l\u2019envoie,<br \/>\naccompagn\u00e9 de sa brebis, chez des parents \u00e9loign\u00e9s. Quand son oncle lui ordonne d\u2019abattre sa brebis pour la f\u00eate \u00e0 venir, <\/span><br \/>\n<span style=\"color: #000000;\">il \u00e9labore un stratag\u00e8me pour sauver Chuni et retourner chez lui.<\/span><strong><br \/>\n<\/strong><\/span><\/p>\n<p><em>Entr\u00e9e libre dans la limite des places disponibles<\/em><\/p>\n<p><strong>\u00a0<\/strong><\/p>\n<h4><span style=\"color: #000080;\"><strong>Les salles de cin\u00e9ma<\/strong><\/span><\/h4>\n<ul>\n<li><strong> Cin\u00e9ma La Pl\u00e9iade &#8211; <\/strong>12 avenue Cousin de M\u00e9ricourt 94230 Cachan -T\u00e9l. 01 46 65 06 98<\/li>\n<li><strong> Cin\u00e9ma La Tournelle &#8211; <\/strong>14 rue Dispan 94240 L\u2019Ha\u00ff les Roses -T\u00e9l. 01 49 08 50 71<\/li>\n<li><strong> Cin\u00e9ma Le Select &#8211; <\/strong>10 Avenue de la Division Leclerc, 92160 Antony \u2013 T\u00e9l.\u00a0 01 40 96 64 64<\/li>\n<li><strong>Espace Municipal Jean Vilar &#8211; <\/strong>1 rue Paul Signac 94110 Arcueil -T\u00e9l. 01 41 24 25 50<\/li>\n<li><strong> Maison <\/strong><strong>Pour Tous G\u00e9rard Philipe &#8211; <\/strong>118 rue Youri Gagarine 94800 Villejuif -T\u00e9l. 01 46 86 08 05<\/li>\n<\/ul>\n<h4 style=\"text-align: center;\"><strong><em><span style=\"color: #000080;\">\u00a0<\/span><\/em><\/strong><\/h4>\n<hr \/>\n<hr \/>\n","protected":false},"excerpt":{"rendered":"<p>Cette ann\u00e9e un \u00ab\u00a0Prix du jury\u00a0\u00bb sera \u00e9galement d\u00e9cern\u00e9 parmi les longs m\u00e9trages projet\u00e9s pendant le festival, le jury \u00e9tant compos\u00e9 de professionnels du cin\u00e9ma et de responsables des salles. [&hellip;]<\/p>\n","protected":false},"author":1,"featured_media":0,"comment_status":"open","ping_status":"open","sticky":false,"template":"","format":"standard","meta":{"_jetpack_memberships_contains_paid_content":false,"footnotes":"","jetpack_publicize_message":"","jetpack_publicize_feature_enabled":true,"jetpack_social_post_already_shared":true,"jetpack_social_options":{"image_generator_settings":{"template":"highway","default_image_id":0,"font":"","enabled":false},"version":2}},"categories":[9],"tags":[],"class_list":["post-3346","post","type-post","status-publish","format-standard","hentry","category-festival"],"jetpack_publicize_connections":[],"jetpack_featured_media_url":"","jetpack_sharing_enabled":true,"jetpack_shortlink":"https:\/\/wp.me\/p7C6tF-RY","jetpack-related-posts":[{"id":3091,"url":"https:\/\/asurb.com\/asurb3\/?p=3091","url_meta":{"origin":3346,"position":0},"title":"Jury du prix des longs m\u00e9trages","author":"webmaster","date":"27 novembre 2021","format":false,"excerpt":"Pour la premi\u00e8re fois, un prix sera remis au meilleur long m\u00e9trage projet\u00e9 pendant le festival. Le jury est compos\u00e9 de 7 membres : 4 professionnels du cin\u00e9ma dont la pr\u00e9sidente et 3 exploitants de salle. Professionnels du cin\u00e9ma : Jacques Boumendil (sp\u00e9cialiste image) Nassima Guessoum (r\u00e9alisatrice), pr\u00e9sidente du jury\u2026","rel":"","context":"Dans &quot;Festival&quot;","block_context":{"text":"Festival","link":"https:\/\/asurb.com\/asurb3\/?cat=9"},"img":{"alt_text":"","src":"https:\/\/i0.wp.com\/asurb.com\/asurb3\/wp-content\/uploads\/2021\/10\/Lauriers-jury-LM-2021-300x216.jpg?resize=350%2C200","width":350,"height":200},"classes":[]},{"id":3898,"url":"https:\/\/asurb.com\/asurb3\/?p=3898","url_meta":{"origin":3346,"position":1},"title":"Jury longs-m\u00e9trages 2023","author":"webmaster","date":"23 novembre 2023","format":"link","excerpt":"Composition du jury qui attribue le prix \u00e0 un des longs-m\u00e9trages projet\u00e9s pendant le festival 2023 : Alassane DIAGO , r\u00e9alisateur Th\u00e9r\u00e8se-Marie DEFFONTAINES, journaliste, sp\u00e9cialiste du cin\u00e9ma africain Marie-Pomme CARTERET, monteuse Beno\u00eet de CHAUMONT, cin\u00e9ma La Tournelle - L'Ha\u00ff les Roses) S\u00e9bastien LE VAILLANT, cin\u00e9ma Jean Vilar - Arcueil","rel":"","context":"Dans &quot;Festival&quot;","block_context":{"text":"Festival","link":"https:\/\/asurb.com\/asurb3\/?cat=9"},"img":{"alt_text":"","src":"https:\/\/i0.wp.com\/asurb.com\/asurb3\/wp-content\/uploads\/2023\/11\/Diapo-Jury-LM-2023-VF-300x225.jpg?resize=350%2C200&ssl=1","width":350,"height":200},"classes":[]},{"id":4702,"url":"https:\/\/asurb.com\/asurb3\/?p=4702","url_meta":{"origin":3346,"position":2},"title":"Programme du festival : Cin\u00e9 regards Africains 2025","author":"webmaster","date":"14 novembre 2025","format":false,"excerpt":"Programme du festival 2025 L\u2019\u00e9quipe b\u00e9n\u00e9vole de l\u2019association Afrique sur Bi\u00e8vre\u00a0 a pr\u00e9par\u00e9 pour vous la 18\u00e8me \u00e9dition du festival Cin\u00e9 Regards Africains. Le festival se d\u00e9roulera dans les salles de cin\u00e9ma partenaires du 21 novembre au 30 novembre 2025. Retenez bien ces dates pour voir notre s\u00e9lection de films\u2026","rel":"","context":"Dans &quot;Festival&quot;","block_context":{"text":"Festival","link":"https:\/\/asurb.com\/asurb3\/?cat=9"},"img":{"alt_text":"","src":"https:\/\/i0.wp.com\/asurb.com\/asurb3\/wp-content\/uploads\/2025\/10\/Affiche-2025-215x300.jpg?resize=350%2C200&ssl=1","width":350,"height":200},"classes":[]},{"id":4351,"url":"https:\/\/asurb.com\/asurb3\/?p=4351","url_meta":{"origin":3346,"position":3},"title":"Retrouvez en images, les temps forts du festival 2024","author":"webmaster","date":"5 d\u00e9cembre 2024","format":false,"excerpt":"\u00a0\u00a0\u00a0\u00a0\u00a0\u00a0\u00a0\u00a0 \u25ca Vendredi 24 novembre - 20h30 - S\u00e9ance d\u2019ouverture - Cin\u00e9ma La Pl\u00e9iade - Cachan Le festival s'ouvre avec un concert de chants africains par la chorale New Jem \u00a0 \u00a0 \u00a0 Projection de Harka de Lofty NATHAN - Tunisie - 2022 - fiction Le public tr\u00e8s nombreux a\u2026","rel":"","context":"Dans &quot;Festival&quot;","block_context":{"text":"Festival","link":"https:\/\/asurb.com\/asurb3\/?cat=9"},"img":{"alt_text":"","src":"https:\/\/i0.wp.com\/asurb.com\/asurb3\/wp-content\/uploads\/2024\/12\/image0000011-225x300.jpg?resize=350%2C200&ssl=1","width":350,"height":200},"classes":[]},{"id":4166,"url":"https:\/\/asurb.com\/asurb3\/?p=4166","url_meta":{"origin":3346,"position":4},"title":"D\u00e9couvrez le programme de la 17\u00e8me \u00e9dition du festival Cin\u00e9 Regards Africains","author":"webmaster","date":"29 septembre 2024","format":false,"excerpt":"Du vendredi 22 novembre au dimanche 1er d\u00e9cembre Chaque projection sera suivie d\u2019un d\u00e9bat anim\u00e9 par un sp\u00e9cialiste des cin\u00e9mas africains et\/ou du r\u00e9alisateur ou d\u2019un membre de l\u2019\u00e9quipe de tournage. Les spectateurs seront, cette ann\u00e9e encore, invit\u00e9s \u00e0 voter pour d\u00e9cerner\u00a0 \u00ab Le\u00a0 Prix du public\u00bb \u00e0 un court\u2026","rel":"","context":"Dans &quot;Festival&quot;","block_context":{"text":"Festival","link":"https:\/\/asurb.com\/asurb3\/?cat=9"},"img":{"alt_text":"","src":"https:\/\/i0.wp.com\/asurb.com\/asurb3\/wp-content\/uploads\/2024\/06\/Affiche-2024-B1-215x300.jpg?resize=350%2C200&ssl=1","width":350,"height":200},"classes":[]},{"id":3120,"url":"https:\/\/asurb.com\/asurb3\/?p=3120","url_meta":{"origin":3346,"position":5},"title":"Prix du public &#8211; Prix du jury","author":"webmaster","date":"7 d\u00e9cembre 2021","format":false,"excerpt":"Dans le cadre du festival Cin\u00e9 Regards Africains 2021, le dimanche 5 d\u00e9cembre au cin\u00e9ma La Pl\u00e9iade \u00e0 Cachan, s'est d\u00e9roul\u00e9e la c\u00e9r\u00e9monie de proclamation et de remise des prix 2021, en pr\u00e9sence de Madame Catherine Gobet repr\u00e9sentante de la Fondation McMillan-Stewart. \u00a0 \u00a0 \u00a0\u00a0 \u00a0 Le Prix du public\u2026","rel":"","context":"Dans &quot;Festival&quot;","block_context":{"text":"Festival","link":"https:\/\/asurb.com\/asurb3\/?cat=9"},"img":{"alt_text":"","src":"https:\/\/i0.wp.com\/asurb.com\/asurb3\/wp-content\/uploads\/2021\/12\/P1140028A-300x191.jpg?resize=350%2C200","width":350,"height":200},"classes":[]}],"_links":{"self":[{"href":"https:\/\/asurb.com\/asurb3\/index.php?rest_route=\/wp\/v2\/posts\/3346","targetHints":{"allow":["GET"]}}],"collection":[{"href":"https:\/\/asurb.com\/asurb3\/index.php?rest_route=\/wp\/v2\/posts"}],"about":[{"href":"https:\/\/asurb.com\/asurb3\/index.php?rest_route=\/wp\/v2\/types\/post"}],"author":[{"embeddable":true,"href":"https:\/\/asurb.com\/asurb3\/index.php?rest_route=\/wp\/v2\/users\/1"}],"replies":[{"embeddable":true,"href":"https:\/\/asurb.com\/asurb3\/index.php?rest_route=%2Fwp%2Fv2%2Fcomments&post=3346"}],"version-history":[{"count":1,"href":"https:\/\/asurb.com\/asurb3\/index.php?rest_route=\/wp\/v2\/posts\/3346\/revisions"}],"predecessor-version":[{"id":4240,"href":"https:\/\/asurb.com\/asurb3\/index.php?rest_route=\/wp\/v2\/posts\/3346\/revisions\/4240"}],"wp:attachment":[{"href":"https:\/\/asurb.com\/asurb3\/index.php?rest_route=%2Fwp%2Fv2%2Fmedia&parent=3346"}],"wp:term":[{"taxonomy":"category","embeddable":true,"href":"https:\/\/asurb.com\/asurb3\/index.php?rest_route=%2Fwp%2Fv2%2Fcategories&post=3346"},{"taxonomy":"post_tag","embeddable":true,"href":"https:\/\/asurb.com\/asurb3\/index.php?rest_route=%2Fwp%2Fv2%2Ftags&post=3346"}],"curies":[{"name":"wp","href":"https:\/\/api.w.org\/{rel}","templated":true}]}}