{"id":3347,"date":"2022-10-14T12:30:00","date_gmt":"2022-10-14T10:30:00","guid":{"rendered":"https:\/\/asurb.com\/asurb3\/?p=3347"},"modified":"2023-10-02T18:19:01","modified_gmt":"2023-10-02T16:19:01","slug":"programme-du-festival-cine-regards-africains-2020-2","status":"publish","type":"post","link":"https:\/\/asurb.com\/asurb3\/?p=3347","title":{"rendered":"Programme du festival  \u00ab\u00a0Cin\u00e9 Regards Africains\u00a0\u00bb 2022"},"content":{"rendered":"<h4><\/h4>\n<h4 style=\"text-align: center;\"><img data-recalc-dims=\"1\" loading=\"lazy\" decoding=\"async\" data-attachment-id=\"3337\" data-permalink=\"https:\/\/asurb.com\/asurb3\/?attachment_id=3337\" data-orig-file=\"https:\/\/i0.wp.com\/asurb.com\/asurb3\/wp-content\/uploads\/2022\/08\/Affiche1-A4-2022-scaled.jpg?fit=1810%2C2560&amp;ssl=1\" data-orig-size=\"1810,2560\" data-comments-opened=\"1\" data-image-meta=\"{&quot;aperture&quot;:&quot;0&quot;,&quot;credit&quot;:&quot;&quot;,&quot;camera&quot;:&quot;&quot;,&quot;caption&quot;:&quot;&quot;,&quot;created_timestamp&quot;:&quot;0&quot;,&quot;copyright&quot;:&quot;&quot;,&quot;focal_length&quot;:&quot;0&quot;,&quot;iso&quot;:&quot;0&quot;,&quot;shutter_speed&quot;:&quot;0&quot;,&quot;title&quot;:&quot;&quot;,&quot;orientation&quot;:&quot;0&quot;}\" data-image-title=\"Affiche1 A4 2022\" data-image-description=\"\" data-image-caption=\"\" data-large-file=\"https:\/\/i0.wp.com\/asurb.com\/asurb3\/wp-content\/uploads\/2022\/08\/Affiche1-A4-2022-scaled.jpg?fit=724%2C1024&amp;ssl=1\" class=\"alignnone  wp-image-3337\" src=\"https:\/\/i0.wp.com\/asurb.com\/asurb3\/wp-content\/uploads\/2022\/08\/Affiche1-A4-2022.jpg?resize=249%2C352&#038;ssl=1\" alt=\"\" width=\"249\" height=\"352\" srcset=\"https:\/\/i0.wp.com\/asurb.com\/asurb3\/wp-content\/uploads\/2022\/08\/Affiche1-A4-2022-scaled.jpg?resize=212%2C300&amp;ssl=1 212w, https:\/\/i0.wp.com\/asurb.com\/asurb3\/wp-content\/uploads\/2022\/08\/Affiche1-A4-2022-scaled.jpg?resize=724%2C1024&amp;ssl=1 724w, https:\/\/i0.wp.com\/asurb.com\/asurb3\/wp-content\/uploads\/2022\/08\/Affiche1-A4-2022-scaled.jpg?resize=100%2C141&amp;ssl=1 100w, https:\/\/i0.wp.com\/asurb.com\/asurb3\/wp-content\/uploads\/2022\/08\/Affiche1-A4-2022-scaled.jpg?resize=600%2C849&amp;ssl=1 600w, https:\/\/i0.wp.com\/asurb.com\/asurb3\/wp-content\/uploads\/2022\/08\/Affiche1-A4-2022-scaled.jpg?resize=1086%2C1536&amp;ssl=1 1086w, https:\/\/i0.wp.com\/asurb.com\/asurb3\/wp-content\/uploads\/2022\/08\/Affiche1-A4-2022-scaled.jpg?resize=1448%2C2048&amp;ssl=1 1448w, https:\/\/i0.wp.com\/asurb.com\/asurb3\/wp-content\/uploads\/2022\/08\/Affiche1-A4-2022-scaled.jpg?w=1810&amp;ssl=1 1810w\" sizes=\"auto, (max-width: 249px) 100vw, 249px\" \/><\/h4>\n<h4 style=\"text-align: center;\"><span style=\"color: #000080;\"><strong>Le prochain festival \u00ab\u00a0Cin\u00e9 Regards Africains\u00a0\u00bb aura lieu<\/strong><br \/>\n<\/span><strong><span style=\"color: #000080;\"> du vendredi 25 novembre au dimanche 4 d\u00e9cembre 2022<\/span><\/strong><\/h4>\n<p style=\"text-align: center;\"><span style=\"color: #000080;\"><strong>Bande annonce du festival 2022<\/strong><\/span><\/p>\n<div style=\"width: 900px;\" class=\"wp-video\"><!--[if lt IE 9]><script>document.createElement('video');<\/script><![endif]-->\n<video class=\"wp-video-shortcode\" id=\"video-3347-1\" width=\"900\" height=\"506\" preload=\"metadata\" controls=\"controls\"><source type=\"video\/mp4\" src=\"https:\/\/asurb.com\/asurb3\/wp-content\/uploads\/2022\/11\/Bande-annonce-CRA2022.mp4?_=1\" \/><a href=\"https:\/\/asurb.com\/asurb3\/wp-content\/uploads\/2022\/11\/Bande-annonce-CRA2022.mp4\">https:\/\/asurb.com\/asurb3\/wp-content\/uploads\/2022\/11\/Bande-annonce-CRA2022.mp4<\/a><\/video><\/div>\n<p><span style=\"color: #000080;\">Chaque projection sera suivie d\u2019un d\u00e9bat anim\u00e9 par un sp\u00e9cialiste des cin\u00e9mas africains et\/ou du r\u00e9alisateur ou d\u2019un membre de l\u2019\u00e9quipe de tournage.<\/span><\/p>\n<p><span style=\"color: #000080;\">Les spectateurs seront de nouveau invit\u00e9s \u00e0 voter pour d\u00e9cerner\u00a0 <strong>\u00ab Le\u00a0 Prix du public\u00bb<\/strong> \u00e0 un court m\u00e9trage parmi les huit qui <\/span><span style=\"color: #000080;\">seront projet\u00e9s le <strong>samedi 3 d\u00e9cembre au cin\u00e9ma La Pl\u00e9iade<\/strong> \u00e0 Cachan en deux s\u00e9ances \u00e0 partir de 17h30.<\/span><\/p>\n<p><span style=\"color: #000080;\">Cette ann\u00e9e encore, un <strong>\u00ab\u00a0Prix du jury\u00a0\u00bb<\/strong> sera \u00e9galement d\u00e9cern\u00e9 parmi les longs m\u00e9trages projet\u00e9s pendant le festival, le jury \u00e9tant compos\u00e9 de professionnels du cin\u00e9ma et de responsables des salles.<\/span><\/p>\n<p style=\"text-align: center;\"><strong><span style=\"color: #000080;\">Outre les lauriers qui les accompagnent, ces prix sont dot\u00e9s<br \/>\n<\/span><\/strong><strong><span style=\"color: #000080;\">de 1.000 \u20ac pour le Prix du public et de 1 500\u20ac pour le Prix du jury<br \/>\n<\/span><\/strong><\/p>\n<p style=\"text-align: center;\"><strong><span style=\"color: #000080;\">Les r\u00e9sultats seront proclam\u00e9s le dimanche 4 d\u00e9cembre lors de la s\u00e9ance de cl\u00f4ture du festival.<br \/>\n<\/span><\/strong><\/p>\n<hr \/>\n<h4><strong><span style=\"color: #000080;\">\u25ca<\/span><span style=\"color: #000080;\"> Vendredi 25 novembre &#8211; <\/span><span style=\"color: #000080;\">Cin\u00e9ma Le S\u00e9lect &#8211; Antony &#8211; 18h30<\/span><span style=\"color: #000080;\"><br \/>\n<\/span><\/strong><\/h4>\n<p><span style=\"color: #ff0000;\"><strong>LE BLEU DU CAFTAN<\/strong> <\/span>de Maryam TOUZANI- Maroc &#8211; 2022 &#8211; 124 min &#8211; fiction \u2013 couleur- VO arabe STF<img data-recalc-dims=\"1\" loading=\"lazy\" decoding=\"async\" data-attachment-id=\"3344\" data-permalink=\"https:\/\/asurb.com\/asurb3\/?attachment_id=3344\" data-orig-file=\"https:\/\/i0.wp.com\/asurb.com\/asurb3\/wp-content\/uploads\/2022\/08\/1118422-1.webp?fit=500%2C750&amp;ssl=1\" data-orig-size=\"500,750\" data-comments-opened=\"1\" data-image-meta=\"{&quot;aperture&quot;:&quot;0&quot;,&quot;credit&quot;:&quot;&quot;,&quot;camera&quot;:&quot;&quot;,&quot;caption&quot;:&quot;&quot;,&quot;created_timestamp&quot;:&quot;0&quot;,&quot;copyright&quot;:&quot;&quot;,&quot;focal_length&quot;:&quot;0&quot;,&quot;iso&quot;:&quot;0&quot;,&quot;shutter_speed&quot;:&quot;0&quot;,&quot;title&quot;:&quot;&quot;,&quot;orientation&quot;:&quot;0&quot;}\" data-image-title=\"1118422\" data-image-description=\"\" data-image-caption=\"\" data-large-file=\"https:\/\/i0.wp.com\/asurb.com\/asurb3\/wp-content\/uploads\/2022\/08\/1118422-1.webp?fit=500%2C750&amp;ssl=1\" class=\"wp-image-3344 alignright\" src=\"https:\/\/i0.wp.com\/asurb.com\/asurb3\/wp-content\/uploads\/2022\/08\/1118422-1.webp?resize=113%2C170&#038;ssl=1\" alt=\"\" width=\"113\" height=\"170\" srcset=\"https:\/\/i0.wp.com\/asurb.com\/asurb3\/wp-content\/uploads\/2022\/08\/1118422-1.webp?resize=200%2C300&amp;ssl=1 200w, https:\/\/i0.wp.com\/asurb.com\/asurb3\/wp-content\/uploads\/2022\/08\/1118422-1.webp?resize=100%2C150&amp;ssl=1 100w, https:\/\/i0.wp.com\/asurb.com\/asurb3\/wp-content\/uploads\/2022\/08\/1118422-1.webp?w=500&amp;ssl=1 500w\" sizes=\"auto, (max-width: 113px) 100vw, 113px\" \/><br \/>\nPrix de la Critique Internationale (FIPRESCI) du Festival de Cannes 2022 dans la section Un Certain Regard.<br \/>\n<span style=\"color: #ff0000;\"><em><span dir=\"ltr\" role=\"presentation\">Projection suivie d&rsquo;un d\u00e9bat anim\u00e9 par Catherine Ruelle, grand reporter, critique de cin\u00e9ma,<br \/>\nsp\u00e9cialiste des <\/span><\/em><\/span><span style=\"color: #ff0000;\"><em><span dir=\"ltr\" role=\"presentation\">cin\u00e9mas d\u2019Afrique<\/span><\/em><\/span><\/p>\n<h5><strong><em>Halim est mari\u00e9 depuis longtemps \u00e0 Mina, avec qui il tient un magasin traditionnel de caftans dans la m\u00e9dina de Sal\u00e9, au Maroc. Le couple vit depuis toujours avec le secret d\u2019Halim, son homosexualit\u00e9 qu\u2019il a appris \u00e0 taire. La maladie de Mina et l\u2019arriv\u00e9e d\u2019un jeune apprenti vont bouleverser cet \u00e9quilibre. Unis dans leur amour, chacun va aider l\u2019autre \u00e0 affronter ses peurs.<\/em><\/strong><\/h5>\n<h5><strong><em>Tarifs\u00a0: plein 7 \u20ac &#8211; r\u00e9duit 6 \u20ac\u00a0 &#8211; 3 heures de parking gratuites (faire valider son ticket \u00e0 la caisse)<\/em><\/strong><\/h5>\n<hr \/>\n<h4><strong><span style=\"color: #000080;\">\u25ca Samedi 26 novembre &#8211; Cin\u00e9ma Jean Vilar &#8211; Arcueil <\/span><\/strong><\/h4>\n<p><span style=\"color: #333333;\"><span style=\"color: #ff0000;\"><strong>17h30 : <\/strong><\/span><\/span><span style=\"color: #ff0000;\"><strong>LE DERNIER REFUGE\u00a0 <\/strong><\/span> d<img data-recalc-dims=\"1\" loading=\"lazy\" decoding=\"async\" data-attachment-id=\"3345\" data-permalink=\"https:\/\/asurb.com\/asurb3\/?attachment_id=3345\" data-orig-file=\"https:\/\/i0.wp.com\/asurb.com\/asurb3\/wp-content\/uploads\/2022\/08\/Dernier-refuge.jpg?fit=310%2C420&amp;ssl=1\" data-orig-size=\"310,420\" data-comments-opened=\"1\" data-image-meta=\"{&quot;aperture&quot;:&quot;0&quot;,&quot;credit&quot;:&quot;&quot;,&quot;camera&quot;:&quot;&quot;,&quot;caption&quot;:&quot;&quot;,&quot;created_timestamp&quot;:&quot;0&quot;,&quot;copyright&quot;:&quot;&quot;,&quot;focal_length&quot;:&quot;0&quot;,&quot;iso&quot;:&quot;0&quot;,&quot;shutter_speed&quot;:&quot;0&quot;,&quot;title&quot;:&quot;&quot;,&quot;orientation&quot;:&quot;0&quot;}\" data-image-title=\"Dernier refuge\" data-image-description=\"\" data-image-caption=\"\" data-large-file=\"https:\/\/i0.wp.com\/asurb.com\/asurb3\/wp-content\/uploads\/2022\/08\/Dernier-refuge.jpg?fit=310%2C420&amp;ssl=1\" class=\" wp-image-3345 alignright\" src=\"https:\/\/i0.wp.com\/asurb.com\/asurb3\/wp-content\/uploads\/2022\/08\/Dernier-refuge.jpg?resize=116%2C157&#038;ssl=1\" alt=\"\" width=\"116\" height=\"157\" srcset=\"https:\/\/i0.wp.com\/asurb.com\/asurb3\/wp-content\/uploads\/2022\/08\/Dernier-refuge.jpg?resize=221%2C300&amp;ssl=1 221w, https:\/\/i0.wp.com\/asurb.com\/asurb3\/wp-content\/uploads\/2022\/08\/Dernier-refuge.jpg?resize=100%2C135&amp;ssl=1 100w, https:\/\/i0.wp.com\/asurb.com\/asurb3\/wp-content\/uploads\/2022\/08\/Dernier-refuge.jpg?w=310&amp;ssl=1 310w\" sizes=\"auto, (max-width: 116px) 100vw, 116px\" \/>e Ousmane Zorom\u00e9 SAMASSEKOU \u2013 Mali\/France\/Afrique duSud- &#8211; 2021 \u2013 85 min \u2013 documentaire \u2013 couleur -VOSTF<br \/>\nNombreuses r\u00e9compenses dans des festivals internationaux de films documentaires<\/p>\n<h5><strong><em>La Maison des Migrants \u00e0 Gao, au Mali, est un refuge situ\u00e9 \u00e0 la limite sud du d\u00e9sert du Sahara. Elle accueille les personnes en transit vers l\u2019Alg\u00e9rie au nord, ou sur le chemin du retour apr\u00e8s une tentative rat\u00e9e de rejoindre l\u2019Europe. Le carrefour de destins en sursis. L\u2019instantan\u00e9 poignant d\u2019une Afrique entre d\u00e9tresse et instinct de survie. \u00a0<\/em><\/strong><\/h5>\n<p><em><span dir=\"ltr\" style=\"color: #ff0000;\" role=\"presentation\"> Projection suivie d&rsquo;un d\u00e9bat anim\u00e9 par Michel Amarger, journaliste, critique de cin\u00e9ma, sp\u00e9cialiste des cin\u00e9mas <\/span><span dir=\"ltr\" role=\"presentation\"><span style=\"color: #ff0000;\">d\u2019Afrique, r\u00e9alisateur et enseignant cin\u00e9ma.<\/span><\/span><\/em><\/p>\n<hr \/>\n<p><span style=\"color: #ff0000;\"><strong>20h15 : <\/strong><strong>PLUMES<\/strong> <span style=\"color: #000000;\">d<\/span><\/span>\u2019Omar El Zohairy \u2013 Egypte \/France\/Pays-Bas\/Gr\u00e8ce \u2013 2021 \u2013 101 min &#8211; fiction \u2013 couleur \u2013 VO arabe STF<br \/>\n<span style=\"color: #ff0000;\"><span style=\"color: #000000;\">&#8211; Semaine de la critique Cannes 2021 : Grand Prix Nespresso, Prix FIPRESCI,<br \/>\n&#8211; Journ\u00e9es Cin\u00e9matographiques de Carthage : Tanit d\u2019or, Prix du Meilleur Sc\u00e9nario, Prix de la Meilleure Actrice,<br \/>\n<\/span><\/span><span style=\"color: #ff0000;\"><span style=\"color: #000000;\">&#8211; Festival du film de Turin 2021 : Prix Sp\u00e9cial du Jury.<\/span>\u00a0\u00a0\u00a0\u00a0\u00a0\u00a0\u00a0\u00a0\u00a0\u00a0\u00a0\u00a0\u00a0\u00a0\u00a0\u00a0\u00a0\u00a0\u00a0\u00a0\u00a0\u00a0\u00a0\u00a0\u00a0\u00a0\u00a0\u00a0\u00a0\u00a0\u00a0\u00a0\u00a0\u00a0\u00a0\u00a0\u00a0\u00a0\u00a0\u00a0\u00a0\u00a0\u00a0\u00a0\u00a0\u00a0\u00a0\u00a0\u00a0\u00a0\u00a0\u00a0\u00a0\u00a0\u00a0\u00a0\u00a0\u00a0\u00a0\u00a0\u00a0\u00a0\u00a0\u00a0\u00a0\u00a0\u00a0\u00a0\u00a0\u00a0\u00a0\u00a0\u00a0\u00a0<\/span><\/p>\n<h5><strong><span style=\"color: #ff0000;\"><span style=\"color: #000000;\"><em> Dans un quartier d\u00e9sh\u00e9rit\u00e9, une m\u00e8re passive se d\u00e9voue corps et \u00e2me \u00e0 son mari et ses enfants. Un simple tour de magie<img data-recalc-dims=\"1\" loading=\"lazy\" decoding=\"async\" data-attachment-id=\"3351\" data-permalink=\"https:\/\/asurb.com\/asurb3\/?attachment_id=3351\" data-orig-file=\"https:\/\/i0.wp.com\/asurb.com\/asurb3\/wp-content\/uploads\/2022\/08\/PLUMES.jpg?fit=336%2C486&amp;ssl=1\" data-orig-size=\"336,486\" data-comments-opened=\"1\" data-image-meta=\"{&quot;aperture&quot;:&quot;0&quot;,&quot;credit&quot;:&quot;&quot;,&quot;camera&quot;:&quot;&quot;,&quot;caption&quot;:&quot;&quot;,&quot;created_timestamp&quot;:&quot;0&quot;,&quot;copyright&quot;:&quot;&quot;,&quot;focal_length&quot;:&quot;0&quot;,&quot;iso&quot;:&quot;0&quot;,&quot;shutter_speed&quot;:&quot;0&quot;,&quot;title&quot;:&quot;&quot;,&quot;orientation&quot;:&quot;0&quot;}\" data-image-title=\"PLUMES\" data-image-description=\"\" data-image-caption=\"\" data-large-file=\"https:\/\/i0.wp.com\/asurb.com\/asurb3\/wp-content\/uploads\/2022\/08\/PLUMES.jpg?fit=336%2C486&amp;ssl=1\" class=\"wp-image-3351 alignright\" src=\"https:\/\/i0.wp.com\/asurb.com\/asurb3\/wp-content\/uploads\/2022\/08\/PLUMES.jpg?resize=115%2C167&#038;ssl=1\" alt=\"\" width=\"115\" height=\"167\" srcset=\"https:\/\/i0.wp.com\/asurb.com\/asurb3\/wp-content\/uploads\/2022\/08\/PLUMES.jpg?resize=207%2C300&amp;ssl=1 207w, https:\/\/i0.wp.com\/asurb.com\/asurb3\/wp-content\/uploads\/2022\/08\/PLUMES.jpg?resize=100%2C145&amp;ssl=1 100w, https:\/\/i0.wp.com\/asurb.com\/asurb3\/wp-content\/uploads\/2022\/08\/PLUMES.jpg?w=336&amp;ssl=1 336w\" sizes=\"auto, (max-width: 115px) 100vw, 115px\" \/> tourne mal pendant l\u2019anniversaire de son fils de quatre ans, et c\u2019est une avalanche de catastrophes absurdes et improbables qui s\u2019abat sur la famille. Le magicien transforme son mari, un p\u00e8re autoritaire, en poule et ne peut inverser la m\u00e9tamorphose. La m\u00e8re n\u2019a d\u2019autre choix que de sortir de sa r\u00e9serve et d\u2019assumer p\u00e9niblement le r\u00f4le de cheffe de famille. Entre situation burlesque et r\u00e9alisme noir, le film est\u00a0\u00ab\u00a0le plus d\u00e9routant, sid\u00e9rant et brillant de la Semaine de la Critique \u00ab\u00a0(Le Monde)<\/em> \u00a0<\/span><\/span><\/strong><\/h5>\n<p><span style=\"color: #ff0000;\"><em><span dir=\"ltr\" role=\"presentation\">Projection suivie d&rsquo;un d\u00e9bat anim\u00e9 par Michel Amarger, journaliste, critique de cin\u00e9ma, sp\u00e9cialiste des cin\u00e9mas <\/span><span dir=\"ltr\" role=\"presentation\">d\u2019Afrique, r\u00e9alisateur et enseignant cin\u00e9ma.<\/span><\/em><\/span><strong><span style=\"color: #ff0000;\"><br \/>\n<\/span><\/strong><\/p>\n<h5><strong><em><span dir=\"ltr\" role=\"presentation\">Tarifs : Plein 5,20 \u20ac &#8211; R\u00e9duit (\u00e9tudiants, retrait\u00e9s, ch\u00f4meurs) 4,75 \u20ac &#8211; Moins de 15 ans : 3,65 \u20ac<br \/>\n<\/span><\/em><em><span dir=\"ltr\" role=\"presentation\">Forfait pour les 2 s\u00e9ances : Plein 9,50 \u20ac &#8211; R\u00e9duit : 7,30 \u20ac<\/span><br role=\"presentation\" \/><span dir=\"ltr\" role=\"presentation\">Restauration possible entre les deux s\u00e9ances<\/span><\/em><\/strong><\/h5>\n<hr \/>\n<h4><span style=\"color: #000080;\"><strong>\u25ca Dimanche 27 novembre &#8211; Cin\u00e9ma Jean Vilar &#8211; Arcueil &#8211; 17h<br \/>\n<\/strong><\/span><\/h4>\n<p><strong><span style=\"color: #ff0000;\">HAUT ET FORT <\/span><\/strong><span style=\"color: #ff0000;\"><span style=\"color: #000000;\">d<\/span><\/span>e Nabil AYOUCH &#8211; Maroc &#8211; 2022- 101min- fiction- couleur \u2013 VO arabe STF \u00a0&#8211; N\u00b0 de visa : 149.491 \u2013 S\u00e9lection officielle au Festival de Cannes 2021<img data-recalc-dims=\"1\" loading=\"lazy\" decoding=\"async\" data-attachment-id=\"3353\" data-permalink=\"https:\/\/asurb.com\/asurb3\/?attachment_id=3353\" data-orig-file=\"https:\/\/i0.wp.com\/asurb.com\/asurb3\/wp-content\/uploads\/2022\/08\/Haut-et-Fort-1.jpg?fit=1200%2C1600&amp;ssl=1\" data-orig-size=\"1200,1600\" data-comments-opened=\"1\" data-image-meta=\"{&quot;aperture&quot;:&quot;0&quot;,&quot;credit&quot;:&quot;&quot;,&quot;camera&quot;:&quot;&quot;,&quot;caption&quot;:&quot;&quot;,&quot;created_timestamp&quot;:&quot;0&quot;,&quot;copyright&quot;:&quot;&quot;,&quot;focal_length&quot;:&quot;0&quot;,&quot;iso&quot;:&quot;0&quot;,&quot;shutter_speed&quot;:&quot;0&quot;,&quot;title&quot;:&quot;&quot;,&quot;orientation&quot;:&quot;0&quot;}\" data-image-title=\"Haut et Fort\" data-image-description=\"\" data-image-caption=\"\" data-large-file=\"https:\/\/i0.wp.com\/asurb.com\/asurb3\/wp-content\/uploads\/2022\/08\/Haut-et-Fort-1.jpg?fit=768%2C1024&amp;ssl=1\" class=\"wp-image-3353 alignright\" src=\"https:\/\/i0.wp.com\/asurb.com\/asurb3\/wp-content\/uploads\/2022\/08\/Haut-et-Fort-1.jpg?resize=118%2C157&#038;ssl=1\" alt=\"\" width=\"118\" height=\"157\" srcset=\"https:\/\/i0.wp.com\/asurb.com\/asurb3\/wp-content\/uploads\/2022\/08\/Haut-et-Fort-1.jpg?resize=225%2C300&amp;ssl=1 225w, https:\/\/i0.wp.com\/asurb.com\/asurb3\/wp-content\/uploads\/2022\/08\/Haut-et-Fort-1.jpg?resize=768%2C1024&amp;ssl=1 768w, https:\/\/i0.wp.com\/asurb.com\/asurb3\/wp-content\/uploads\/2022\/08\/Haut-et-Fort-1.jpg?resize=100%2C133&amp;ssl=1 100w, https:\/\/i0.wp.com\/asurb.com\/asurb3\/wp-content\/uploads\/2022\/08\/Haut-et-Fort-1.jpg?resize=600%2C800&amp;ssl=1 600w, https:\/\/i0.wp.com\/asurb.com\/asurb3\/wp-content\/uploads\/2022\/08\/Haut-et-Fort-1.jpg?resize=1152%2C1536&amp;ssl=1 1152w, https:\/\/i0.wp.com\/asurb.com\/asurb3\/wp-content\/uploads\/2022\/08\/Haut-et-Fort-1.jpg?w=1200&amp;ssl=1 1200w\" sizes=\"auto, (max-width: 118px) 100vw, 118px\" \/><\/p>\n<h5 style=\"text-align: left;\"><span style=\"color: #333333;\"><em>Anas<strong>, ancien rappe<span style=\"color: #000000;\">ur, est engag\u00e9 dans un ce<\/span>ntre culturel<\/strong> d\u2019un quartier populaire de Casablanca. Encourag\u00e9s par leur nouveau professeur, les jeunes vont tenter de se lib\u00e9rer du poids de certaines traditions pour vivre leur passion et s\u2019exprimer \u00e0 travers la culture hip hop &#8230;<\/em> <\/span><\/h5>\n<p style=\"text-align: left;\"><span style=\"color: #333333;\"><span style=\"color: #ff0000;\"><em><span dir=\"ltr\" role=\"presentation\">Projection suivie d&rsquo;un d\u00e9bat anim\u00e9 par Mouloud Mimoun, journaliste sp\u00e9cialiste du cin\u00e9ma, organisateur du <\/span><\/em><em><span dir=\"ltr\" role=\"presentation\">Maghreb des films.<\/span><\/em><\/span><br \/>\n<\/span><\/p>\n<h5><em><strong><span dir=\"ltr\" role=\"presentation\">Tarifs : Plein 5,20 \u20ac &#8211; R\u00e9duit (\u00e9tudiants, retrait\u00e9s, ch\u00f4meurs) 4,75 \u20ac<\/span><\/strong><\/em><br role=\"presentation\" \/><em><strong><span dir=\"ltr\" role=\"presentation\">Moins de 15 ans : 3,65 \u20ac<\/span> <\/strong><\/em><\/h5>\n<hr \/>\n<h4><strong><span style=\"color: #000080;\">\u25ca Mardi 29\u00a0 novembre &#8211; Cin\u00e9ma La Tournelle &#8211; L\u2019Ha\u00ff-les-Roses &#8211; 20h00<\/span><\/strong><\/h4>\n<p><strong><span style=\"color: #ff0000;\">EN ROUTE POUR LE MILLIARD<\/span><\/strong> &#8211; de Dieudo HAMADI -RDC\/France\/Belgique -2020 \u2013 90 min \u2013 documentaire \u2013 couleur \u2013 VO lingala\/swahili STF -N\u00b0 de Visa :152.869<\/p>\n<p><img data-recalc-dims=\"1\" loading=\"lazy\" decoding=\"async\" data-attachment-id=\"3354\" data-permalink=\"https:\/\/asurb.com\/asurb3\/?attachment_id=3354\" data-orig-file=\"https:\/\/i0.wp.com\/asurb.com\/asurb3\/wp-content\/uploads\/2022\/08\/En-route.jpg?fit=600%2C800&amp;ssl=1\" data-orig-size=\"600,800\" data-comments-opened=\"1\" data-image-meta=\"{&quot;aperture&quot;:&quot;0&quot;,&quot;credit&quot;:&quot;Non affect\\u00e9&quot;,&quot;camera&quot;:&quot;&quot;,&quot;caption&quot;:&quot;En route pour le milliard, affiche&quot;,&quot;created_timestamp&quot;:&quot;0&quot;,&quot;copyright&quot;:&quot;DR&quot;,&quot;focal_length&quot;:&quot;0&quot;,&quot;iso&quot;:&quot;0&quot;,&quot;shutter_speed&quot;:&quot;0&quot;,&quot;title&quot;:&quot;En route pour le milliard&quot;,&quot;orientation&quot;:&quot;0&quot;}\" data-image-title=\"En route pour le milliard\" data-image-description=\"\" data-image-caption=\"&lt;p&gt;En route pour le milliard, affiche&lt;\/p&gt;\n\" data-large-file=\"https:\/\/i0.wp.com\/asurb.com\/asurb3\/wp-content\/uploads\/2022\/08\/En-route.jpg?fit=600%2C800&amp;ssl=1\" class=\"wp-image-3354 alignright\" src=\"https:\/\/i0.wp.com\/asurb.com\/asurb3\/wp-content\/uploads\/2022\/08\/En-route.jpg?resize=115%2C153&#038;ssl=1\" alt=\"\" width=\"115\" height=\"153\" srcset=\"https:\/\/i0.wp.com\/asurb.com\/asurb3\/wp-content\/uploads\/2022\/08\/En-route.jpg?resize=225%2C300&amp;ssl=1 225w, https:\/\/i0.wp.com\/asurb.com\/asurb3\/wp-content\/uploads\/2022\/08\/En-route.jpg?resize=100%2C133&amp;ssl=1 100w, https:\/\/i0.wp.com\/asurb.com\/asurb3\/wp-content\/uploads\/2022\/08\/En-route.jpg?w=600&amp;ssl=1 600w\" sizes=\"auto, (max-width: 115px) 100vw, 115px\" \/><\/p>\n<p>S\u00e9lection officielle \u00e0 Cannes 2020 &#8211; Grand Prix documentaire au Festival international du Film d\u2019Amiens- Colombe d\u2019or et Prix du jury \u0153cum\u00e9nique au DOK Leipzig &#8211; Mention sp\u00e9ciale au TIFF Toronto<\/p>\n<p><span style=\"color: #ff0000;\"><em><span dir=\"ltr\" role=\"presentation\">Projection suivie d&rsquo;un d\u00e9bat anim\u00e9 par Thierno Ibrahima Dia, critique de cin\u00e9ma, enseignant \u00e0 l\u2019Universit\u00e9 <\/span><span dir=\"ltr\" role=\"presentation\">Bordeaux-Montaigne, r\u00e9dacteur en chef de la revue Africin\u00e9.<\/span><\/em><\/span><\/p>\n<h5><strong><em>1734 km sur le fleuve Congo, une incroyable \u00e9pop\u00e9e pour r\u00e9clamer justice. Sola, Modogo, Mama Kashinde, Papa Sylvain, Bozi, Pr\u00e9sident Lemalema\u2026 font partie de l\u2019Association des victimes de la Guerre des Six Jours de Kisangani. Depuis 20 ans, ils se battent pour la m\u00e9moire de ce conflit et demandent r\u00e9paration pour les pr\u00e9judices subis. Exc\u00e9d\u00e9s par l&rsquo;indiff\u00e9rence des institutions \u00e0 leur \u00e9gard, ils d\u00e9cident de se rendre \u00e0 Kinshasa pour faire entendre leurs voix.<\/em><\/strong><\/h5>\n<h5><strong><em>Tarif\u00a0: 4,20 \u20ac \u2013 tarif abonn\u00e9s : 4,00 \u20ac<\/em><\/strong><\/h5>\n<hr \/>\n<h4><span style=\"color: #000080;\"><strong>\u25ca Mercredi 30 novembre &#8211; Maison Pour Tous G\u00e9rard Philipe &#8211; Villejuif &#8211; 14h30<br \/>\n<\/strong><\/span><\/h4>\n<p><strong><span style=\"color: #ff0000;\">MARCHER SUR L\u2019EAU\u00a0 <\/span><\/strong><span style=\"color: #000000;\">d<\/span>\u2019A\u00efssa MAIGA \u2013 France\/Niger \u2013 2021 -89 min \u2013 documentaire \u2013 couleur &#8211; VO fran\u00e7ais &#8211; VISA N\u00b0150 709<img data-recalc-dims=\"1\" loading=\"lazy\" decoding=\"async\" data-attachment-id=\"3356\" data-permalink=\"https:\/\/asurb.com\/asurb3\/?attachment_id=3356\" data-orig-file=\"https:\/\/i0.wp.com\/asurb.com\/asurb3\/wp-content\/uploads\/2022\/08\/Marcher-sur-leau.jpg?fit=481%2C705&amp;ssl=1\" data-orig-size=\"481,705\" data-comments-opened=\"1\" data-image-meta=\"{&quot;aperture&quot;:&quot;0&quot;,&quot;credit&quot;:&quot;&quot;,&quot;camera&quot;:&quot;&quot;,&quot;caption&quot;:&quot;&quot;,&quot;created_timestamp&quot;:&quot;0&quot;,&quot;copyright&quot;:&quot;&quot;,&quot;focal_length&quot;:&quot;0&quot;,&quot;iso&quot;:&quot;0&quot;,&quot;shutter_speed&quot;:&quot;0&quot;,&quot;title&quot;:&quot;&quot;,&quot;orientation&quot;:&quot;0&quot;}\" data-image-title=\"Marcher-sur-leau\" data-image-description=\"\" data-image-caption=\"\" data-large-file=\"https:\/\/i0.wp.com\/asurb.com\/asurb3\/wp-content\/uploads\/2022\/08\/Marcher-sur-leau.jpg?fit=481%2C705&amp;ssl=1\" class=\"wp-image-3356 alignright\" src=\"https:\/\/i0.wp.com\/asurb.com\/asurb3\/wp-content\/uploads\/2022\/08\/Marcher-sur-leau.jpg?resize=116%2C170&#038;ssl=1\" alt=\"\" width=\"116\" height=\"170\" srcset=\"https:\/\/i0.wp.com\/asurb.com\/asurb3\/wp-content\/uploads\/2022\/08\/Marcher-sur-leau.jpg?resize=205%2C300&amp;ssl=1 205w, https:\/\/i0.wp.com\/asurb.com\/asurb3\/wp-content\/uploads\/2022\/08\/Marcher-sur-leau.jpg?resize=100%2C147&amp;ssl=1 100w, https:\/\/i0.wp.com\/asurb.com\/asurb3\/wp-content\/uploads\/2022\/08\/Marcher-sur-leau.jpg?w=481&amp;ssl=1 481w\" sizes=\"auto, (max-width: 116px) 100vw, 116px\" \/><br \/>\nS\u00e9lection officielle au festival de Cannes 2021 \u2013 Etalon d\u2019argent du film documentaire au FESPACO 2021<\/p>\n<p><em><span style=\"color: #ff0000;\"><span dir=\"ltr\" role=\"presentation\">Projection suivie d&rsquo;un d\u00e9bat anim\u00e9 par Catherine Ruelle, grand reporter, critique de cin\u00e9ma, sp\u00e9cialiste des <\/span><span dir=\"ltr\" role=\"presentation\">cin\u00e9mas d\u2019Afrique.<\/span><\/span><\/em><\/p>\n<h5><strong><em>Au nord du Niger, le village de Tatiste, victime du r\u00e9chauffement climatique, se bat pour avoir acc\u00e8s \u00e0 l\u2019eau. Chaque jour, Houlaye quatorze ans, comme d\u2019autres jeunes, marche des kilom\u00e8tres pour aller puiser l&rsquo;eau, essentielle \u00e0 la vie du village. Cette t\u00e2che quotidienne les emp\u00eache, entre autres, d&rsquo;\u00eatre assidus \u00e0 l&rsquo;\u00e9cole. L&rsquo;absence d&rsquo;eau pousse \u00e9galement les adultes \u00e0 quitter leur famille chaque ann\u00e9e pour aller chercher au-del\u00e0 des fronti\u00e8res les ressources n\u00e9cessaires \u00e0 leur survie. Pourtant, cette r\u00e9gion recouvre dans son sous-sol un lac aquif\u00e8re de plusieurs milliers de kilom\u00e8tres carr\u00e9s. Or, il suffirait d&rsquo;un forage pour apporter l\u2019eau tant convoit\u00e9e au centre du village et offrir \u00e0 tous une vie meilleure<\/em>.<\/strong><\/h5>\n<h5><em>\u00a0<\/em><strong><em>Entr\u00e9e libre dans la limite des places disponibles<\/em>.<\/strong><\/h5>\n<hr \/>\n<h4><strong><span style=\"color: #000080;\">\u25ca Jeudi 1er d\u00e9cembre &#8211; cin\u00e9ma La Tournelle &#8211;\u00a0 L\u2019Ha\u00ff-les-Roses &#8211; 20h00<\/span><\/strong><\/h4>\n<p><span style=\"color: #ff0000;\"><strong>LINGUI, LES LIENS SACRES <\/strong><span style=\"color: #000000;\">d<\/span><\/span><span style=\"color: #000000;\">e<\/span> Mahamat &#8211; SALEH HAROUN \u2013 Tchad \u2013 2021 -88 min \u2013 fiction \u2013 couleur \u2013 VO fran\u00e7ais et arabe tchadien STF <img data-recalc-dims=\"1\" loading=\"lazy\" decoding=\"async\" data-attachment-id=\"3358\" data-permalink=\"https:\/\/asurb.com\/asurb3\/?attachment_id=3358\" data-orig-file=\"https:\/\/i0.wp.com\/asurb.com\/asurb3\/wp-content\/uploads\/2022\/08\/Lingui.jpg?fit=1200%2C1600&amp;ssl=1\" data-orig-size=\"1200,1600\" data-comments-opened=\"1\" data-image-meta=\"{&quot;aperture&quot;:&quot;0&quot;,&quot;credit&quot;:&quot;&quot;,&quot;camera&quot;:&quot;&quot;,&quot;caption&quot;:&quot;&quot;,&quot;created_timestamp&quot;:&quot;0&quot;,&quot;copyright&quot;:&quot;&quot;,&quot;focal_length&quot;:&quot;0&quot;,&quot;iso&quot;:&quot;0&quot;,&quot;shutter_speed&quot;:&quot;0&quot;,&quot;title&quot;:&quot;&quot;,&quot;orientation&quot;:&quot;0&quot;}\" data-image-title=\"Lingui\" data-image-description=\"\" data-image-caption=\"\" data-large-file=\"https:\/\/i0.wp.com\/asurb.com\/asurb3\/wp-content\/uploads\/2022\/08\/Lingui.jpg?fit=768%2C1024&amp;ssl=1\" class=\"wp-image-3358 alignright\" src=\"https:\/\/i0.wp.com\/asurb.com\/asurb3\/wp-content\/uploads\/2022\/08\/Lingui.jpg?resize=114%2C152&#038;ssl=1\" alt=\"\" width=\"114\" height=\"152\" srcset=\"https:\/\/i0.wp.com\/asurb.com\/asurb3\/wp-content\/uploads\/2022\/08\/Lingui.jpg?resize=225%2C300&amp;ssl=1 225w, https:\/\/i0.wp.com\/asurb.com\/asurb3\/wp-content\/uploads\/2022\/08\/Lingui.jpg?resize=768%2C1024&amp;ssl=1 768w, https:\/\/i0.wp.com\/asurb.com\/asurb3\/wp-content\/uploads\/2022\/08\/Lingui.jpg?resize=100%2C133&amp;ssl=1 100w, https:\/\/i0.wp.com\/asurb.com\/asurb3\/wp-content\/uploads\/2022\/08\/Lingui.jpg?resize=600%2C800&amp;ssl=1 600w, https:\/\/i0.wp.com\/asurb.com\/asurb3\/wp-content\/uploads\/2022\/08\/Lingui.jpg?resize=1152%2C1536&amp;ssl=1 1152w, https:\/\/i0.wp.com\/asurb.com\/asurb3\/wp-content\/uploads\/2022\/08\/Lingui.jpg?w=1200&amp;ssl=1 1200w\" sizes=\"auto, (max-width: 114px) 100vw, 114px\" \/><br \/>\nEn comp\u00e9tition officielle \u00e0 Cannes (2021) pour la Palme d\u2019or<\/p>\n<h5><strong><em>Dans les faubourgs de N\u2019djamena au Tchad, Amina vit seule avec Maria, sa fille unique de quinze ans. Son monde d\u00e9j\u00e0 fragile s\u2019\u00e9croule le jour o\u00f9 elle d\u00e9couvre que celle-ci est enceinte. Cette grossesse, l\u2019adolescente n\u2019en veut pas. Dans un pays o\u00f9 l&rsquo;avortement est non seulement condamn\u00e9 par la religion, mais aussi par la loi, Amina se retrouve face \u00e0 un combat qui semble perdu d\u2019avance malgr\u00e9 son d\u00e9sir d\u2019\u00e9pargner \u00e0 sa fille le m\u00eame destin que le sien.<\/em><\/strong><\/h5>\n<p><span style=\"color: #ff0000;\"><em><span dir=\"ltr\" role=\"presentation\">Projection suivie d&rsquo;un d\u00e9bat anim\u00e9 par David-Pierre Fila, cin\u00e9aste et photographe, sp\u00e9cialiste des cultures<\/span><\/em><\/span><br role=\"presentation\" \/><span style=\"color: #ff0000;\"><em><span dir=\"ltr\" role=\"presentation\">d\u2019Afrique<\/span>.<\/em><\/span><\/p>\n<h5><strong><em>Tarif\u00a0: 4,20 \u20ac \u2013 tarif abonn\u00e9s : 4,00 \u20ac<\/em><\/strong><\/h5>\n<hr \/>\n<h4><span style=\"color: #000080;\"><strong>\u25ca Vendredi 2 d\u00e9cembre &#8211; cin\u00e9ma La Pl\u00e9iade &#8211; Cachan &#8211; 20h30<br \/>\n<\/strong><\/span><\/h4>\n<p><strong><span style=\"color: #ff0000;\">LA NUIT DES ROIS<br \/>\n<\/span><\/strong><\/p>\n<p>De Philippe Lac\u00f4te \u2013 France\/ C\u00f4te d\u2019Ivoire\/ Canada\/ S\u00e9n\u00e9gal -2021 &#8211; 93 min \u2013 fiction \u2013 couleur -VO <img data-recalc-dims=\"1\" loading=\"lazy\" decoding=\"async\" data-attachment-id=\"3431\" data-permalink=\"https:\/\/asurb.com\/asurb3\/?attachment_id=3431\" data-orig-file=\"https:\/\/i0.wp.com\/asurb.com\/asurb3\/wp-content\/uploads\/2022\/08\/Nuit-des-rois.jpg?fit=310%2C420&amp;ssl=1\" data-orig-size=\"310,420\" data-comments-opened=\"1\" data-image-meta=\"{&quot;aperture&quot;:&quot;0&quot;,&quot;credit&quot;:&quot;&quot;,&quot;camera&quot;:&quot;&quot;,&quot;caption&quot;:&quot;&quot;,&quot;created_timestamp&quot;:&quot;0&quot;,&quot;copyright&quot;:&quot;&quot;,&quot;focal_length&quot;:&quot;0&quot;,&quot;iso&quot;:&quot;0&quot;,&quot;shutter_speed&quot;:&quot;0&quot;,&quot;title&quot;:&quot;&quot;,&quot;orientation&quot;:&quot;0&quot;}\" data-image-title=\"Nuit des rois\" data-image-description=\"\" data-image-caption=\"\" data-large-file=\"https:\/\/i0.wp.com\/asurb.com\/asurb3\/wp-content\/uploads\/2022\/08\/Nuit-des-rois.jpg?fit=310%2C420&amp;ssl=1\" class=\" wp-image-3431 alignright\" src=\"https:\/\/i0.wp.com\/asurb.com\/asurb3\/wp-content\/uploads\/2022\/08\/Nuit-des-rois.jpg?resize=115%2C156&#038;ssl=1\" alt=\"\" width=\"115\" height=\"156\" srcset=\"https:\/\/i0.wp.com\/asurb.com\/asurb3\/wp-content\/uploads\/2022\/08\/Nuit-des-rois.jpg?resize=221%2C300&amp;ssl=1 221w, https:\/\/i0.wp.com\/asurb.com\/asurb3\/wp-content\/uploads\/2022\/08\/Nuit-des-rois.jpg?resize=100%2C135&amp;ssl=1 100w, https:\/\/i0.wp.com\/asurb.com\/asurb3\/wp-content\/uploads\/2022\/08\/Nuit-des-rois.jpg?w=310&amp;ssl=1 310w\" sizes=\"auto, (max-width: 115px) 100vw, 115px\" \/>fran\u00e7ais, dioula, nouchi STF &#8211; N\u00b0 de Visa 146005<\/p>\n<p>S\u00e9lectionn\u00e9 \u00e0 la Mostra de Venise en 2020 et aux Oscars en 2021 pour repr\u00e9senter la C\u00f4te d\u2019Ivoire.<br \/>\nPrix du meilleur d\u00e9cor au FESPACO.<\/p>\n<h5><strong><em>A l\u2019approche d\u2019une nuit de pleine lune, rousse et myst\u00e9rieuse, dans la MACA d&rsquo;Abidjan, l&rsquo;une des prisons les plus surpeupl\u00e9es d&rsquo;Afrique de l&rsquo;Ouest. Vieillissant et malade, Barbe Noire est un ca\u00efd de plus en plus contest\u00e9. Pour conserver son pouvoir, il renoue avec un rituel qui consiste \u00e0 obliger un prisonnier \u00e0 raconter des histoires durant toute une nuit. Son choix se porte sur Roman, un jeune qui vient d\u2019arriver, apeur\u00e9, ne sachant pas trop ce qui l\u2019attend.<\/em><\/strong><\/h5>\n<p><span style=\"color: #ff0000;\"><em><span dir=\"ltr\" role=\"presentation\">Projection suivie d&rsquo;un d\u00e9bat anim\u00e9 par Daniela Ricci, docteur en \u00e9tudes cin\u00e9matographiques \u00e0 l\u2019Universit\u00e9 <\/span><\/em><em><span dir=\"ltr\" role=\"presentation\">Paris X Nanterre, r\u00e9alisatrice et sp\u00e9cialiste des cin\u00e9mas d\u2019Afrique.<\/span><\/em><\/span><\/p>\n<h5><strong><em><span dir=\"ltr\" role=\"presentation\">Tarifs : Plein 6,50 \u20ac &#8211; R\u00e9duit (+ 60 ans ; personnes \u00e0 mobilit\u00e9 r\u00e9duite et accompagnateurs ;<\/span><br role=\"presentation\" \/><span dir=\"ltr\" role=\"presentation\">demandeurs d\u2019emploi ; familles nombreuses ; jeunes de 14 \u00e0 18 ans et \u00e9tudiants &#8211; 27 ans) : 5 \u20ac<\/span><br role=\"presentation\" \/><span dir=\"ltr\" role=\"presentation\">Moins de 14 ans : 4 \u20ac &#8211; Cartes d\u2019abonnement accept\u00e9es.<\/span><\/em><\/strong><\/h5>\n<hr \/>\n<h4><strong><span style=\"color: #000080;\">\u25ca <\/span><span style=\"color: #000080;\">Samedi 3 d\u00e9cembre\u00a0 &#8211; cin\u00e9ma La Pl\u00e9iade\u00a0 Cachan<\/span><\/strong><\/h4>\n<h4><span style=\"color: #000080;\"><strong>Deux s\u00e9ances consacr\u00e9es aux courts m\u00e9trages en comp\u00e9tition pour le Prix du public<\/strong><\/span><\/h4>\n<p><em><span style=\"color: #ff0000;\">Soir\u00e9e\u00a0 pr\u00e9sent\u00e9e et anim\u00e9e par Michel Amarger\u00a0<\/span> <span style=\"color: #ff0000;\">(r\u00e9alisateur,\u00a0 journaliste sp\u00e9cialiste des cin\u00e9mas d&rsquo;Afrique)<\/span><\/em><\/p>\n<h4><span style=\"color: #000080;\"><strong>18h \u2013 <\/strong><strong>Premi\u00e8re s\u00e9ance :<\/strong><\/span><\/h4>\n<h5><span style=\"color: #ff0000;\">&#8211;<\/span><span style=\"color: #ff0000;\"> MICROBUS<\/span><span style=\"color: #ff0000;\"><span style=\"color: #000000;\"> &#8211; de Maggie Kamal &#8211; <\/span><\/span>\u00c9gypte &#8211; 2021 &#8211; 9&prime; &#8211; Fiction<strong><br \/>\n<span style=\"color: #000000;\"><em>Un jour ordinaire au Caire, Nour 18 ans re\u00e7oit un appel de son fr\u00e8re qui la pr\u00e9vient qu&rsquo;il ne pourra pas venir la chercher. Pour ne pas arriver en retard au travail Nour prend un microbus sans se douter que ce voyage va la changer \u00e0 jamais.<\/em><\/span><\/strong><\/h5>\n<h5><span style=\"color: #ff0000;\">&#8211; BREAKING GROUND <span style=\"color: #000000;\">&#8211; de In\u00e9s Girihirwe\u00a0 &#8211; Rwanda &#8211; 2020 &#8211; 13&prime; &#8211;<\/span><\/span>Fiction<strong><br \/>\n<\/strong><strong><em>A la suite d&rsquo;un nouvel incident avec son mari une femme maltrait\u00e9e se rend dans la maison de ses voisines et d\u00e9cide de changer le cours de sa vie.<\/em><\/strong><\/h5>\n<h5><span style=\"color: #ff0000;\">&#8211; EGUNGUN (Mascarades) <\/span>&#8211; de Olive Nwosu\u00a0 &#8211; Nig\u00e9ria &#8211; 2021\u00a0 -14&prime; &#8211; Fiction<strong><br \/>\n<em>Le jour du rituel Egungun, Salewa rentre \u00e0 Lagos pour enterrer sa m\u00e8re. Durant la c\u00e9r\u00e9monie elle rencontre une connaissance qui l\u2019oblige \u00e0 faire face \u00e0 de vieilles blessures.<\/em><\/strong><\/h5>\n<h5><span style=\"color: #ff0000;\">&#8211; ASTEL <span style=\"color: #000000;\">de Ramata Toulaye Sy &#8211; S\u00e9n\u00e9gal &#8211; 2021 &#8211; 24&prime; &#8211; Fiction<\/span><strong><span style=\"color: #000000;\"><br \/>\n<\/span><\/strong><\/span><strong><em>Nous sommes en octobre, c&rsquo;est la fin de la saison des pluies au Fouta, une r\u00e9gion isol\u00e9e au nord du S\u00e9n\u00e9gal. Tous les jours Astel, 13 ans, accompagne son p\u00e8re dans la brousse pour s&rsquo;occuper de leur troupeau de vaches. Un jour, la rencontre avec un berger vient bouleverser le quotidien paisible entre Astel et son p\u00e8re.<\/em><\/strong><\/h5>\n<h4><span style=\"color: #000080;\"><strong>20h30 \u2013 <\/strong><strong>Deuxi\u00e8me s\u00e9ance :<br \/>\n<\/strong><\/span><\/h4>\n<h5><span style=\"color: #ff0000;\">&#8211; J&rsquo;MAR <\/span>de Samy Sidali &#8211; Maroc &#8211; 2020\u00a0 &#8211; 20&prime; &#8211; Fiction<strong><br \/>\n<\/strong><strong><em>\u00ab\u00a0Jmar alchahwa\u00a0\u00bb signifie bout de charbon rouge. Cette m\u00e9taphore est utilis\u00e9e pour d\u00e9crire un sentiment qui procure du plaisir mais peut blesser si on s&rsquo;approche de trop pr\u00e8s. Sur la plage de Mohammedia, au Maroc, Khaleb prom\u00e8ne des touristes \u00e0 cheval. il fantasme une sexualit\u00e9 qui lui est \u00e9trang\u00e8re. Ce jour-l\u00e0 il fait une rencontre.<\/em><\/strong><\/h5>\n<h5><span style=\"color: #ff0000;\">&#8211; I AM AFRAID TO FORGET YOUR FACE (j&rsquo;ai peur d&rsquo;oublier ton visage) <span style=\"color: #000000;\">de Sameh Alaa &#8211; Egypte -15\u2019 &#8211; Fiction<strong><br \/>\n<\/strong><\/span><\/span><strong><em>\u00c9loign\u00e9 de celle qu\u2019il aime depuis quatre-vingt-deux jours, Adam est pr\u00eat \u00e0 tout pour <\/em><em>rendre un dernier hommage \u00e0 la femme qu\u2019il aime et qui vient de mourir. Il est pr\u00eat \u00e0 tout pour p\u00e9n\u00e9trer dans la chambre mortuaire et poser un baiser sur le front de sa bien-aim\u00e9e.\u00a0\u00a0\u00a0\u00a0\u00a0\u00a0\u00a0\u00a0<\/em> <\/strong><\/h5>\n<h5><span style=\"color: #ff0000;\">&#8211; ANGLE MORT <span style=\"color: #000000;\">de Lotfi Achour &#8211; Tunisie &#8211; 2021 &#8211; 13&prime; &#8211; doc anim\u00e9<\/span><strong><span style=\"color: #000000;\"><br \/>\n<\/span><\/strong><\/span><strong><em>Sous la dictature de Ben Ali , un homme est enlev\u00e9, tortur\u00e9, tu\u00e9 et dispara\u00eet sans jamais avoir \u00e9t\u00e9 retrouv\u00e9. Il revient nous parler trente plus tard en faisant sienne la question de sa propre m\u00e8re : \u00ab\u00a0O\u00f9 avez-vous d\u00e9pos\u00e9 le corps de mon fils ?\u00a0\u00bb<\/em><\/strong><\/h5>\n<h5><span style=\"color: #ff0000;\">&#8211; TANG JER<\/span> de Selly Raby Kane &#8211; S\u00e9n\u00e9gal &#8211; 2020\u00a0 &#8211; 14&prime; &#8211; fiction exp\u00e9rimentale<strong><br \/>\n<\/strong><em><strong>Un tenancier de Tangana pas comme les autres observe, dans son myst\u00e9rieux restaurant, le ballet incessant des \u00eatres qui peuplent la ville de Dakar. Entre brochettes fumantes et nunkurunku, soupe et lait concentr\u00e9, Onfaya \u00e9coute les esseul\u00e9s, apaise les agit\u00e9s, panse les plaies et accueille la vie de tous les jours telle qu&rsquo;elle se pr\u00e9sente quoi qu&rsquo;il lui en co\u00fbte<\/strong>.<\/em><\/h5>\n<h5><strong><em>Tarifs : 6,5 \u20ac (Tarif Plein) pay\u00e9 une seule fois pour acc\u00e9der aux deux s\u00e9ances &#8211; M\u00eame tarif si pr\u00e9sence \u00e0 une seule s\u00e9ance<br \/>\n5\u20ac (Tarif R\u00e9duit : +60 ans ; Personnes \u00e0 mobilit\u00e9 r\u00e9duite et accompagnateurs ; Demandeurs d\u2019emploi, familles nombreuses ; de 14 \u00e0 18 ans ; \u00e9tudiants -27 ans) \/ 4 \u20ac (Tarif R\u00e9duit : pour \u2013 14 ans)<\/em><\/strong><\/h5>\n<hr \/>\n<h4><strong><span style=\"color: #000080;\">\u25ca\u00a0 Dimanche 5 d\u00e9cembre &#8211; <\/span><span style=\"color: #000080;\">cin\u00e9ma La Pl\u00e9iade Cachan &#8211; 16h30\u00a0 :<\/span><\/strong><\/h4>\n<h4 style=\"text-align: center;\"><span style=\"color: #000080;\"><strong>\u00a0<\/strong><strong>Proclamation des r\u00e9sultats du<\/strong> Prix du public <strong>pour les courts m\u00e9trages<br \/>\n<\/strong><\/span><span style=\"color: #000080;\"><strong>et du <\/strong>Prix du jury<strong> pour les longs m\u00e9trages<br \/>\n<\/strong><\/span><\/h4>\n<h4 style=\"text-align: center;\"><span style=\"color: #000080;\">\u00a0Remise des prix<\/span><\/h4>\n<h4 style=\"text-align: center;\"><span style=\"color: #000080;\"><strong><a href=\"https:\/\/i0.wp.com\/asurb.com\/asurb3\/wp-content\/uploads\/2021\/08\/Lauriers-CM-2021.jpg\"><img data-recalc-dims=\"1\" loading=\"lazy\" decoding=\"async\" data-attachment-id=\"3392\" data-permalink=\"https:\/\/asurb.com\/asurb3\/?attachment_id=3392\" data-orig-file=\"https:\/\/i0.wp.com\/asurb.com\/asurb3\/wp-content\/uploads\/2022\/08\/Lauriers-jury-2022-1.jpg?fit=900%2C646&amp;ssl=1\" data-orig-size=\"900,646\" data-comments-opened=\"1\" data-image-meta=\"{&quot;aperture&quot;:&quot;0&quot;,&quot;credit&quot;:&quot;&quot;,&quot;camera&quot;:&quot;&quot;,&quot;caption&quot;:&quot;&quot;,&quot;created_timestamp&quot;:&quot;0&quot;,&quot;copyright&quot;:&quot;&quot;,&quot;focal_length&quot;:&quot;0&quot;,&quot;iso&quot;:&quot;0&quot;,&quot;shutter_speed&quot;:&quot;0&quot;,&quot;title&quot;:&quot;&quot;,&quot;orientation&quot;:&quot;1&quot;}\" data-image-title=\"Lauriers jury 2022\" data-image-description=\"\" data-image-caption=\"\" data-large-file=\"https:\/\/i0.wp.com\/asurb.com\/asurb3\/wp-content\/uploads\/2022\/08\/Lauriers-jury-2022-1.jpg?fit=900%2C646&amp;ssl=1\" class=\"alignnone  wp-image-3392\" src=\"https:\/\/i0.wp.com\/asurb.com\/asurb3\/wp-content\/uploads\/2022\/08\/Lauriers-jury-2022-1.jpg?resize=190%2C136&#038;ssl=1\" alt=\"\" width=\"190\" height=\"136\" srcset=\"https:\/\/i0.wp.com\/asurb.com\/asurb3\/wp-content\/uploads\/2022\/08\/Lauriers-jury-2022-1.jpg?resize=300%2C215&amp;ssl=1 300w, https:\/\/i0.wp.com\/asurb.com\/asurb3\/wp-content\/uploads\/2022\/08\/Lauriers-jury-2022-1.jpg?resize=100%2C72&amp;ssl=1 100w, https:\/\/i0.wp.com\/asurb.com\/asurb3\/wp-content\/uploads\/2022\/08\/Lauriers-jury-2022-1.jpg?resize=600%2C431&amp;ssl=1 600w, https:\/\/i0.wp.com\/asurb.com\/asurb3\/wp-content\/uploads\/2022\/08\/Lauriers-jury-2022-1.jpg?w=900&amp;ssl=1 900w\" sizes=\"auto, (max-width: 190px) 100vw, 190px\" \/><img data-recalc-dims=\"1\" loading=\"lazy\" decoding=\"async\" data-attachment-id=\"3393\" data-permalink=\"https:\/\/asurb.com\/asurb3\/?attachment_id=3393\" data-orig-file=\"https:\/\/i0.wp.com\/asurb.com\/asurb3\/wp-content\/uploads\/2022\/08\/Lauriers-public-2022-1.jpg?fit=900%2C646&amp;ssl=1\" data-orig-size=\"900,646\" data-comments-opened=\"1\" data-image-meta=\"{&quot;aperture&quot;:&quot;0&quot;,&quot;credit&quot;:&quot;&quot;,&quot;camera&quot;:&quot;&quot;,&quot;caption&quot;:&quot;&quot;,&quot;created_timestamp&quot;:&quot;0&quot;,&quot;copyright&quot;:&quot;&quot;,&quot;focal_length&quot;:&quot;0&quot;,&quot;iso&quot;:&quot;0&quot;,&quot;shutter_speed&quot;:&quot;0&quot;,&quot;title&quot;:&quot;&quot;,&quot;orientation&quot;:&quot;1&quot;}\" data-image-title=\"Lauriers public 2022\" data-image-description=\"\" data-image-caption=\"\" data-large-file=\"https:\/\/i0.wp.com\/asurb.com\/asurb3\/wp-content\/uploads\/2022\/08\/Lauriers-public-2022-1.jpg?fit=900%2C646&amp;ssl=1\" class=\"alignnone  wp-image-3393\" src=\"https:\/\/i0.wp.com\/asurb.com\/asurb3\/wp-content\/uploads\/2022\/08\/Lauriers-public-2022-1.jpg?resize=186%2C133&#038;ssl=1\" alt=\"\" width=\"186\" height=\"133\" srcset=\"https:\/\/i0.wp.com\/asurb.com\/asurb3\/wp-content\/uploads\/2022\/08\/Lauriers-public-2022-1.jpg?resize=300%2C215&amp;ssl=1 300w, https:\/\/i0.wp.com\/asurb.com\/asurb3\/wp-content\/uploads\/2022\/08\/Lauriers-public-2022-1.jpg?resize=100%2C72&amp;ssl=1 100w, https:\/\/i0.wp.com\/asurb.com\/asurb3\/wp-content\/uploads\/2022\/08\/Lauriers-public-2022-1.jpg?resize=600%2C431&amp;ssl=1 600w, https:\/\/i0.wp.com\/asurb.com\/asurb3\/wp-content\/uploads\/2022\/08\/Lauriers-public-2022-1.jpg?w=900&amp;ssl=1 900w\" sizes=\"auto, (max-width: 186px) 100vw, 186px\" \/><\/a><br \/>\n<\/strong><\/span><\/h4>\n<p><span style=\"color: #ff0000;\"><br \/>\n<strong>&#8211; LA FEMME DU FOSSOYEUR<\/strong><\/span><span style=\"color: #000000;\"><strong> de Khadar A. Ahmed &#8211; Somalie &#8211; 2021 &#8211; 82 min<img data-recalc-dims=\"1\" loading=\"lazy\" decoding=\"async\" data-attachment-id=\"3386\" data-permalink=\"https:\/\/asurb.com\/asurb3\/?attachment_id=3386\" data-orig-file=\"https:\/\/i0.wp.com\/asurb.com\/asurb3\/wp-content\/uploads\/2022\/08\/La-femme-du-fossoyeur.jpg?fit=1706%2C2560&amp;ssl=1\" data-orig-size=\"1706,2560\" data-comments-opened=\"1\" data-image-meta=\"{&quot;aperture&quot;:&quot;0&quot;,&quot;credit&quot;:&quot;&quot;,&quot;camera&quot;:&quot;&quot;,&quot;caption&quot;:&quot;&quot;,&quot;created_timestamp&quot;:&quot;0&quot;,&quot;copyright&quot;:&quot;&quot;,&quot;focal_length&quot;:&quot;0&quot;,&quot;iso&quot;:&quot;0&quot;,&quot;shutter_speed&quot;:&quot;0&quot;,&quot;title&quot;:&quot;&quot;,&quot;orientation&quot;:&quot;0&quot;}\" data-image-title=\"La-femme-du-fossoyeur\" data-image-description=\"\" data-image-caption=\"\" data-large-file=\"https:\/\/i0.wp.com\/asurb.com\/asurb3\/wp-content\/uploads\/2022\/08\/La-femme-du-fossoyeur.jpg?fit=682%2C1024&amp;ssl=1\" class=\"wp-image-3386 alignright\" src=\"https:\/\/i0.wp.com\/asurb.com\/asurb3\/wp-content\/uploads\/2022\/08\/La-femme-du-fossoyeur.jpg?resize=117%2C176&#038;ssl=1\" alt=\"\" width=\"117\" height=\"176\" srcset=\"https:\/\/i0.wp.com\/asurb.com\/asurb3\/wp-content\/uploads\/2022\/08\/La-femme-du-fossoyeur.jpg?resize=200%2C300&amp;ssl=1 200w, https:\/\/i0.wp.com\/asurb.com\/asurb3\/wp-content\/uploads\/2022\/08\/La-femme-du-fossoyeur.jpg?resize=682%2C1024&amp;ssl=1 682w, https:\/\/i0.wp.com\/asurb.com\/asurb3\/wp-content\/uploads\/2022\/08\/La-femme-du-fossoyeur.jpg?resize=100%2C150&amp;ssl=1 100w, https:\/\/i0.wp.com\/asurb.com\/asurb3\/wp-content\/uploads\/2022\/08\/La-femme-du-fossoyeur.jpg?resize=600%2C900&amp;ssl=1 600w, https:\/\/i0.wp.com\/asurb.com\/asurb3\/wp-content\/uploads\/2022\/08\/La-femme-du-fossoyeur.jpg?resize=1024%2C1536&amp;ssl=1 1024w, https:\/\/i0.wp.com\/asurb.com\/asurb3\/wp-content\/uploads\/2022\/08\/La-femme-du-fossoyeur.jpg?resize=1365%2C2048&amp;ssl=1 1365w, https:\/\/i0.wp.com\/asurb.com\/asurb3\/wp-content\/uploads\/2022\/08\/La-femme-du-fossoyeur.jpg?w=1706&amp;ssl=1 1706w\" sizes=\"auto, (max-width: 117px) 100vw, 117px\" \/><br \/>\n<\/strong><\/span><\/p>\n<p>FESPACO 2021\u00a0: Etalon d\u2019or du meilleur film de fiction, Prix de la meilleure musique<\/p>\n<h5><strong><em>Guled et Nasra sont un couple amoureux, vivant dans les quartiers pauvres de Djibouti avec leur fils Mahad.<\/em> <em>Cependant, l\u2019\u00e9quilibre de leur famille est menac\u00e9 : Nasra souffre d\u2019une grave maladie r\u00e9nale et doit se faire op\u00e9rer d\u2019urgence. L\u2019op\u00e9ration co\u00fbte cher et Guled trime d\u00e9j\u00e0 comme fossoyeur pour joindre les deux bouts : comment r\u00e9unir l\u2019argent pour sauver Nasra et garder une famille unie ?<\/em><\/strong><\/h5>\n<h5><strong><em>Tarifs : 5\u20ac (Tarif Unique) + 4 \u20ac (Tarif R\u00e9duit : pour \u2013 14 ans)<\/em><\/strong><\/h5>\n<p><span style=\"color: #ff0000;\"><em><span dir=\"ltr\" role=\"presentation\">Projection suivie d\u2019un d\u00e9bat anim\u00e9 par Michel Amarger, journaliste, critique de cin\u00e9ma, sp\u00e9cialiste des cin\u00e9mas <\/span><span dir=\"ltr\" role=\"presentation\">d\u2019Afrique, r\u00e9alisateur et enseignant cin\u00e9ma.<\/span><\/em><\/span><\/p>\n<hr \/>\n<hr \/>\n<h4><span style=\"color: #000080;\"><strong>\u25ca Autour du festival &#8211; <span dir=\"ltr\" role=\"presentation\">Maison des Familles de Gentilly &#8211; <\/span><span dir=\"ltr\" role=\"presentation\">Mercredi 23 novembre &#8211; 14h &#8211;<br \/>\ns\u00e9ance interg\u00e9n\u00e9rationnelle dans le cadre du festival des Solidarit\u00e9s<\/span><br \/>\n<\/strong><\/span><\/h4>\n<p><strong><span dir=\"ltr\" style=\"color: #ff0000;\" role=\"presentation\">-MICA <\/span><span dir=\"ltr\" role=\"presentation\">de Isma\u00ebl FERROUKHI &#8211; <\/span><span dir=\"ltr\" role=\"presentation\">Maroc\/France &#8211; 2019 &#8211; 103 min &#8211; fiction &#8211; VO STF<br \/>\n<\/span><\/strong><\/p>\n<h5><strong><em><span dir=\"ltr\" role=\"presentation\">Mica un enfant issu d&rsquo;un bidonville, est engag\u00e9, pour faire vivre sa famille, comme homme \u00e0 tout faire<\/span><\/em><\/strong><br role=\"presentation\" \/><strong><em><span dir=\"ltr\" role=\"presentation\">dans un club de tennis hupp\u00e9 de Casablanca. Malheureux et m\u00e9pris\u00e9, il est pr\u00eat \u00e0<\/span><\/em><\/strong><br role=\"presentation\" \/><strong><em><span dir=\"ltr\" role=\"presentation\">tout pour changer son destin. Il va se faire remarquer par Sophia, une ex-championne<\/span><\/em><\/strong><br role=\"presentation\" \/><strong><em><span dir=\"ltr\" role=\"presentation\">qui le prend sous son aile.<\/span><\/em><\/strong><br role=\"presentation\" \/><em><span dir=\"ltr\" role=\"presentation\">Projection suivie d\u2019\u00e9changes dans la salle et d\u2019un go\u00fbter.<\/span><\/em><\/h5>\n<hr \/>\n<h4><strong>\u25ca S<\/strong><span style=\"color: #000080;\"><strong>\u00e9ances scolaires <\/strong><\/span><\/h4>\n<p><strong>Classes de CM2 : 2 courts-m\u00e9trages <\/strong><\/p>\n<ul>\n<li><strong><span dir=\"ltr\" style=\"color: #ff0000;\" role=\"presentation\">DEBOUT KINSHASA <\/span><span dir=\"ltr\" role=\"presentation\">de S\u00e9bastien MAITRE &#8211; <\/span><span dir=\"ltr\" role=\"presentation\">France\/RD Congo &#8211; 2016 &#8211; 20 min &#8211; VO STF\u00a0 <\/span><\/strong><\/li>\n<li><strong><strong><span dir=\"ltr\" style=\"color: #ff0000;\" role=\"presentation\">LE FRANC <\/span><span dir=\"ltr\" role=\"presentation\">de<\/span> <span dir=\"ltr\" role=\"presentation\">Djibril DIOP MAMBETY &#8211; <\/span><span dir=\"ltr\" role=\"presentation\">S\u00e9n\u00e9gal &#8211; 1998 &#8211; 43 min &#8211; fiction &#8211; VO STF<\/span><\/strong><\/strong><\/li>\n<\/ul>\n<p><strong>Coll\u00e8ges :<\/strong><\/p>\n<ul>\n<li><strong><span style=\"color: #ff0000;\">HAUT ET FORT<\/span><\/strong> <span style=\"color: #000000;\">de Nabil AYOUCH \u2013 Maroc \u2013 2022 -101min- fiction &#8211; couleur &#8211; VO arabe STF <\/span><\/li>\n<\/ul>\n<hr \/>\n<h4><span style=\"color: #000080;\"><strong>Les salles de cin\u00e9ma<\/strong><\/span><\/h4>\n<ul>\n<li><strong> Cin\u00e9ma La Pl\u00e9iade &#8211; <\/strong>12 avenue Cousin de M\u00e9ricourt 94230 Cachan -T\u00e9l. 01 46 65 06 98<\/li>\n<li><strong> Cin\u00e9ma La Tournelle &#8211; <\/strong>14 rue Dispan 94240 L\u2019Ha\u00ff les Roses -T\u00e9l. 01 49 08 50 71<\/li>\n<li><strong> Cin\u00e9ma Le Select &#8211; <\/strong>10 Avenue de la Division Leclerc, 92160 Antony \u2013 T\u00e9l.\u00a0 01 40 96 64 64<\/li>\n<li><strong>Espace Municipal Jean Vilar &#8211; <\/strong>1 rue Paul Signac 94110 Arcueil -T\u00e9l. 01 41 24 25 50<\/li>\n<li><strong> Maison <\/strong><strong>Pour Tous G\u00e9rard Philipe &#8211; <\/strong>118 rue Youri Gagarine 94800 Villejuif -T\u00e9l. 01 46 86 08 05<\/li>\n<\/ul>\n<h4 style=\"text-align: center;\"><strong><em><span style=\"color: #000080;\">\u00a0<\/span><\/em><\/strong><\/h4>\n<hr \/>\n<hr \/>\n","protected":false},"excerpt":{"rendered":"<p>Le prochain festival \u00ab\u00a0Cin\u00e9 Regards Africains\u00a0\u00bb aura lieu du vendredi 25 novembre au dimanche 4 d\u00e9cembre 2022 Bande annonce du festival 2022 Chaque projection sera suivie d\u2019un d\u00e9bat anim\u00e9 par [&hellip;]<\/p>\n","protected":false},"author":1,"featured_media":0,"comment_status":"open","ping_status":"open","sticky":false,"template":"","format":"standard","meta":{"_jetpack_memberships_contains_paid_content":false,"footnotes":"","jetpack_publicize_message":"","jetpack_publicize_feature_enabled":true,"jetpack_social_post_already_shared":true,"jetpack_social_options":{"image_generator_settings":{"template":"highway","default_image_id":0,"font":"","enabled":false},"version":2}},"categories":[9],"tags":[],"class_list":["post-3347","post","type-post","status-publish","format-standard","hentry","category-festival"],"jetpack_publicize_connections":[],"jetpack_featured_media_url":"","jetpack_sharing_enabled":true,"jetpack_shortlink":"https:\/\/wp.me\/p7C6tF-RZ","jetpack-related-posts":[{"id":2651,"url":"https:\/\/asurb.com\/asurb3\/?p=2651","url_meta":{"origin":3347,"position":0},"title":"Bande annonce du Festival \u00ab\u00a0Cin\u00e9 Regards Africains\u00a0\u00bb 2019","author":"webmaster","date":"6 novembre 2019","format":"video","excerpt":"Bande annonce CRA - 2019","rel":"","context":"Dans &quot;Festival&quot;","block_context":{"text":"Festival","link":"https:\/\/asurb.com\/asurb3\/?cat=9"},"img":{"alt_text":"","src":"","width":0,"height":0},"classes":[]},{"id":4252,"url":"https:\/\/asurb.com\/asurb3\/?p=4252","url_meta":{"origin":3347,"position":1},"title":"La bande annonce du festival Cin\u00e9 Regards Africains 2024","author":"webmaster","date":"28 octobre 2024","format":false,"excerpt":"","rel":"","context":"Dans &quot;Festival&quot;","block_context":{"text":"Festival","link":"https:\/\/asurb.com\/asurb3\/?cat=9"},"img":{"alt_text":"","src":"","width":0,"height":0},"classes":[]},{"id":2114,"url":"https:\/\/asurb.com\/asurb3\/?p=2114","url_meta":{"origin":3347,"position":2},"title":"Bande annonce du festival Cin\u00e9 Regards Africains 2018","author":"webmaster","date":"15 octobre 2018","format":false,"excerpt":"R\u00e9alis\u00e9e par Andress KANDE https:\/\/vimeo.com\/289740496","rel":"","context":"Dans &quot;Activit\u00e9s&quot;","block_context":{"text":"Activit\u00e9s","link":"https:\/\/asurb.com\/asurb3\/?cat=4"},"img":{"alt_text":"","src":"","width":0,"height":0},"classes":[]},{"id":4861,"url":"https:\/\/asurb.com\/asurb3\/?p=4861","url_meta":{"origin":3347,"position":3},"title":"D\u00e9couvrez la bande annonce de Cin\u00e9 Regards Africains 2025","author":"webmaster","date":"12 octobre 2025","format":"video","excerpt":"","rel":"","context":"Dans &quot;Festival&quot;","block_context":{"text":"Festival","link":"https:\/\/asurb.com\/asurb3\/?cat=9"},"img":{"alt_text":"","src":"","width":0,"height":0},"classes":[]},{"id":2060,"url":"https:\/\/asurb.com\/asurb3\/?p=2060","url_meta":{"origin":3347,"position":4},"title":"Prochain festival Cin\u00e9 regards africains","author":"webmaster","date":"9 mai 2018","format":false,"excerpt":"A vos agendas ! La 12\u00e8me \u00e9dition du festival \"Cin\u00e9 regards africains\" aura lieu du\u00a0 vendredi 23 novembre au dimanche 2 d\u00e9cembre 2018.","rel":"","context":"Dans &quot;Activit\u00e9s&quot;","block_context":{"text":"Activit\u00e9s","link":"https:\/\/asurb.com\/asurb3\/?cat=4"},"img":{"alt_text":"","src":"https:\/\/i0.wp.com\/asurb.com\/asurb3\/wp-content\/uploads\/2018\/05\/Frise-Depliant-Asurb-2017-1024x49.jpg?resize=350%2C200","width":350,"height":200,"srcset":"https:\/\/i0.wp.com\/asurb.com\/asurb3\/wp-content\/uploads\/2018\/05\/Frise-Depliant-Asurb-2017-1024x49.jpg?resize=350%2C200 1x, https:\/\/i0.wp.com\/asurb.com\/asurb3\/wp-content\/uploads\/2018\/05\/Frise-Depliant-Asurb-2017-1024x49.jpg?resize=525%2C300 1.5x, https:\/\/i0.wp.com\/asurb.com\/asurb3\/wp-content\/uploads\/2018\/05\/Frise-Depliant-Asurb-2017-1024x49.jpg?resize=700%2C400 2x"},"classes":[]},{"id":2925,"url":"https:\/\/asurb.com\/asurb3\/?p=2925","url_meta":{"origin":3347,"position":5},"title":"Annulation du festival \u00ab\u00a0Cin\u00e9 Regards Africains\u00a0\u00bb 2020","author":"webmaster","date":"29 octobre 2020","format":false,"excerpt":"L\u2019instauration d\u2019une p\u00e9riode de confinement d\u2019un mois nous oblige, malheureusement, \u00e0 annuler le festival qui devait se tenir du 20 au 29 novembre 2020 Nous en sommes sinc\u00e8rement d\u00e9sol\u00e9s, mais nous allons d\u00e8s maintenant r\u00e9fl\u00e9chir \u00e0 des solutions alternatives en fonction de l\u2019\u00e9volution des mesures de restrictions impos\u00e9es par la\u2026","rel":"","context":"Dans &quot;Festival&quot;","block_context":{"text":"Festival","link":"https:\/\/asurb.com\/asurb3\/?cat=9"},"img":{"alt_text":"","src":"","width":0,"height":0},"classes":[]}],"_links":{"self":[{"href":"https:\/\/asurb.com\/asurb3\/index.php?rest_route=\/wp\/v2\/posts\/3347","targetHints":{"allow":["GET"]}}],"collection":[{"href":"https:\/\/asurb.com\/asurb3\/index.php?rest_route=\/wp\/v2\/posts"}],"about":[{"href":"https:\/\/asurb.com\/asurb3\/index.php?rest_route=\/wp\/v2\/types\/post"}],"author":[{"embeddable":true,"href":"https:\/\/asurb.com\/asurb3\/index.php?rest_route=\/wp\/v2\/users\/1"}],"replies":[{"embeddable":true,"href":"https:\/\/asurb.com\/asurb3\/index.php?rest_route=%2Fwp%2Fv2%2Fcomments&post=3347"}],"version-history":[{"count":57,"href":"https:\/\/asurb.com\/asurb3\/index.php?rest_route=\/wp\/v2\/posts\/3347\/revisions"}],"predecessor-version":[{"id":3826,"href":"https:\/\/asurb.com\/asurb3\/index.php?rest_route=\/wp\/v2\/posts\/3347\/revisions\/3826"}],"wp:attachment":[{"href":"https:\/\/asurb.com\/asurb3\/index.php?rest_route=%2Fwp%2Fv2%2Fmedia&parent=3347"}],"wp:term":[{"taxonomy":"category","embeddable":true,"href":"https:\/\/asurb.com\/asurb3\/index.php?rest_route=%2Fwp%2Fv2%2Fcategories&post=3347"},{"taxonomy":"post_tag","embeddable":true,"href":"https:\/\/asurb.com\/asurb3\/index.php?rest_route=%2Fwp%2Fv2%2Ftags&post=3347"}],"curies":[{"name":"wp","href":"https:\/\/api.w.org\/{rel}","templated":true}]}}