{"id":3898,"date":"2023-11-23T13:29:00","date_gmt":"2023-11-23T12:29:00","guid":{"rendered":"https:\/\/asurb.com\/asurb3\/?p=3898"},"modified":"2023-11-26T14:04:56","modified_gmt":"2023-11-26T13:04:56","slug":"jury-longs-metrages-2023","status":"publish","type":"post","link":"https:\/\/asurb.com\/asurb3\/?p=3898","title":{"rendered":"Jury longs-m\u00e9trages 2023"},"content":{"rendered":"\n<p>Composition du jury qui attribue le prix \u00e0 un des longs-m\u00e9trages projet\u00e9s pendant le festival 2023 :<\/p>\n<ul>\n<li>Alassane DIAGO , r\u00e9alisateur<\/li>\n<li>Th\u00e9r\u00e8se-Marie DEFFONTAINES, journaliste, sp\u00e9cialiste du cin\u00e9ma africain<\/li>\n<li>Marie-Pomme CARTERET, monteuse<\/li>\n<li>Beno\u00eet de CHAUMONT, cin\u00e9ma La Tournelle &#8211; L&rsquo;Ha\u00ff les Roses)<\/li>\n<li>S\u00e9bastien LE VAILLANT, cin\u00e9ma Jean Vilar &#8211; Arcueil<br \/><br \/><img data-recalc-dims=\"1\" loading=\"lazy\" decoding=\"async\" data-attachment-id=\"3899\" data-permalink=\"https:\/\/asurb.com\/asurb3\/?attachment_id=3899\" data-orig-file=\"https:\/\/i0.wp.com\/asurb.com\/asurb3\/wp-content\/uploads\/2023\/11\/Diapo-Jury-LM-2023-VF.jpg?fit=1224%2C918&amp;ssl=1\" data-orig-size=\"1224,918\" data-comments-opened=\"1\" data-image-meta=\"{&quot;aperture&quot;:&quot;0&quot;,&quot;credit&quot;:&quot;&quot;,&quot;camera&quot;:&quot;&quot;,&quot;caption&quot;:&quot;&quot;,&quot;created_timestamp&quot;:&quot;0&quot;,&quot;copyright&quot;:&quot;&quot;,&quot;focal_length&quot;:&quot;0&quot;,&quot;iso&quot;:&quot;0&quot;,&quot;shutter_speed&quot;:&quot;0&quot;,&quot;title&quot;:&quot;&quot;,&quot;orientation&quot;:&quot;0&quot;}\" data-image-title=\"Diapo Jury LM 2023 VF\" data-image-description=\"\" data-image-caption=\"\" data-large-file=\"https:\/\/i0.wp.com\/asurb.com\/asurb3\/wp-content\/uploads\/2023\/11\/Diapo-Jury-LM-2023-VF.jpg?fit=900%2C675&amp;ssl=1\" class=\" wp-image-3899 aligncenter\" src=\"https:\/\/i0.wp.com\/asurb.com\/asurb3\/wp-content\/uploads\/2023\/11\/Diapo-Jury-LM-2023-VF.jpg?resize=404%2C303&#038;ssl=1\" alt=\"\" width=\"404\" height=\"303\" srcset=\"https:\/\/i0.wp.com\/asurb.com\/asurb3\/wp-content\/uploads\/2023\/11\/Diapo-Jury-LM-2023-VF.jpg?resize=300%2C225&amp;ssl=1 300w, https:\/\/i0.wp.com\/asurb.com\/asurb3\/wp-content\/uploads\/2023\/11\/Diapo-Jury-LM-2023-VF.jpg?resize=1024%2C768&amp;ssl=1 1024w, https:\/\/i0.wp.com\/asurb.com\/asurb3\/wp-content\/uploads\/2023\/11\/Diapo-Jury-LM-2023-VF.jpg?resize=100%2C75&amp;ssl=1 100w, https:\/\/i0.wp.com\/asurb.com\/asurb3\/wp-content\/uploads\/2023\/11\/Diapo-Jury-LM-2023-VF.jpg?resize=600%2C450&amp;ssl=1 600w, https:\/\/i0.wp.com\/asurb.com\/asurb3\/wp-content\/uploads\/2023\/11\/Diapo-Jury-LM-2023-VF.jpg?w=1224&amp;ssl=1 1224w\" sizes=\"auto, (max-width: 404px) 100vw, 404px\" \/><\/li>\n<\/ul>\n","protected":false},"excerpt":{"rendered":"<p>Composition du jury qui attribue le prix \u00e0 un des longs-m\u00e9trages projet\u00e9s pendant le festival 2023 : Alassane DIAGO , r\u00e9alisateur Th\u00e9r\u00e8se-Marie DEFFONTAINES, journaliste, sp\u00e9cialiste du cin\u00e9ma africain Marie-Pomme CARTERET, [&hellip;]<\/p>\n","protected":false},"author":1,"featured_media":0,"comment_status":"closed","ping_status":"closed","sticky":false,"template":"","format":"link","meta":{"_jetpack_memberships_contains_paid_content":false,"footnotes":"","jetpack_publicize_message":"","jetpack_publicize_feature_enabled":true,"jetpack_social_post_already_shared":true,"jetpack_social_options":{"image_generator_settings":{"template":"highway","default_image_id":0,"font":"","enabled":false},"version":2}},"categories":[9],"tags":[],"class_list":["post-3898","post","type-post","status-publish","format-link","hentry","category-festival","post_format-post-format-link"],"jetpack_publicize_connections":[],"jetpack_featured_media_url":"","jetpack_sharing_enabled":true,"jetpack_shortlink":"https:\/\/wp.me\/p7C6tF-10S","jetpack-related-posts":[{"id":3091,"url":"https:\/\/asurb.com\/asurb3\/?p=3091","url_meta":{"origin":3898,"position":0},"title":"Jury du prix des longs m\u00e9trages","author":"webmaster","date":"27 novembre 2021","format":false,"excerpt":"Pour la premi\u00e8re fois, un prix sera remis au meilleur long m\u00e9trage projet\u00e9 pendant le festival. Le jury est compos\u00e9 de 7 membres : 4 professionnels du cin\u00e9ma dont la pr\u00e9sidente et 3 exploitants de salle. Professionnels du cin\u00e9ma : Jacques Boumendil (sp\u00e9cialiste image) Nassima Guessoum (r\u00e9alisatrice), pr\u00e9sidente du jury\u2026","rel":"","context":"Dans &quot;Festival&quot;","block_context":{"text":"Festival","link":"https:\/\/asurb.com\/asurb3\/?cat=9"},"img":{"alt_text":"","src":"https:\/\/i0.wp.com\/asurb.com\/asurb3\/wp-content\/uploads\/2021\/10\/Lauriers-jury-LM-2021-300x216.jpg?resize=350%2C200","width":350,"height":200},"classes":[]},{"id":2389,"url":"https:\/\/asurb.com\/asurb3\/?p=2389","url_meta":{"origin":3898,"position":1},"title":"Afrique sur Bi\u00e8vre au festival Cin\u00e9mas d\u2019Afrique \u00e0 Angers","author":"webmaster","date":"23 avril 2019","format":false,"excerpt":"Du 2 au 7 avril 2019, le Grand Th\u00e9\u00e2tre accueillait en plein centre d\u2019Angers la 17e \u00e9dition de Cin\u00e9mas d\u2019Afrique. Ce festival qui a lieu tous les deux ans, peu apr\u00e8s le FESPACO,\u00a0 pr\u00e9sente une s\u00e9lection de courts et longs m\u00e9trages r\u00e9cents, r\u00e9alis\u00e9s par des cin\u00e9astes de tout le continent.\u2026","rel":"","context":"Dans &quot;Hors festival&quot;","block_context":{"text":"Hors festival","link":"https:\/\/asurb.com\/asurb3\/?cat=10"},"img":{"alt_text":"","src":"https:\/\/i0.wp.com\/asurb.com\/asurb3\/wp-content\/uploads\/2019\/05\/Affiche-Festival-Cin%C3%A9mas-dAfrique-2019-724x1024-212x300.jpg?resize=350%2C200","width":350,"height":200},"classes":[]},{"id":4942,"url":"https:\/\/asurb.com\/asurb3\/?p=4942","url_meta":{"origin":3898,"position":2},"title":"Composition du jury pour le Prix des longs m\u00e9trages 2025","author":"webmaster","date":"29 novembre 2025","format":false,"excerpt":"","rel":"","context":"Dans &quot;Festival&quot;","block_context":{"text":"Festival","link":"https:\/\/asurb.com\/asurb3\/?cat=9"},"img":{"alt_text":"","src":"https:\/\/i0.wp.com\/asurb.com\/asurb3\/wp-content\/uploads\/2025\/11\/Diapo-Jury-LM-2025-V1-300x225.jpg?resize=350%2C200&ssl=1","width":350,"height":200},"classes":[]},{"id":1608,"url":"https:\/\/asurb.com\/asurb3\/?p=1608","url_meta":{"origin":3898,"position":3},"title":"Afrique sur Bi\u00e8vre au festival Cin\u00e9mas d&rsquo;Afrique d&rsquo;Angers  (16-21 mai 2017)","author":"webmaster","date":"18 mai 2017","format":false,"excerpt":"Afrique sur Bi\u00e8vre \u00e9tait cette ann\u00e9e encore \u00e0 Angers pour la 16e \u00e9dition du Festival Cin\u00e9mas d\u2019Afrique\u00a0. Organis\u00e9e par la dynamique association Cultures et Cin\u00e9mas d\u2019Afrique avec le soutien de la ville, du d\u00e9partement et de la r\u00e9gion Pays de la Loire ainsi que d\u2019autres partenaires, cette manifestation a lieu\u2026","rel":"","context":"Dans &quot;Activit\u00e9s&quot;","block_context":{"text":"Activit\u00e9s","link":"https:\/\/asurb.com\/asurb3\/?cat=4"},"img":{"alt_text":"","src":"","width":0,"height":0},"classes":[]},{"id":4166,"url":"https:\/\/asurb.com\/asurb3\/?p=4166","url_meta":{"origin":3898,"position":4},"title":"D\u00e9couvrez le programme de la 17\u00e8me \u00e9dition du festival Cin\u00e9 Regards Africains","author":"webmaster","date":"29 septembre 2024","format":false,"excerpt":"Du vendredi 22 novembre au dimanche 1er d\u00e9cembre Chaque projection sera suivie d\u2019un d\u00e9bat anim\u00e9 par un sp\u00e9cialiste des cin\u00e9mas africains et\/ou du r\u00e9alisateur ou d\u2019un membre de l\u2019\u00e9quipe de tournage. Les spectateurs seront, cette ann\u00e9e encore, invit\u00e9s \u00e0 voter pour d\u00e9cerner\u00a0 \u00ab Le\u00a0 Prix du public\u00bb \u00e0 un court\u2026","rel":"","context":"Dans &quot;Festival&quot;","block_context":{"text":"Festival","link":"https:\/\/asurb.com\/asurb3\/?cat=9"},"img":{"alt_text":"","src":"https:\/\/i0.wp.com\/asurb.com\/asurb3\/wp-content\/uploads\/2024\/06\/Affiche-2024-B1-215x300.jpg?resize=350%2C200&ssl=1","width":350,"height":200},"classes":[]},{"id":2782,"url":"https:\/\/asurb.com\/asurb3\/?p=2782","url_meta":{"origin":3898,"position":5},"title":"Afrique sur Bi\u00e8vre \u00e0 Besan\u00e7on pour Lumi\u00e8res d&rsquo;Afrique 2019","author":"webmaster","date":"28 novembre 2019","format":false,"excerpt":"Un membre de notre \u00e9quipe a pu participer pendant trois jours (11,12 et 13 novembre2019) \u00e0 \u00ab\u00a0Lumi\u00e8res d\u2019Afrique\u00a0\u00bb qui en \u00e9tait \u00e0 sa 19e \u00e9dition \u00e0 Besan\u00e7on, ville natale des fr\u00e8res Lumi\u00e8re. Ce festival, qui s\u2019est d\u00e9roul\u00e9 du 9 au 17 novembre, proposait une programmation tr\u00e8s riche avec 63 s\u00e9ances\u2026","rel":"","context":"Dans &quot;Hors festival&quot;","block_context":{"text":"Hors festival","link":"https:\/\/asurb.com\/asurb3\/?cat=10"},"img":{"alt_text":"","src":"https:\/\/i0.wp.com\/asurb.com\/asurb3\/wp-content\/uploads\/2019\/12\/LA-212x300.jpg?resize=350%2C200&ssl=1","width":350,"height":200},"classes":[]}],"_links":{"self":[{"href":"https:\/\/asurb.com\/asurb3\/index.php?rest_route=\/wp\/v2\/posts\/3898","targetHints":{"allow":["GET"]}}],"collection":[{"href":"https:\/\/asurb.com\/asurb3\/index.php?rest_route=\/wp\/v2\/posts"}],"about":[{"href":"https:\/\/asurb.com\/asurb3\/index.php?rest_route=\/wp\/v2\/types\/post"}],"author":[{"embeddable":true,"href":"https:\/\/asurb.com\/asurb3\/index.php?rest_route=\/wp\/v2\/users\/1"}],"replies":[{"embeddable":true,"href":"https:\/\/asurb.com\/asurb3\/index.php?rest_route=%2Fwp%2Fv2%2Fcomments&post=3898"}],"version-history":[{"count":1,"href":"https:\/\/asurb.com\/asurb3\/index.php?rest_route=\/wp\/v2\/posts\/3898\/revisions"}],"predecessor-version":[{"id":3913,"href":"https:\/\/asurb.com\/asurb3\/index.php?rest_route=\/wp\/v2\/posts\/3898\/revisions\/3913"}],"wp:attachment":[{"href":"https:\/\/asurb.com\/asurb3\/index.php?rest_route=%2Fwp%2Fv2%2Fmedia&parent=3898"}],"wp:term":[{"taxonomy":"category","embeddable":true,"href":"https:\/\/asurb.com\/asurb3\/index.php?rest_route=%2Fwp%2Fv2%2Fcategories&post=3898"},{"taxonomy":"post_tag","embeddable":true,"href":"https:\/\/asurb.com\/asurb3\/index.php?rest_route=%2Fwp%2Fv2%2Ftags&post=3898"}],"curies":[{"name":"wp","href":"https:\/\/api.w.org\/{rel}","templated":true}]}}