{"id":4042,"date":"2024-02-25T14:12:39","date_gmt":"2024-02-25T13:12:39","guid":{"rendered":"https:\/\/asurb.com\/asurb3\/?p=4042"},"modified":"2024-10-12T08:42:51","modified_gmt":"2024-10-12T06:42:51","slug":"4042","status":"publish","type":"post","link":"https:\/\/asurb.com\/asurb3\/?p=4042","title":{"rendered":"Un film marocain \u00e0 l&rsquo;affiche"},"content":{"rendered":"\n<p><img data-recalc-dims=\"1\" loading=\"lazy\" decoding=\"async\" data-attachment-id=\"4044\" data-permalink=\"https:\/\/asurb.com\/asurb3\/?attachment_id=4044\" data-orig-file=\"https:\/\/i0.wp.com\/asurb.com\/asurb3\/wp-content\/uploads\/2024\/02\/images.jpg?fit=277%2C359&amp;ssl=1\" data-orig-size=\"277,359\" data-comments-opened=\"1\" data-image-meta=\"{&quot;aperture&quot;:&quot;0&quot;,&quot;credit&quot;:&quot;&quot;,&quot;camera&quot;:&quot;&quot;,&quot;caption&quot;:&quot;&quot;,&quot;created_timestamp&quot;:&quot;0&quot;,&quot;copyright&quot;:&quot;&quot;,&quot;focal_length&quot;:&quot;0&quot;,&quot;iso&quot;:&quot;0&quot;,&quot;shutter_speed&quot;:&quot;0&quot;,&quot;title&quot;:&quot;&quot;,&quot;orientation&quot;:&quot;0&quot;}\" data-image-title=\"images\" data-image-description=\"\" data-image-caption=\"\" data-large-file=\"https:\/\/i0.wp.com\/asurb.com\/asurb3\/wp-content\/uploads\/2024\/02\/images.jpg?fit=277%2C359&amp;ssl=1\" class=\" wp-image-4044 alignright\" src=\"https:\/\/i0.wp.com\/asurb.com\/asurb3\/wp-content\/uploads\/2024\/02\/images.jpg?resize=150%2C195&#038;ssl=1\" alt=\"\" width=\"150\" height=\"195\" srcset=\"https:\/\/i0.wp.com\/asurb.com\/asurb3\/wp-content\/uploads\/2024\/02\/images.jpg?resize=231%2C300&amp;ssl=1 231w, https:\/\/i0.wp.com\/asurb.com\/asurb3\/wp-content\/uploads\/2024\/02\/images.jpg?resize=100%2C130&amp;ssl=1 100w, https:\/\/i0.wp.com\/asurb.com\/asurb3\/wp-content\/uploads\/2024\/02\/images.jpg?w=277&amp;ssl=1 277w\" sizes=\"auto, (max-width: 150px) 100vw, 150px\" \/>Nous vous signalons et vous recommandons le film <strong><em>\u00ab\u00a0La m\u00e8re de tous les mensonges\u00a0\u00bb<\/em>, <\/strong>film marocain de la r\u00e9alisatrice <strong>Asmae El Moudir<\/strong>.<br \/>Le film sort en salles le 28 f\u00e9vrier et une <strong>s\u00e9ance avec d\u00e9bat<\/strong> <br \/><strong>anim\u00e9e par Catherine Ruelle<\/strong>, aura lieu <strong>le 5 mars 21h au <a href=\"https:\/\/www.leselect.ville-antony.fr\/\">cin\u00e9ma Le S\u00e9lect<\/a> \u00e0 Antony.<\/strong><\/p>\n\n\n\n<h2 class=\"wp-block-heading\"><span style=\"color:#cf2e2e\" class=\"tadv-color\"><\/span><\/h2>\n\n\n","protected":false},"excerpt":{"rendered":"<p>Nous vous signalons et vous recommandons le film \u00ab\u00a0La m\u00e8re de tous les mensonges\u00a0\u00bb, film marocain de la r\u00e9alisatrice Asmae El Moudir.Le film sort en salles le 28 f\u00e9vrier et [&hellip;]<\/p>\n","protected":false},"author":1,"featured_media":0,"comment_status":"open","ping_status":"open","sticky":false,"template":"","format":"standard","meta":{"_jetpack_memberships_contains_paid_content":false,"footnotes":"","jetpack_publicize_message":"","jetpack_publicize_feature_enabled":true,"jetpack_social_post_already_shared":true,"jetpack_social_options":{"image_generator_settings":{"template":"highway","default_image_id":0,"font":"","enabled":false},"version":2}},"categories":[10],"tags":[],"class_list":["post-4042","post","type-post","status-publish","format-standard","hentry","category-hors-festival"],"jetpack_publicize_connections":[],"jetpack_featured_media_url":"","jetpack_sharing_enabled":true,"jetpack_shortlink":"https:\/\/wp.me\/s7C6tF-4042","jetpack-related-posts":[{"id":3084,"url":"https:\/\/asurb.com\/asurb3\/?p=3084","url_meta":{"origin":4042,"position":0},"title":"A voir en ce moment : le film \u00ab\u00a0Haut et fort\u00a0\u00bb de Nabil Ayouch","author":"webmaster","date":"19 octobre 2021","format":false,"excerpt":"Ne manquez pas cette semaine au cin\u00e9ma La Pl\u00e9iade \u00e0 Cachan le film :\"Haut et fort\" de Nabil Ayouch, r\u00e9alisateur, sc\u00e9nariste et producteur fran\u00e7ais et marocain. En 2021, il est nomin\u00e9 pour la premi\u00e8re fois \u00e0 la Palme d'or avec \"Haut et fort \", en Comp\u00e9tition Officielle du 74\u00e8 Festival\u2026","rel":"","context":"Dans &quot;Hors festival&quot;","block_context":{"text":"Hors festival","link":"https:\/\/asurb.com\/asurb3\/?cat=10"},"img":{"alt_text":"","src":"","width":0,"height":0},"classes":[]},{"id":1608,"url":"https:\/\/asurb.com\/asurb3\/?p=1608","url_meta":{"origin":4042,"position":1},"title":"Afrique sur Bi\u00e8vre au festival Cin\u00e9mas d&rsquo;Afrique d&rsquo;Angers  (16-21 mai 2017)","author":"webmaster","date":"18 mai 2017","format":false,"excerpt":"Afrique sur Bi\u00e8vre \u00e9tait cette ann\u00e9e encore \u00e0 Angers pour la 16e \u00e9dition du Festival Cin\u00e9mas d\u2019Afrique\u00a0. Organis\u00e9e par la dynamique association Cultures et Cin\u00e9mas d\u2019Afrique avec le soutien de la ville, du d\u00e9partement et de la r\u00e9gion Pays de la Loire ainsi que d\u2019autres partenaires, cette manifestation a lieu\u2026","rel":"","context":"Dans &quot;Activit\u00e9s&quot;","block_context":{"text":"Activit\u00e9s","link":"https:\/\/asurb.com\/asurb3\/?cat=4"},"img":{"alt_text":"","src":"","width":0,"height":0},"classes":[]},{"id":3149,"url":"https:\/\/asurb.com\/asurb3\/?p=3149","url_meta":{"origin":4042,"position":2},"title":"Retrouvez en images, les temps forts du festival 2021","author":"webmaster","date":"9 janvier 2022","format":false,"excerpt":"\u00a0 \u25ca Vendredi 26 novembre - 18h30 - S\u00e9ance d\u2019ouverture - Cin\u00e9ma Le s\u00e9lect \u00e0 Antony \u00a0 Projection du film Le p\u00e8re de Nafi\u00a0 (Titre original : Baamum Nafi)\u00a0de Mamadou Dia - S\u00e9n\u00e9gal - fiction qui a remport\u00e9, \u00e0 la fin du festival, le prix du jury 2021. Un public\u2026","rel":"","context":"Dans &quot;Festival&quot;","block_context":{"text":"Festival","link":"https:\/\/asurb.com\/asurb3\/?cat=9"},"img":{"alt_text":"","src":"https:\/\/i0.wp.com\/asurb.com\/asurb3\/wp-content\/uploads\/2022\/01\/20211126_184416-300x169.jpg?resize=350%2C200","width":350,"height":200},"classes":[]},{"id":3938,"url":"https:\/\/asurb.com\/asurb3\/?p=3938","url_meta":{"origin":4042,"position":3},"title":"Retrouvez en images, les temps forts du festival 2023","author":"webmaster","date":"11 d\u00e9cembre 2023","format":false,"excerpt":"\u00a0 \u25ca Vendredi 24 novembre - 20h30 - S\u00e9ance d\u2019ouverture - Cin\u00e9ma La Pl\u00e9iade - Cachan \u00a0Projection de Poissons rouges de Abdeslam Kelai- Maroc - 2022 - fiction Le public tr\u00e8s nombreux a appr\u00e9ci\u00e9 ce film tr\u00e8s touchant. Le d\u00e9bat qui a suivi, anim\u00e9 par Josiane Kerleroux, membre d'Afrique sur\u2026","rel":"","context":"Dans &quot;Festival&quot;","block_context":{"text":"Festival","link":"https:\/\/asurb.com\/asurb3\/?cat=9"},"img":{"alt_text":"","src":"https:\/\/i0.wp.com\/asurb.com\/asurb3\/wp-content\/uploads\/2023\/12\/20231124_hp_Cachan_Regards-Africains_21-1-300x170.jpg?resize=350%2C200&ssl=1","width":350,"height":200},"classes":[]},{"id":4062,"url":"https:\/\/asurb.com\/asurb3\/?p=4062","url_meta":{"origin":4042,"position":4},"title":"Xal\u00e9, les blessures de l&rsquo;enfance projet\u00e9 au cin\u00e9ma la Pl\u00e9iade","author":"webmaster","date":"17 mai 2024","format":false,"excerpt":"Nous vous signalons et vous recommandons le film \"Xal\u00e9, les blessures de l'enfance\", film s\u00e9n\u00e9galais du r\u00e9alisateur Moussa S\u00e8ne Absa.Le film sera projet\u00e9 au cin\u00e9ma La Pl\u00e9iade le 28 mai, dans le cadre des \"Mardis des r\u00e9alisateurs\", suivi d'un \u00e9change avec l'assistant r\u00e9alisateur Abdou Lahat Fall.","rel":"","context":"Dans &quot;Hors festival&quot;","block_context":{"text":"Hors festival","link":"https:\/\/asurb.com\/asurb3\/?cat=10"},"img":{"alt_text":"","src":"https:\/\/i0.wp.com\/asurb.com\/asurb3\/wp-content\/uploads\/2024\/05\/affiche-xale-225x300.webp?resize=350%2C200&ssl=1","width":350,"height":200},"classes":[]},{"id":2932,"url":"https:\/\/asurb.com\/asurb3\/?p=2932","url_meta":{"origin":4042,"position":5},"title":"\u00ab 143 rue du d\u00e9sert \u00bb du r\u00e9alisateur alg\u00e9rien Hassen Ferhani","author":"webmaster","date":"2 juin 2021","format":false,"excerpt":"L\u2019\u00e9quipe d\u2019Afrique sur Bi\u00e8vre est heureuse de reprendre contact avec vous et de vous annoncer que la 14\u00e8me \u00e9dition du festival \u00ab\u00a0Cin\u00e9 Regards Africains\u00a0\u00bb se tiendra du vendredi 26 novembre au dimanche 5 d\u00e9cembre 2021. Nous travaillons \u00e0 l\u2019\u00e9laboration du programme qui sera consultable sur notre site Web d\u00e9but septembre.\u2026","rel":"","context":"Dans &quot;Hors festival&quot;","block_context":{"text":"Hors festival","link":"https:\/\/asurb.com\/asurb3\/?cat=10"},"img":{"alt_text":"","src":"","width":0,"height":0},"classes":[]}],"_links":{"self":[{"href":"https:\/\/asurb.com\/asurb3\/index.php?rest_route=\/wp\/v2\/posts\/4042","targetHints":{"allow":["GET"]}}],"collection":[{"href":"https:\/\/asurb.com\/asurb3\/index.php?rest_route=\/wp\/v2\/posts"}],"about":[{"href":"https:\/\/asurb.com\/asurb3\/index.php?rest_route=\/wp\/v2\/types\/post"}],"author":[{"embeddable":true,"href":"https:\/\/asurb.com\/asurb3\/index.php?rest_route=\/wp\/v2\/users\/1"}],"replies":[{"embeddable":true,"href":"https:\/\/asurb.com\/asurb3\/index.php?rest_route=%2Fwp%2Fv2%2Fcomments&post=4042"}],"version-history":[{"count":3,"href":"https:\/\/asurb.com\/asurb3\/index.php?rest_route=\/wp\/v2\/posts\/4042\/revisions"}],"predecessor-version":[{"id":4235,"href":"https:\/\/asurb.com\/asurb3\/index.php?rest_route=\/wp\/v2\/posts\/4042\/revisions\/4235"}],"wp:attachment":[{"href":"https:\/\/asurb.com\/asurb3\/index.php?rest_route=%2Fwp%2Fv2%2Fmedia&parent=4042"}],"wp:term":[{"taxonomy":"category","embeddable":true,"href":"https:\/\/asurb.com\/asurb3\/index.php?rest_route=%2Fwp%2Fv2%2Fcategories&post=4042"},{"taxonomy":"post_tag","embeddable":true,"href":"https:\/\/asurb.com\/asurb3\/index.php?rest_route=%2Fwp%2Fv2%2Ftags&post=4042"}],"curies":[{"name":"wp","href":"https:\/\/api.w.org\/{rel}","templated":true}]}}