{"id":4528,"date":"2025-08-31T15:23:40","date_gmt":"2025-08-31T13:23:40","guid":{"rendered":"https:\/\/asurb.com\/asurb3\/?p=4528"},"modified":"2025-11-01T14:46:18","modified_gmt":"2025-11-01T13:46:18","slug":"festival-cine-regards-africains-2025","status":"publish","type":"post","link":"https:\/\/asurb.com\/asurb3\/?p=4528","title":{"rendered":"Festival Cin\u00e9 Regards Africains 2025 : un aper\u00e7u du programme"},"content":{"rendered":"\n\n\n<p><img data-recalc-dims=\"1\" loading=\"lazy\" decoding=\"async\" data-attachment-id=\"4529\" data-permalink=\"https:\/\/asurb.com\/asurb3\/?attachment_id=4529\" data-orig-file=\"https:\/\/i0.wp.com\/asurb.com\/asurb3\/wp-content\/uploads\/2025\/08\/Flyer-2025A-1.jpg?fit=1753%2C1240&amp;ssl=1\" data-orig-size=\"1753,1240\" data-comments-opened=\"1\" data-image-meta=\"{&quot;aperture&quot;:&quot;0&quot;,&quot;credit&quot;:&quot;&quot;,&quot;camera&quot;:&quot;&quot;,&quot;caption&quot;:&quot;&quot;,&quot;created_timestamp&quot;:&quot;0&quot;,&quot;copyright&quot;:&quot;&quot;,&quot;focal_length&quot;:&quot;0&quot;,&quot;iso&quot;:&quot;0&quot;,&quot;shutter_speed&quot;:&quot;0&quot;,&quot;title&quot;:&quot;&quot;,&quot;orientation&quot;:&quot;0&quot;}\" data-image-title=\"Flyer 2025A-1\" data-image-description=\"\" data-image-caption=\"\" data-large-file=\"https:\/\/i0.wp.com\/asurb.com\/asurb3\/wp-content\/uploads\/2025\/08\/Flyer-2025A-1.jpg?fit=900%2C636&amp;ssl=1\" class=\" wp-image-4529 aligncenter\" src=\"https:\/\/i0.wp.com\/asurb.com\/asurb3\/wp-content\/uploads\/2025\/08\/Flyer-2025A-1.jpg?resize=782%2C552&#038;ssl=1\" alt=\"\" width=\"782\" height=\"552\" srcset=\"https:\/\/i0.wp.com\/asurb.com\/asurb3\/wp-content\/uploads\/2025\/08\/Flyer-2025A-1.jpg?resize=300%2C212&amp;ssl=1 300w, https:\/\/i0.wp.com\/asurb.com\/asurb3\/wp-content\/uploads\/2025\/08\/Flyer-2025A-1.jpg?resize=1024%2C724&amp;ssl=1 1024w, https:\/\/i0.wp.com\/asurb.com\/asurb3\/wp-content\/uploads\/2025\/08\/Flyer-2025A-1.jpg?resize=100%2C71&amp;ssl=1 100w, https:\/\/i0.wp.com\/asurb.com\/asurb3\/wp-content\/uploads\/2025\/08\/Flyer-2025A-1.jpg?resize=1536%2C1087&amp;ssl=1 1536w, https:\/\/i0.wp.com\/asurb.com\/asurb3\/wp-content\/uploads\/2025\/08\/Flyer-2025A-1.jpg?resize=1320%2C934&amp;ssl=1 1320w, https:\/\/i0.wp.com\/asurb.com\/asurb3\/wp-content\/uploads\/2025\/08\/Flyer-2025A-1.jpg?w=1753&amp;ssl=1 1753w\" sizes=\"auto, (max-width: 782px) 100vw, 782px\" \/><\/p>\n","protected":false},"excerpt":{"rendered":"","protected":false},"author":1,"featured_media":0,"comment_status":"open","ping_status":"open","sticky":false,"template":"","format":"standard","meta":{"_jetpack_memberships_contains_paid_content":false,"footnotes":"","jetpack_publicize_message":"","jetpack_publicize_feature_enabled":true,"jetpack_social_post_already_shared":true,"jetpack_social_options":{"image_generator_settings":{"template":"highway","default_image_id":0,"font":"","enabled":false},"version":2}},"categories":[9],"tags":[25],"class_list":["post-4528","post","type-post","status-publish","format-standard","hentry","category-festival","tag-festival-2025"],"jetpack_publicize_connections":[],"jetpack_featured_media_url":"","jetpack_sharing_enabled":true,"jetpack_shortlink":"https:\/\/wp.me\/p7C6tF-1b2","jetpack-related-posts":[{"id":4969,"url":"https:\/\/asurb.com\/asurb3\/?p=4969","url_meta":{"origin":4528,"position":0},"title":"Palmar\u00e8s du Festival Cin\u00e9 Regards Africains 2025","author":"webmaster","date":"2 d\u00e9cembre 2025","format":false,"excerpt":"","rel":"","context":"Dans &quot;Festival&quot;","block_context":{"text":"Festival","link":"https:\/\/asurb.com\/asurb3\/?cat=9"},"img":{"alt_text":"","src":"https:\/\/i0.wp.com\/asurb.com\/asurb3\/wp-content\/uploads\/2025\/12\/Communique-presse-2025-300x212.jpg?resize=350%2C200&ssl=1","width":350,"height":200,"srcset":"https:\/\/i0.wp.com\/asurb.com\/asurb3\/wp-content\/uploads\/2025\/12\/Communique-presse-2025-300x212.jpg?resize=350%2C200&ssl=1 1x, https:\/\/i0.wp.com\/asurb.com\/asurb3\/wp-content\/uploads\/2025\/12\/Communique-presse-2025-300x212.jpg?resize=525%2C300&ssl=1 1.5x"},"classes":[]},{"id":1508,"url":"https:\/\/asurb.com\/asurb3\/?p=1508","url_meta":{"origin":4528,"position":1},"title":"Afrique sur Bi\u00e8vre \u00e0 Ouagadougou. Images du Fespaco","author":"webmaster","date":"17 mars 2017","format":false,"excerpt":"Nous \u00e9tions 7 membres d\u2019Afrique sur Bi\u00e8vre \u00e0 participer, du 25 f\u00e9vrier au 4 mars 2017, au Festival Panafricain du Cin\u00e9ma et de la t\u00e9l\u00e9vision de Ouagadougou (FESPACO) au Burkina Faso. Ce festival, qui a lieu tous les deux ans, est un lieu important essentiel pour d\u00e9couvrir les films r\u00e9cents\u2026","rel":"","context":"Dans &quot;Hors festival&quot;","block_context":{"text":"Hors festival","link":"https:\/\/asurb.com\/asurb3\/?cat=10"},"img":{"alt_text":"P1010797","src":"https:\/\/i0.wp.com\/asurb.com\/asurb3\/wp-content\/uploads\/2017\/03\/P1010797-300x169.jpg?resize=350%2C200&ssl=1","width":350,"height":200},"classes":[]},{"id":4071,"url":"https:\/\/asurb.com\/asurb3\/?p=4071","url_meta":{"origin":4528,"position":2},"title":"\u00c0 vos agendas !","author":"webmaster","date":"7 juin 2024","format":false,"excerpt":"L\u2019\u00e9quipe b\u00e9n\u00e9vole de l'association Afrique sur Bi\u00e8vre pr\u00e9pare activement la 18\u00e8me \u00e9dition du festival Cin\u00e9 Regards Africains. Le festival se d\u00e9roulera dans les salles de cin\u00e9ma partenaires du 21 novembre au 30 novembre 2025. Retenez bien ces dates pour voir notre s\u00e9lection de films en festival !","rel":"","context":"Dans &quot;Festival&quot;","block_context":{"text":"Festival","link":"https:\/\/asurb.com\/asurb3\/?cat=9"},"img":{"alt_text":"","src":"https:\/\/i0.wp.com\/asurb.com\/asurb3\/wp-content\/uploads\/2024\/06\/FLyer-300x217.jpg?resize=350%2C200&ssl=1","width":350,"height":200,"srcset":"https:\/\/i0.wp.com\/asurb.com\/asurb3\/wp-content\/uploads\/2024\/06\/FLyer-300x217.jpg?resize=350%2C200&ssl=1 1x, https:\/\/i0.wp.com\/asurb.com\/asurb3\/wp-content\/uploads\/2024\/06\/FLyer-300x217.jpg?resize=525%2C300&ssl=1 1.5x"},"classes":[]},{"id":4503,"url":"https:\/\/asurb.com\/asurb3\/?p=4503","url_meta":{"origin":4528,"position":3},"title":"Bonne ann\u00e9e 2025","author":"webmaster","date":"1 f\u00e9vrier 2025","format":false,"excerpt":"L'\u00e9quipe d'Afrique sur Bi\u00e8vre, organisatrice du festival \"Cin\u00e9 Regards Africains\", vous souhaite une tr\u00e8s bonne ann\u00e9e 2025, pleine de d\u00e9couvertes cin\u00e9matographiques, et vous donne rendez-vous en novembre 2025, pour le prochain festival.","rel":"","context":"Dans &quot;Non class\u00e9&quot;","block_context":{"text":"Non class\u00e9","link":"https:\/\/asurb.com\/asurb3\/?cat=1"},"img":{"alt_text":"","src":"https:\/\/i0.wp.com\/asurb.com\/asurb3\/wp-content\/uploads\/2025\/01\/20241201-Photo-de-lequipe-sur-scene_1000012923-R-300x211.jpg?resize=350%2C200&ssl=1","width":350,"height":200},"classes":[]},{"id":1,"url":"https:\/\/asurb.com\/asurb3\/?p=1","url_meta":{"origin":4528,"position":4},"title":"Festival 2016","author":"webmaster","date":"30 mai 2016","format":false,"excerpt":"La 10 e \u00e9dition du festival Cin\u00e9 Regards Africains organis\u00e9 par\u00a0l'association Afrique Sur Bi\u00e8vre aura lieu du vendredi 18 au dimanche 27 novembre 2016\u00a0dans les communes du Val de Bi\u00e8vre. Le programme est disponible sur https:\/\/asurb.com","rel":"","context":"Dans &quot;Festival&quot;","block_context":{"text":"Festival","link":"https:\/\/asurb.com\/asurb3\/?cat=9"},"img":{"alt_text":"Masque_TitreRubriq-2016","src":"https:\/\/i0.wp.com\/asurb.com\/asurb3\/wp-content\/uploads\/2016\/05\/Masque_TitreRubriq-2016.jpg?resize=350%2C200&ssl=1","width":350,"height":200},"classes":[]},{"id":4702,"url":"https:\/\/asurb.com\/asurb3\/?p=4702","url_meta":{"origin":4528,"position":5},"title":"Programme du festival : Cin\u00e9 regards Africains 2025","author":"webmaster","date":"14 novembre 2025","format":false,"excerpt":"Programme du festival 2025 L\u2019\u00e9quipe b\u00e9n\u00e9vole de l\u2019association Afrique sur Bi\u00e8vre\u00a0 a pr\u00e9par\u00e9 pour vous la 18\u00e8me \u00e9dition du festival Cin\u00e9 Regards Africains. Le festival se d\u00e9roulera dans les salles de cin\u00e9ma partenaires du 21 novembre au 30 novembre 2025. Retenez bien ces dates pour voir notre s\u00e9lection de films\u2026","rel":"","context":"Dans &quot;Festival&quot;","block_context":{"text":"Festival","link":"https:\/\/asurb.com\/asurb3\/?cat=9"},"img":{"alt_text":"","src":"https:\/\/i0.wp.com\/asurb.com\/asurb3\/wp-content\/uploads\/2025\/10\/Affiche-2025-215x300.jpg?resize=350%2C200&ssl=1","width":350,"height":200},"classes":[]}],"_links":{"self":[{"href":"https:\/\/asurb.com\/asurb3\/index.php?rest_route=\/wp\/v2\/posts\/4528","targetHints":{"allow":["GET"]}}],"collection":[{"href":"https:\/\/asurb.com\/asurb3\/index.php?rest_route=\/wp\/v2\/posts"}],"about":[{"href":"https:\/\/asurb.com\/asurb3\/index.php?rest_route=\/wp\/v2\/types\/post"}],"author":[{"embeddable":true,"href":"https:\/\/asurb.com\/asurb3\/index.php?rest_route=\/wp\/v2\/users\/1"}],"replies":[{"embeddable":true,"href":"https:\/\/asurb.com\/asurb3\/index.php?rest_route=%2Fwp%2Fv2%2Fcomments&post=4528"}],"version-history":[{"count":4,"href":"https:\/\/asurb.com\/asurb3\/index.php?rest_route=\/wp\/v2\/posts\/4528\/revisions"}],"predecessor-version":[{"id":4589,"href":"https:\/\/asurb.com\/asurb3\/index.php?rest_route=\/wp\/v2\/posts\/4528\/revisions\/4589"}],"wp:attachment":[{"href":"https:\/\/asurb.com\/asurb3\/index.php?rest_route=%2Fwp%2Fv2%2Fmedia&parent=4528"}],"wp:term":[{"taxonomy":"category","embeddable":true,"href":"https:\/\/asurb.com\/asurb3\/index.php?rest_route=%2Fwp%2Fv2%2Fcategories&post=4528"},{"taxonomy":"post_tag","embeddable":true,"href":"https:\/\/asurb.com\/asurb3\/index.php?rest_route=%2Fwp%2Fv2%2Ftags&post=4528"}],"curies":[{"name":"wp","href":"https:\/\/api.w.org\/{rel}","templated":true}]}}