{"id":644,"date":"2016-06-13T16:01:14","date_gmt":"2016-06-13T14:01:14","guid":{"rendered":"http:\/\/www.test.asurb.com\/?p=644"},"modified":"2016-11-28T17:27:41","modified_gmt":"2016-11-28T16:27:41","slug":"afrique-sur-bievre-a-lhay-les-roses-le-21-mai-2016","status":"publish","type":"post","link":"https:\/\/asurb.com\/asurb3\/?p=644","title":{"rendered":"Afrique sur Bi\u00e8vre \u00e0 L\u2019Hay-les-Roses le 21 mai 2016"},"content":{"rendered":"<p style=\"text-align: justify;\">Le Conseil municipal des Jeunes de L\u2019Ha\u00ff- les- Roses a organis\u00e9 une manifestation le samedi 21 mai au Moulin de la Bi\u00e8vre autour des Cultures du Monde pour\u00a0 pr\u00e9senter au public plusieurs pays de la plan\u00e8te \u00e0 partir de travaux r\u00e9alis\u00e9s en ateliers\u00a0 et en partenariat avec des associations.<\/p>\n<p><strong>Dans le cadre de cet \u00e9v\u00e9nement, Afrique sur Bi\u00e8vre a organis\u00e9 la projection de trois courts-m\u00e9trages, un malien et deux alg\u00e9riens, et anim\u00e9 des \u00e9changes sur ces films avec les spectateurs.<\/strong><\/p>\n","protected":false},"excerpt":{"rendered":"<p>Le Conseil municipal des Jeunes de L\u2019Ha\u00ff- les- Roses a organis\u00e9 une manifestation le samedi 21 mai au Moulin de la Bi\u00e8vre autour des Cultures du Monde pour\u00a0 pr\u00e9senter au [&hellip;]<\/p>\n","protected":false},"author":1,"featured_media":0,"comment_status":"open","ping_status":"open","sticky":false,"template":"","format":"standard","meta":{"_jetpack_memberships_contains_paid_content":false,"footnotes":"","jetpack_publicize_message":"","jetpack_publicize_feature_enabled":true,"jetpack_social_post_already_shared":true,"jetpack_social_options":{"image_generator_settings":{"template":"highway","default_image_id":0,"font":"","enabled":false},"version":2}},"categories":[10],"tags":[],"class_list":["post-644","post","type-post","status-publish","format-standard","hentry","category-hors-festival"],"jetpack_publicize_connections":[],"jetpack_featured_media_url":"","jetpack_sharing_enabled":true,"jetpack_shortlink":"https:\/\/wp.me\/p7C6tF-ao","jetpack-related-posts":[{"id":1153,"url":"https:\/\/asurb.com\/asurb3\/?p=1153","url_meta":{"origin":644,"position":0},"title":"CRA 2016 au jour le jour : jeudi 24 novembre, La Tournelle, L&rsquo;Ha\u00ff les Roses","author":"webmaster","date":"25 novembre 2016","format":false,"excerpt":"\"Dans ma t\u00eate un rond-point\", ce titre \u00e9nigmatique du documentaire de l'Alg\u00e9rien Hassen Ferhani, est tout \u00e0 fait\u00a0repr\u00e9sentatif de l'originalit\u00e9 du film. Si le cadre des abattoirs d'Alger renvoie bien \u00e0 des activit\u00e9s professionnelles r\u00e9alistes, c'est davantage \u00e0 ce que disent, ce que pensent, ce que ressentent les personnages, avec\u2026","rel":"","context":"Dans &quot;Festival&quot;","block_context":{"text":"Festival","link":"https:\/\/asurb.com\/asurb3\/?cat=9"},"img":{"alt_text":"","src":"","width":0,"height":0},"classes":[]},{"id":1177,"url":"https:\/\/asurb.com\/asurb3\/?p=1177","url_meta":{"origin":644,"position":1},"title":"Un article de Michel Amarger","author":"webmaster","date":"28 novembre 2016","format":false,"excerpt":"Dans la revue Images francophones, \u00e0 la date du 23\/11\/2016, dans son article \"Tremplin pour deux r\u00e9alisatrices africaines\", Michel Amarger* rappelle les objectifs du concours de courts-m\u00e9trages organis\u00e9 par Afrique sur Bi\u00e8vre, et communique les longues interviews qu'il a r\u00e9alis\u00e9es avec les deux laur\u00e9ates. \u2022\u00a0Tremplin pour deux r\u00e9alisatrices africaines *Michel\u00a0\u2026","rel":"","context":"Dans &quot;Autour du festival&quot;","block_context":{"text":"Autour du festival","link":"https:\/\/asurb.com\/asurb3\/?cat=12"},"img":{"alt_text":"michelamarger","src":"https:\/\/i0.wp.com\/asurb.com\/asurb3\/wp-content\/uploads\/2016\/11\/MichelAmarger-100x82.jpg?resize=350%2C200&ssl=1","width":350,"height":200},"classes":[]},{"id":1608,"url":"https:\/\/asurb.com\/asurb3\/?p=1608","url_meta":{"origin":644,"position":2},"title":"Afrique sur Bi\u00e8vre au festival Cin\u00e9mas d&rsquo;Afrique d&rsquo;Angers  (16-21 mai 2017)","author":"webmaster","date":"18 mai 2017","format":false,"excerpt":"Afrique sur Bi\u00e8vre \u00e9tait cette ann\u00e9e encore \u00e0 Angers pour la 16e \u00e9dition du Festival Cin\u00e9mas d\u2019Afrique\u00a0. Organis\u00e9e par la dynamique association Cultures et Cin\u00e9mas d\u2019Afrique avec le soutien de la ville, du d\u00e9partement et de la r\u00e9gion Pays de la Loire ainsi que d\u2019autres partenaires, cette manifestation a lieu\u2026","rel":"","context":"Dans &quot;Activit\u00e9s&quot;","block_context":{"text":"Activit\u00e9s","link":"https:\/\/asurb.com\/asurb3\/?cat=4"},"img":{"alt_text":"","src":"","width":0,"height":0},"classes":[]},{"id":2383,"url":"https:\/\/asurb.com\/asurb3\/?p=2383","url_meta":{"origin":644,"position":3},"title":"Afrique sur Bi\u00e8vre \u00e0 Clermont-Ferrand","author":"webmaster","date":"23 f\u00e9vrier 2019","format":false,"excerpt":"Le 41e Festival international du court m\u00e9trage de Clermont-Ferrand, le plus grand dans le monde, s\u2019est d\u00e9roul\u00e9 du 1er au 9 f\u00e9vrier 2019. Quarante ans apr\u00e8s sa cr\u00e9ation, l\u2019esprit d\u2019une communaut\u00e9 de cin\u00e9philes r\u00e8gne toujours \u00e0 Clermont-Ferrand. Dans cette ville de 142\u00a0000 habitants, le plus grand festival de courts m\u00e9trages\u2026","rel":"","context":"Dans &quot;Activit\u00e9s&quot;","block_context":{"text":"Activit\u00e9s","link":"https:\/\/asurb.com\/asurb3\/?cat=4"},"img":{"alt_text":"","src":"https:\/\/i0.wp.com\/asurb.com\/asurb3\/wp-content\/uploads\/2019\/05\/Affiche2019-sslogos-RVB-BD-716x1024-210x300.jpg?resize=350%2C200","width":350,"height":200},"classes":[]},{"id":1,"url":"https:\/\/asurb.com\/asurb3\/?p=1","url_meta":{"origin":644,"position":4},"title":"Festival 2016","author":"webmaster","date":"30 mai 2016","format":false,"excerpt":"La 10 e \u00e9dition du festival Cin\u00e9 Regards Africains organis\u00e9 par\u00a0l'association Afrique Sur Bi\u00e8vre aura lieu du vendredi 18 au dimanche 27 novembre 2016\u00a0dans les communes du Val de Bi\u00e8vre. Le programme est disponible sur https:\/\/asurb.com","rel":"","context":"Dans &quot;Festival&quot;","block_context":{"text":"Festival","link":"https:\/\/asurb.com\/asurb3\/?cat=9"},"img":{"alt_text":"Masque_TitreRubriq-2016","src":"https:\/\/i0.wp.com\/asurb.com\/asurb3\/wp-content\/uploads\/2016\/05\/Masque_TitreRubriq-2016.jpg?resize=350%2C200&ssl=1","width":350,"height":200},"classes":[]},{"id":2790,"url":"https:\/\/asurb.com\/asurb3\/?p=2790","url_meta":{"origin":644,"position":5},"title":"AUTOUR DU FESTIVAL CRA 2019","author":"webmaster","date":"9 d\u00e9cembre 2019","format":false,"excerpt":"Samedi 9 novembre 2019 - Centre socioculturel Maison Coust\u00e9 Projection de WALLAY du r\u00e9alisateur burkinab\u00e9 Berni Goldblat Le samedi 9 novembre, la directrice, M\u00e9riem El Badraoui, et toute son \u00e9quipe, accueillaient une assistance nombreuse \u00e0 la maison Coust\u00e9 pour une s\u00e9ance de cin\u00e9ma. Le partenariat du centre socioculturel et de\u2026","rel":"","context":"Dans &quot;Autour du festival&quot;","block_context":{"text":"Autour du festival","link":"https:\/\/asurb.com\/asurb3\/?cat=12"},"img":{"alt_text":"","src":"https:\/\/i0.wp.com\/asurb.com\/asurb3\/wp-content\/uploads\/2019\/12\/20191109_161655-300x225.jpg?resize=350%2C200","width":350,"height":200},"classes":[]}],"_links":{"self":[{"href":"https:\/\/asurb.com\/asurb3\/index.php?rest_route=\/wp\/v2\/posts\/644","targetHints":{"allow":["GET"]}}],"collection":[{"href":"https:\/\/asurb.com\/asurb3\/index.php?rest_route=\/wp\/v2\/posts"}],"about":[{"href":"https:\/\/asurb.com\/asurb3\/index.php?rest_route=\/wp\/v2\/types\/post"}],"author":[{"embeddable":true,"href":"https:\/\/asurb.com\/asurb3\/index.php?rest_route=\/wp\/v2\/users\/1"}],"replies":[{"embeddable":true,"href":"https:\/\/asurb.com\/asurb3\/index.php?rest_route=%2Fwp%2Fv2%2Fcomments&post=644"}],"version-history":[{"count":1,"href":"https:\/\/asurb.com\/asurb3\/index.php?rest_route=\/wp\/v2\/posts\/644\/revisions"}],"predecessor-version":[{"id":645,"href":"https:\/\/asurb.com\/asurb3\/index.php?rest_route=\/wp\/v2\/posts\/644\/revisions\/645"}],"wp:attachment":[{"href":"https:\/\/asurb.com\/asurb3\/index.php?rest_route=%2Fwp%2Fv2%2Fmedia&parent=644"}],"wp:term":[{"taxonomy":"category","embeddable":true,"href":"https:\/\/asurb.com\/asurb3\/index.php?rest_route=%2Fwp%2Fv2%2Fcategories&post=644"},{"taxonomy":"post_tag","embeddable":true,"href":"https:\/\/asurb.com\/asurb3\/index.php?rest_route=%2Fwp%2Fv2%2Ftags&post=644"}],"curies":[{"name":"wp","href":"https:\/\/api.w.org\/{rel}","templated":true}]}}